{"id":10517,"date":"2018-03-23T12:00:16","date_gmt":"2018-03-23T16:00:16","guid":{"rendered":"http:\/\/www.albilegeant.com\/articles\/?p=10517"},"modified":"2018-08-03T11:49:39","modified_gmt":"2018-08-03T15:49:39","slug":"nouveau-ram-1500-2019-plus-fort-et-plus-luxueux","status":"publish","type":"post","link":"https:\/\/www.albilegeant.com\/articles\/blogue\/nouveau-ram-1500-2019-plus-fort-et-plus-luxueux\/","title":{"rendered":"Nouveau Ram 1500 2019, plus fort et plus luxueux"},"content":{"rendered":"<p>Le nouveau RAM est une v\u00e9ritable star. La camionnette, pr\u00e9sent\u00e9e en grande premi\u00e8re plus t\u00f4t cette ann\u00e9e, a subi une refonte compl\u00e8te et compte bien conserver la place qu\u2019elle occupe dans ce march\u00e9 fort comp\u00e9titif des camionnettes plein format.<\/p>\n<p>Pour y parvenir, la camionnette s\u2019est modernis\u00e9e \u00e0 tous les points de vue. <!--more-->Elle offre un nouveau design, propose de nouvelles capacit\u00e9s de travail, mais est aussi remplie de nouvelle technologie.<\/p>\n<p>Sous le capot de la version la plus \u00e9lev\u00e9e, un moteur V8 5,7 litres HEMI d\u00e9j\u00e0 familier pour les amateurs de camionnette. Il d\u00e9veloppe 395 chevaux et 410 livres-pied de couple. Il est reli\u00e9 \u00e0 une boite automatique 8 rapports. \u00a0Une version de base met plut\u00f4t en \u00e9vidence le moteur Pentastar V6 3,6 litres utilis\u00e9 sur d\u2019autres v\u00e9hicules de la famille.<\/p>\n<p>Mais attention, le RAM mise aussi sur l\u2019\u00e9conomie de carburant en proposant un mod\u00e8le \u00e0 hybridation l\u00e9g\u00e8re. En quelques mots, il s\u2019agit d\u2019un syst\u00e8me qui ajoute un bloc-batterie de 48 volts qui contribue \u00e0 all\u00e9ger l\u2019activation du v\u00e9hicule, et peux ajouter jusqu\u2019\u00e0 130 livres-pied de couple. Rappelons aussi qu\u2019un moteur V8 \u00e0 cylindr\u00e9e variables est offert en option.<\/p>\n<p>Ainsi outill\u00e9, et en maximisant l\u2019effort du nouveau ch\u00e2ssis, le RAM est capable de remorquer jusqu\u2019\u00e0 5800 kilos et prendre en charge 1043 kilos. Tout cela en all\u00e9geant sa carcasse de quelque 100 kilos!<\/p>\n<p>Du point de vue technologique, on ne peut oublier les suspensions pneumatiques Active Level qui permettent d\u2019abaisser le camion de quelque 12,7 centim\u00e8tres au besoin. Il faut aussi ajouter les volets de calandre amovibles, qui s\u2019ouvrent ou se ferment au besoin.<\/p>\n<p>L\u2019habitacle du camion a aussi \u00e9t\u00e9 totalement revu, les si\u00e8ges offrant un meilleur support. Un syst\u00e8me Uconnect revis\u00e9 permet aussi de faciliter l\u2019usage.<\/p>\n<p>Pr\u00e9cisons en terminant que le RAM est disponibles en plus d\u00e9clinaisons, incluant le RAM Rebel, la version hors-route incluant des suspensions adaptables et une silhouette unique, et le RAM Sport, une exclusivit\u00e9 canadienne.<\/p>\n<p>Le RAM 1500 s\u2019est d\u00e9finitivement am\u00e9lior\u00e9 pour 2019. Mais ne prenez pas notre parole, lisez plut\u00f4t ce que les experts en pensent!<\/p>\n<p>&nbsp;<\/p>\n<ul>\n<li>David Miller \u2013 Guide de l\u2019auto \u00ab\u00a0Ram 1500 2019 : le mariage d\u2019un camion et du luxe \u00bb<\/li>\n<\/ul>\n<p><a href=\"https:\/\/www.guideautoweb.com\/articles\/45815\/ram-1500-2019-le-mariage-d-un-camion-et-du-luxe\/\">https:\/\/www.guideautoweb.com\/articles\/45815\/ram-1500-2019-le-mariage-d-un-camion-et-du-luxe\/<\/a><\/p>\n<p>&nbsp;<\/p>\n<ul>\n<li>Fr\u00e9d\u00e9ric Mercier, Journal de Montr\u00e9al \u00ab\u00a0Plus am\u00e9ricain que \u00e7a, tu meurs \u00bb<\/li>\n<\/ul>\n<p><a href=\"http:\/\/www.journaldemontreal.com\/2018\/03\/16\/ram-1500-2019-plus-americain-que-ca-tu-meurs\">http:\/\/www.journaldemontreal.com\/2018\/03\/16\/ram-1500-2019-plus-americain-que-ca-tu-meurs<\/a><\/p>\n","protected":false},"excerpt":{"rendered":"<p>Le nouveau RAM est une v\u00e9ritable star. La camionnette, pr\u00e9sent\u00e9e en grande premi\u00e8re plus t\u00f4t cette ann\u00e9e, a subi une refonte compl\u00e8te et compte bien conserver la place qu\u2019elle occupe dans ce march\u00e9 fort comp\u00e9titif des camionnettes plein format. Pour y parvenir, la camionnette s\u2019est modernis\u00e9e \u00e0 tous les points de vue.<\/p>\n","protected":false},"author":5,"featured_media":10518,"comment_status":"open","ping_status":"open","sticky":false,"template":"","format":"standard","meta":{"footnotes":""},"categories":[6],"tags":[166,139,12],"class_list":["post-10517","post","type-post","status-publish","format-standard","has-post-thumbnail","hentry","category-blogue","tag-camion","tag-ram","tag-ram-1500"],"_links":{"self":[{"href":"https:\/\/www.albilegeant.com\/articles\/wp-json\/wp\/v2\/posts\/10517","targetHints":{"allow":["GET"]}}],"collection":[{"href":"https:\/\/www.albilegeant.com\/articles\/wp-json\/wp\/v2\/posts"}],"about":[{"href":"https:\/\/www.albilegeant.com\/articles\/wp-json\/wp\/v2\/types\/post"}],"author":[{"embeddable":true,"href":"https:\/\/www.albilegeant.com\/articles\/wp-json\/wp\/v2\/users\/5"}],"replies":[{"embeddable":true,"href":"https:\/\/www.albilegeant.com\/articles\/wp-json\/wp\/v2\/comments?post=10517"}],"version-history":[{"count":2,"href":"https:\/\/www.albilegeant.com\/articles\/wp-json\/wp\/v2\/posts\/10517\/revisions"}],"predecessor-version":[{"id":10897,"href":"https:\/\/www.albilegeant.com\/articles\/wp-json\/wp\/v2\/posts\/10517\/revisions\/10897"}],"wp:featuredmedia":[{"embeddable":true,"href":"https:\/\/www.albilegeant.com\/articles\/wp-json\/wp\/v2\/media\/10518"}],"wp:attachment":[{"href":"https:\/\/www.albilegeant.com\/articles\/wp-json\/wp\/v2\/media?parent=10517"}],"wp:term":[{"taxonomy":"category","embeddable":true,"href":"https:\/\/www.albilegeant.com\/articles\/wp-json\/wp\/v2\/categories?post=10517"},{"taxonomy":"post_tag","embeddable":true,"href":"https:\/\/www.albilegeant.com\/articles\/wp-json\/wp\/v2\/tags?post=10517"}],"curies":[{"name":"wp","href":"https:\/\/api.w.org\/{rel}","templated":true}]}}