{"id":10623,"date":"2018-05-31T15:52:46","date_gmt":"2018-05-31T19:52:46","guid":{"rendered":"http:\/\/www.albilegeant.com\/articles\/?p=10623"},"modified":"2018-06-01T09:28:26","modified_gmt":"2018-06-01T13:28:26","slug":"kia-presente-son-niro-electrique","status":"publish","type":"post","link":"https:\/\/www.albilegeant.com\/articles\/actualites\/kia-presente-son-niro-electrique\/","title":{"rendered":"Kia pr\u00e9sente son Niro \u00e9lectrique"},"content":{"rendered":"<p>Kia a sorti les premi\u00e8res images de son nouveau petit multisegment \u00e9lectrique, le <a title=\"ALBI Kia\" href=\"http:\/\/www.albikia.com\/fr\/\" target=\"_blank\">Kia Niro<\/a>, qui doit \u00eatre pr\u00e9sent\u00e9 pour la premi\u00e8re fois au salon de Paris en septembre, avant d&rsquo;\u00eatre commercialis\u00e9 sur le march\u00e9 int\u00e9rieur cor\u00e9en. Il sera ensuite exp\u00e9di\u00e9 aux quatre coins du monde, incluant l\u2019Am\u00e9rique du Nord et le Canada qui, pour le moment, ne dispose que de la version hybride du Kia Niro.<!--more--><\/p>\n<p>Le design du Kia Niro \u00e9lectrique d\u00e9voil\u00e9 se rapproche \u00e9norm\u00e9ment de la premi\u00e8re version offerte un peu plus t\u00f4t cette ann\u00e9e au Consumer Electronic Show 2018 (CES) \u00e0 Las Vegas. Physiquement, le Niro EV est indiscernable de l&rsquo;hybride Niro r\u00e9gulier de c\u00f4t\u00e9 et de l&rsquo;arri\u00e8re, sauf pour les \u00e9tiquettes EV qui lui sont propres. La partie avant utilise les m\u00eames lignes que le Niro hybride, mais propose plut\u00f4t une grille recouverte, avec le rabat sur le coin gauche, dissimulant la prise de recharge du v\u00e9hicule.<\/p>\n<p>Con\u00e7ue de mani\u00e8re collaborative dans les studios de design Kia en Californie et en Cor\u00e9e, le Niro \u00e9lectrique EV dispose \u00e9galement de phares uniques, d&rsquo;entr\u00e9es d&rsquo;air inf\u00e9rieures dans le car\u00e9nage avant et de feux de position \u00e0 LED, ainsi que de garnitures bleu brillant.<\/p>\n<p>La puissance vient d&rsquo;un groupe motopropulseur EV de nouvelle g\u00e9n\u00e9ration qui utilise de nouvelles technologies de production sp\u00e9cifiques aux v\u00e9hicules Kia. Il dispose d&rsquo;une batterie au lithium polym\u00e8re de 39,2 kWh qui offre 240 km d\u2019autonomie. Un bloc-batterie optionnel est aussi offert aux consommateurs. Cette fois cependant, la capacit\u00e9 est beaucoup plus importante. Ainsi, la batterie de 64 kWh devrait fournir une autonomie de 380 kilom\u00e8tres sur une seule charge<\/p>\n<p>Bien s\u00fbr, les premi\u00e8res images du Kia Niro EV d\u00e9voilent quelques d\u00e9tails, mais il faut anticiper plus de photos d\u00e9taill\u00e9es au cours des prochains mois.\u00a0 Attendez cependant les informations compl\u00e8tes, y compris sur les niveaux d&rsquo;\u00e9quipement, lors de l&rsquo;introduction du v\u00e9hicule lors de l&rsquo;avant-premi\u00e8re m\u00e9diatique du Salon de Paris.<\/p>\n","protected":false},"excerpt":{"rendered":"<p>Kia a sorti les premi\u00e8res images de son nouveau petit multisegment \u00e9lectrique, le Kia Niro, qui doit \u00eatre pr\u00e9sent\u00e9 pour la premi\u00e8re fois au salon de Paris en septembre, avant d&rsquo;\u00eatre commercialis\u00e9 sur le march\u00e9 int\u00e9rieur cor\u00e9en. Il sera ensuite exp\u00e9di\u00e9 aux quatre coins du monde, incluant l\u2019Am\u00e9rique du Nord et le Canada qui, pour [&hellip;]<\/p>\n","protected":false},"author":5,"featured_media":0,"comment_status":"open","ping_status":"open","sticky":false,"template":"","format":"standard","meta":{"footnotes":""},"categories":[5],"tags":[],"class_list":["post-10623","post","type-post","status-publish","format-standard","hentry","category-actualites"],"_links":{"self":[{"href":"https:\/\/www.albilegeant.com\/articles\/wp-json\/wp\/v2\/posts\/10623","targetHints":{"allow":["GET"]}}],"collection":[{"href":"https:\/\/www.albilegeant.com\/articles\/wp-json\/wp\/v2\/posts"}],"about":[{"href":"https:\/\/www.albilegeant.com\/articles\/wp-json\/wp\/v2\/types\/post"}],"author":[{"embeddable":true,"href":"https:\/\/www.albilegeant.com\/articles\/wp-json\/wp\/v2\/users\/5"}],"replies":[{"embeddable":true,"href":"https:\/\/www.albilegeant.com\/articles\/wp-json\/wp\/v2\/comments?post=10623"}],"version-history":[{"count":2,"href":"https:\/\/www.albilegeant.com\/articles\/wp-json\/wp\/v2\/posts\/10623\/revisions"}],"predecessor-version":[{"id":10681,"href":"https:\/\/www.albilegeant.com\/articles\/wp-json\/wp\/v2\/posts\/10623\/revisions\/10681"}],"wp:attachment":[{"href":"https:\/\/www.albilegeant.com\/articles\/wp-json\/wp\/v2\/media?parent=10623"}],"wp:term":[{"taxonomy":"category","embeddable":true,"href":"https:\/\/www.albilegeant.com\/articles\/wp-json\/wp\/v2\/categories?post=10623"},{"taxonomy":"post_tag","embeddable":true,"href":"https:\/\/www.albilegeant.com\/articles\/wp-json\/wp\/v2\/tags?post=10623"}],"curies":[{"name":"wp","href":"https:\/\/api.w.org\/{rel}","templated":true}]}}