{"id":11969,"date":"2019-03-05T17:04:41","date_gmt":"2019-03-05T22:04:41","guid":{"rendered":"http:\/\/www.albilegeant.com\/articles\/?p=11969"},"modified":"2019-06-07T15:43:10","modified_gmt":"2019-06-07T19:43:10","slug":"mazda-cx-30-un-nouvel-utilitaire-sport","status":"publish","type":"post","link":"https:\/\/www.albilegeant.com\/articles\/actualites\/mazda-cx-30-un-nouvel-utilitaire-sport\/","title":{"rendered":"Mazda CX-30, un nouvel utilitaire sport"},"content":{"rendered":"<p>Il est plus grand que le CX-3, plus petit que le CX-5, mais n\u2019a rien en commun avec le Mazda CX-4 commercialis\u00e9 en Asie. Le nouveau utilitaire sport d\u00e9voil\u00e9 par Mazda au salon international de l\u2019auto de Gen\u00e8ve, le Mazda CX-30. Une nouveaut\u00e9 \u00e0 part enti\u00e8re et viendra compl\u00e9ter le portfolio <a href=\"https:\/\/www.albimazda.com\/fr\/?utm_source=blog&amp;utm_medium=referral&amp;utm_campaign=Blog_ALBI\">Mazda<\/a> en Am\u00e9rique et partout au monde.<\/p>\n<h3>Philosophie de design Kodo<\/h3>\n<p>\u00c0\u00a0 l\u2019instar des autres VUS Mazda, le petit CX-30 met en \u00e9vidence la philosophie de design Kodo, qui signifie en japonais l\u2019\u00e2me du mouvement, reprends les principaux traits caract\u00e9ristiques, incluant un long capot, une silhouette dynamique et athl\u00e9tique. La grille de calandre avant surdimensionn\u00e9e, encadr\u00e9e par des blocs optiques \u00e9troits et styl\u00e9s, viennent compl\u00e9ter l\u2019allure g\u00e9n\u00e9rale du v\u00e9hicule.<\/p>\n<p><img loading=\"lazy\" decoding=\"async\" class=\"wp-image-11970 size-large aligncenter\" src=\"http:\/\/www.albilegeant.com\/articles\/wp-content\/uploads\/2019\/03\/mazda-cx30-2-1024x683.jpg\" alt=\"Le nouveau Mazda CX-30\" width=\"625\" height=\"417\" srcset=\"https:\/\/www.albilegeant.com\/articles\/wp-content\/uploads\/2019\/03\/mazda-cx30-2-1024x683.jpg 1024w, https:\/\/www.albilegeant.com\/articles\/wp-content\/uploads\/2019\/03\/mazda-cx30-2-300x200.jpg 300w, https:\/\/www.albilegeant.com\/articles\/wp-content\/uploads\/2019\/03\/mazda-cx30-2-768x512.jpg 768w, https:\/\/www.albilegeant.com\/articles\/wp-content\/uploads\/2019\/03\/mazda-cx30-2-624x416.jpg 624w\" sizes=\"auto, (max-width: 625px) 100vw, 625px\" \/><\/p>\n<h3>Un Mazda CX-30 performant, \u00e9conomique et s\u00e9curitaire<\/h3>\n<p>Peu de d\u00e9tails ont \u00e9t\u00e9 d\u00e9voil\u00e9s quant \u00e0 la\u00a0 motorisation qui animera le CX-30 au Canada. On sait qu\u2019il utilisera la technologie <a href=\"https:\/\/www.albilegeant.com\/articles\/blogue\/skyactiv-x-mazda-skyactiv-x-puissance-et-economie\/?utm_source=blog&amp;utm_medium=referral&amp;utm_campaign=Blog_ALBI\">SkyActiv-X<\/a> de Mazda. Un moteur dont l\u2019allumage est g\u00e9n\u00e9r\u00e9 par la compression plut\u00f4t que par une \u00e9tincelle, tout comme le font les moteurs diesel. Cette technologie propose un allumage plus rapide, moins \u00e9nergivore, et encore plus efficace. Le CX-30 partagera la m\u00e9canique de la nouvelle <a href=\"https:\/\/www.albimazda.com\/fr\/vehicule-neuf\/mazda3-2019\/?utm_source=blog&amp;utm_medium=referral&amp;utm_campaign=Blog_ALBI\">Mazda3 2019<\/a> qui fera son entr\u00e9e au d\u00e9but du printemps. Elle aura le droit \u00e0 un moteur 4 cylindres de 178 chevaux. Tout comme les autres membres de la famille, le Mazda CX-30 profitera aussi du contr\u00f4le vectoriel de la force G. Un syst\u00e8me destin\u00e9 \u00e0 mieux g\u00e9rer la conduite en utilisant le couple du moteur pour \u00e9liminer le roulis et rendre la direction plus pr\u00e9cise.<\/p>\n<p><img loading=\"lazy\" decoding=\"async\" class=\"aligncenter wp-image-11971 size-large\" src=\"http:\/\/www.albilegeant.com\/articles\/wp-content\/uploads\/2019\/03\/mazda-cx30-interieur-1024x683.jpg\" alt=\"L'int\u00e9rieur du nouvea Mazda CX-30\" width=\"625\" height=\"417\" srcset=\"https:\/\/www.albilegeant.com\/articles\/wp-content\/uploads\/2019\/03\/mazda-cx30-interieur-1024x683.jpg 1024w, https:\/\/www.albilegeant.com\/articles\/wp-content\/uploads\/2019\/03\/mazda-cx30-interieur-300x200.jpg 300w, https:\/\/www.albilegeant.com\/articles\/wp-content\/uploads\/2019\/03\/mazda-cx30-interieur-768x512.jpg 768w, https:\/\/www.albilegeant.com\/articles\/wp-content\/uploads\/2019\/03\/mazda-cx30-interieur-624x416.jpg 624w\" sizes=\"auto, (max-width: 625px) 100vw, 625px\" \/><\/p>\n<p>Seules les sp\u00e9cifications du march\u00e9 europ\u00e9en ont \u00e9t\u00e9 r\u00e9v\u00e9l\u00e9es, on sait d\u00e9j\u00e0 le CX-30 sera disponible dans le monde entier. En Europe, les acheteurs b\u00e9n\u00e9ficieront d\u2019une transmission manuelle optionnelle, ainsi qu&rsquo;un syst\u00e8me hybride l\u00e9ger de 24 volts. La transmission int\u00e9grale sera \u00e9galement disponible avec la distribution de couple GVC Plus.<\/p>\n<p>Aucune date n\u2019a \u00e9t\u00e9 annonc\u00e9e pour la commercialisation du Mazda CX-30 au pays.<\/p>\n","protected":false},"excerpt":{"rendered":"<p>Il est plus grand que le CX-3, plus petit que le CX-5, mais n\u2019a rien en commun avec le Mazda CX-4 commercialis\u00e9 en Asie. Le nouveau utilitaire sport d\u00e9voil\u00e9 par Mazda au salon international de l\u2019auto de Gen\u00e8ve, le Mazda CX-30. Une nouveaut\u00e9 \u00e0 part enti\u00e8re et viendra compl\u00e9ter le portfolio Mazda en Am\u00e9rique et [&hellip;]<\/p>\n","protected":false},"author":5,"featured_media":11972,"comment_status":"open","ping_status":"open","sticky":false,"template":"","format":"standard","meta":{"footnotes":""},"categories":[5],"tags":[],"class_list":["post-11969","post","type-post","status-publish","format-standard","has-post-thumbnail","hentry","category-actualites"],"_links":{"self":[{"href":"https:\/\/www.albilegeant.com\/articles\/wp-json\/wp\/v2\/posts\/11969","targetHints":{"allow":["GET"]}}],"collection":[{"href":"https:\/\/www.albilegeant.com\/articles\/wp-json\/wp\/v2\/posts"}],"about":[{"href":"https:\/\/www.albilegeant.com\/articles\/wp-json\/wp\/v2\/types\/post"}],"author":[{"embeddable":true,"href":"https:\/\/www.albilegeant.com\/articles\/wp-json\/wp\/v2\/users\/5"}],"replies":[{"embeddable":true,"href":"https:\/\/www.albilegeant.com\/articles\/wp-json\/wp\/v2\/comments?post=11969"}],"version-history":[{"count":8,"href":"https:\/\/www.albilegeant.com\/articles\/wp-json\/wp\/v2\/posts\/11969\/revisions"}],"predecessor-version":[{"id":12516,"href":"https:\/\/www.albilegeant.com\/articles\/wp-json\/wp\/v2\/posts\/11969\/revisions\/12516"}],"wp:featuredmedia":[{"embeddable":true,"href":"https:\/\/www.albilegeant.com\/articles\/wp-json\/wp\/v2\/media\/11972"}],"wp:attachment":[{"href":"https:\/\/www.albilegeant.com\/articles\/wp-json\/wp\/v2\/media?parent=11969"}],"wp:term":[{"taxonomy":"category","embeddable":true,"href":"https:\/\/www.albilegeant.com\/articles\/wp-json\/wp\/v2\/categories?post=11969"},{"taxonomy":"post_tag","embeddable":true,"href":"https:\/\/www.albilegeant.com\/articles\/wp-json\/wp\/v2\/tags?post=11969"}],"curies":[{"name":"wp","href":"https:\/\/api.w.org\/{rel}","templated":true}]}}