{"id":12334,"date":"2019-05-30T14:22:45","date_gmt":"2019-05-30T18:22:45","guid":{"rendered":"http:\/\/www.albilegeant.com\/articles\/?p=12334"},"modified":"2019-07-05T16:31:43","modified_gmt":"2019-07-05T20:31:43","slug":"kia-seltos-le-nouvel-utilitaire-sport","status":"publish","type":"post","link":"https:\/\/www.albilegeant.com\/articles\/actualites\/kia-seltos-le-nouvel-utilitaire-sport\/","title":{"rendered":"Kia Seltos, le nouvel utilitaire sport"},"content":{"rendered":"<p>Le nom ne vous dit peut-\u00eatre rien, mais ce n\u2019est qu\u2019une question de temps, puisque le mot Seltos sera probablement sur toutes les l\u00e8vres d\u2019ici quelques mois. Le Kia Seltos est le nouvel utilitaire sport de petit format de la famille cor\u00e9enne <a href=\"https:\/\/www.albikia.com\/fr\/?utm_source=blog&amp;utm_medium=referral&amp;utm_campaign=Blog_ALBI\">Kia<\/a>. Le nom et la silhouette viennent tout juste d\u2019\u00eatre d\u00e9voil\u00e9s.<\/p>\n<h2>Un ensemble unique sign\u00e9 Kia Seltos<\/h2>\n<p>Ce petit v\u00e9hicule, dont on avait annonc\u00e9 la venue depuis plusieurs mois, est un utilitaire sport sous-compact qui se glissera en dessous du <a href=\"https:\/\/www.albikia.com\/fr\/vehicule-neuf\/kia-sportage-2020\/?utm_source=blog&amp;utm_medium=referral&amp;utm_campaign=Blog_ALBI\">Kia Sportage<\/a>. Il viendra donc faire concurrence aux <a href=\"https:\/\/www.albimazda.com\/fr\/vehicule-neuf\/mazda-cx-3-2019\/?utm_source=blog&amp;utm_medium=referral&amp;utm_campaign=Blog_ALBI\">Mazda CX-3<\/a> et <a href=\"https:\/\/www.albihyundai.com\/fr\/vehicule-neuf\/hyundai-kona-2019\/?utm_source=blog&amp;utm_medium=referral&amp;utm_campaign=Blog_ALBI\">Hyundai Kona<\/a> de ce monde.<br \/>\nComme pr\u00e9vu, la silhouette de ce Seltos (appel\u00e9 auparavant SP2i) reste largement similaire au concept SP Signature. Ce mod\u00e8le a \u00e9t\u00e9 r\u00e9v\u00e9l\u00e9 lors du salon automobile de S\u00e9oul en 2019.<\/p>\n<h3>Une finition repoussant les limites<\/h3>\n<p>La calandre \u00aben nez de tigre\u00bb que l\u2019on retrouve sur la totalit\u00e9 des mod\u00e8les <a href=\"https:\/\/www.albikia.com\/fr\/?utm_source=blog&amp;utm_medium=referral&amp;utm_campaign=Blog_ALBI\">Kia<\/a>, occupe une place privil\u00e9gi\u00e9e \u00e0 l\u2019avant, entre des phares \u00e0 DEL pointus, apparemment reli\u00e9s par une barre lumineuse \u00e0 DEL plac\u00e9e au sommet de la calandre. La Kia Seltos arbore un toit contrast\u00e9 et des phares antibrouillard \u00e0 LED minces.<\/p>\n<h3>Puissance tout-terrain<\/h3>\n<p>Un autre point int\u00e9ressant \u00e0 noter est que la Kia Seltos aper\u00e7ue arbore les badges T-GDi et 4WD. Ce qui indique qu\u2019il y aura une version turbo essence et \u00e0 quatre roues motrices sur certains march\u00e9s. L\u2019un des croquis int\u00e9rieurs r\u00e9v\u00e9l\u00e9s r\u00e9cemment par <a href=\"https:\/\/www.albikia.com\/fr\/?utm_source=blog&amp;utm_medium=referral&amp;utm_campaign=Blog_ALBI\">Kia<\/a> a montr\u00e9 ce qui ressemblait \u00e0 un s\u00e9lecteur de mode de conduite avec le symbole \u2018Hors route\u2019 marqu\u00e9e au-dessus du cadran, ce qui indique que la Kia Seltos aura \u00e9galement un certain degr\u00e9 de capacit\u00e9 hors route.<\/p>\n<h3>Des \u00e9quipements \u00e0 la fine pointe de la technologie<\/h3>\n<p>L&rsquo;\u00e9quipement propos\u00e9 comprendra probablement un grand syst\u00e8me d&rsquo;infodivertissement \u00e0 \u00e9cran tactile, une cam\u00e9ra \u00e0 360 degr\u00e9s, une recharge sans fil et une connexion Wi-Fi dans la voiture. Un affichage t\u00eate haute et un ensemble d&rsquo;\u00e9clairage ambiant seront \u00e9galement propos\u00e9s dans la variante haut de gamme. Il est \u00e9videmment trop t\u00f4t pour en savoir davantage sur la motorisation disponible.<\/p>\n<p>Mais retenez votre souffle\u00a0: la r\u00e9v\u00e9lation mondiale est pr\u00e9vue pour le 29 juin.<\/p>\n","protected":false},"excerpt":{"rendered":"<p>Le nom ne vous dit peut-\u00eatre rien, mais ce n\u2019est qu\u2019une question de temps, puisque le mot Seltos sera probablement sur toutes les l\u00e8vres d\u2019ici quelques mois. Le Kia Seltos est le nouvel utilitaire sport de petit format de la famille cor\u00e9enne Kia. Le nom et la silhouette viennent tout juste d\u2019\u00eatre d\u00e9voil\u00e9s. Un ensemble [&hellip;]<\/p>\n","protected":false},"author":5,"featured_media":12335,"comment_status":"open","ping_status":"open","sticky":false,"template":"","format":"standard","meta":{"footnotes":""},"categories":[5],"tags":[703,51,855,886,756,31,887],"class_list":["post-12334","post","type-post","status-publish","format-standard","has-post-thumbnail","hentry","category-actualites","tag-cx-3","tag-kia","tag-kona","tag-seltos","tag-sportage","tag-technologie","tag-utilitaire-sport"],"_links":{"self":[{"href":"https:\/\/www.albilegeant.com\/articles\/wp-json\/wp\/v2\/posts\/12334","targetHints":{"allow":["GET"]}}],"collection":[{"href":"https:\/\/www.albilegeant.com\/articles\/wp-json\/wp\/v2\/posts"}],"about":[{"href":"https:\/\/www.albilegeant.com\/articles\/wp-json\/wp\/v2\/types\/post"}],"author":[{"embeddable":true,"href":"https:\/\/www.albilegeant.com\/articles\/wp-json\/wp\/v2\/users\/5"}],"replies":[{"embeddable":true,"href":"https:\/\/www.albilegeant.com\/articles\/wp-json\/wp\/v2\/comments?post=12334"}],"version-history":[{"count":8,"href":"https:\/\/www.albilegeant.com\/articles\/wp-json\/wp\/v2\/posts\/12334\/revisions"}],"predecessor-version":[{"id":12343,"href":"https:\/\/www.albilegeant.com\/articles\/wp-json\/wp\/v2\/posts\/12334\/revisions\/12343"}],"wp:featuredmedia":[{"embeddable":true,"href":"https:\/\/www.albilegeant.com\/articles\/wp-json\/wp\/v2\/media\/12335"}],"wp:attachment":[{"href":"https:\/\/www.albilegeant.com\/articles\/wp-json\/wp\/v2\/media?parent=12334"}],"wp:term":[{"taxonomy":"category","embeddable":true,"href":"https:\/\/www.albilegeant.com\/articles\/wp-json\/wp\/v2\/categories?post=12334"},{"taxonomy":"post_tag","embeddable":true,"href":"https:\/\/www.albilegeant.com\/articles\/wp-json\/wp\/v2\/tags?post=12334"}],"curies":[{"name":"wp","href":"https:\/\/api.w.org\/{rel}","templated":true}]}}