{"id":12914,"date":"2019-09-10T15:13:38","date_gmt":"2019-09-10T19:13:38","guid":{"rendered":"http:\/\/www.albilegeant.com\/articles\/?p=12914"},"modified":"2019-09-10T15:14:07","modified_gmt":"2019-09-10T19:14:07","slug":"le-futur-hyundai-45-au-salon-de-francfort","status":"publish","type":"post","link":"https:\/\/www.albilegeant.com\/articles\/actualites\/le-futur-hyundai-45-au-salon-de-francfort\/","title":{"rendered":"Le futur Hyundai 45 au salon de Francfort"},"content":{"rendered":"<p>Le salon international de l\u2019auto de Francfort est l\u2019un des plus importants du genre sur la plan\u00e8te. M\u00eame si cette ann\u00e9e, de nombreux manufacturiers ont choisi de ne pas s\u2019y pr\u00e9senter. Pour d\u2019autres, il s\u2019agit d\u2019une vitrine indispensable. C\u2019est le cas de <a href=\"https:\/\/www.albihyundai.com\/fr\/?utm_source=blog&amp;utm_medium=referral&amp;utm_campaign=Blog_ALBI\">Hyundai<\/a> qui a profit\u00e9 du salon de Francfort pour d\u00e9voiler son futur \u00e9lectrique avec la Hyundai 45!<\/p>\n<h2>La Hyundai 45 repr\u00e9sente le futur<\/h2>\n<p>Ce v\u00e9hicule est \u00e0 la fois une expression futuriste et une salutation au pass\u00e9. Elle est notamment bas\u00e9e sur\u00a0 le premier concept-car de l&rsquo;entreprise, la Pony Coupe, r\u00e9v\u00e9l\u00e9e il y a 45 ans lors du Salon de Turin de 1974. Et rappelez-vous \u00e0 quel point la Hyundai Pony a \u00e9t\u00e9 importante chez nous! On mise aussi sur un peu d\u2019inspiration Art D\u00e9co des ann\u00e9es 20.<\/p>\n<p>Le concept-car r\u00e9trofuturiste est bas\u00e9 sur la plate-forme modulaire Electric-Global de la soci\u00e9t\u00e9. Cette plate-forme sera officiellement utilis\u00e9e d\u00e8s l\u2019an prochain. La plateforme permettra aux clients de choisir l\u2019int\u00e9rieur, les pi\u00e8ces de quincaillerie et d\u2019autres \u00abcontenus\u00bb de leur v\u00e9hicule.<\/p>\n<p><img loading=\"lazy\" decoding=\"async\" class=\"alignnone size-large wp-image-12917\" src=\"http:\/\/www.albilegeant.com\/articles\/wp-content\/uploads\/2019\/09\/hyundai-45-2-1024x667.jpg\" alt=\"Hyundai 45\" width=\"625\" height=\"407\" srcset=\"https:\/\/www.albilegeant.com\/articles\/wp-content\/uploads\/2019\/09\/hyundai-45-2-1024x667.jpg 1024w, https:\/\/www.albilegeant.com\/articles\/wp-content\/uploads\/2019\/09\/hyundai-45-2-300x195.jpg 300w, https:\/\/www.albilegeant.com\/articles\/wp-content\/uploads\/2019\/09\/hyundai-45-2-768x500.jpg 768w, https:\/\/www.albilegeant.com\/articles\/wp-content\/uploads\/2019\/09\/hyundai-45-2-624x406.jpg 624w\" sizes=\"auto, (max-width: 625px) 100vw, 625px\" \/><\/p>\n<h3>L&rsquo;ext\u00e9rieur offre un style \u00e9pur\u00e9<\/h3>\n<p>Avec le logo <a href=\"https:\/\/www.albihyundai.com\/fr\/?utm_source=blog&amp;utm_medium=referral&amp;utm_campaign=Blog_ALBI\">Hyundai<\/a> illumin\u00e9 et un compteur LED qui montrent le niveau de batterie depuis l&rsquo;ext\u00e9rieur du v\u00e9hicule. Tout comme sur la Byton M-Byte ou la Honda e, des cam\u00e9ras ont remplac\u00e9 les r\u00e9troviseurs. C&rsquo;est gr\u00e2ce \u00e0 un syst\u00e8me de brosse que l&rsquo;on nettoie la salet\u00e9 et dissipe la bu\u00e9e.<\/p>\n<p><img loading=\"lazy\" decoding=\"async\" class=\"alignnone size-large wp-image-12918\" src=\"http:\/\/www.albilegeant.com\/articles\/wp-content\/uploads\/2019\/09\/hyundai-45-1-1024x683.jpg\" alt=\"Hyundai 45\" width=\"625\" height=\"417\" srcset=\"https:\/\/www.albilegeant.com\/articles\/wp-content\/uploads\/2019\/09\/hyundai-45-1-1024x683.jpg 1024w, https:\/\/www.albilegeant.com\/articles\/wp-content\/uploads\/2019\/09\/hyundai-45-1-300x200.jpg 300w, https:\/\/www.albilegeant.com\/articles\/wp-content\/uploads\/2019\/09\/hyundai-45-1-768x512.jpg 768w, https:\/\/www.albilegeant.com\/articles\/wp-content\/uploads\/2019\/09\/hyundai-45-1-624x416.jpg 624w\" sizes=\"auto, (max-width: 625px) 100vw, 625px\" \/><\/p>\n<h3>Un habitacle digne d&rsquo;un salon<\/h3>\n<p>Comme l\u2019a expliqu\u00e9 le concepteur au moment de la pr\u00e9sentation, l\u2019habitacle est destin\u00e9 \u00e0 devenir un v\u00e9ritable salon. Les passagers pourraient \u00eatre transport\u00e9s de fa\u00e7on compl\u00e8tement autonome et vaquer ainsi \u00e0 d&rsquo;autres occupations, avec des si\u00e8ges pouvant pivoter \u00e0 180 degr\u00e9s.<\/p>\n<p>Quant au syst\u00e8me de divertissement, ne cherchez pas un \u00e9cran tactile. Il est plut\u00f4t remplac\u00e9 par un syst\u00e8me bas\u00e9 sur des projecteurs. Impossible cependant de savoir avec pr\u00e9cision comme il fonctionne.<\/p>\n<p><img loading=\"lazy\" decoding=\"async\" class=\"alignnone size-large wp-image-12916\" src=\"http:\/\/www.albilegeant.com\/articles\/wp-content\/uploads\/2019\/09\/hyundai-45-3-1024x560.jpg\" alt=\"Hyundai 45\" width=\"625\" height=\"342\" srcset=\"https:\/\/www.albilegeant.com\/articles\/wp-content\/uploads\/2019\/09\/hyundai-45-3-1024x560.jpg 1024w, https:\/\/www.albilegeant.com\/articles\/wp-content\/uploads\/2019\/09\/hyundai-45-3-300x164.jpg 300w, https:\/\/www.albilegeant.com\/articles\/wp-content\/uploads\/2019\/09\/hyundai-45-3-768x420.jpg 768w, https:\/\/www.albilegeant.com\/articles\/wp-content\/uploads\/2019\/09\/hyundai-45-3-624x341.jpg 624w\" sizes=\"auto, (max-width: 625px) 100vw, 625px\" \/><\/p>\n<p>Tout comme il a \u00e9t\u00e9 impossible d\u2019obtenir plus d\u2019information sur la motorisation, <a href=\"https:\/\/www.albihyundai.com\/fr\/?utm_source=blog&amp;utm_medium=referral&amp;utm_campaign=Blog_ALBI\">Hyundai<\/a> se contente de parler de concept. En fait, les responsables ont affirm\u00e9 vouloir attendre plus de possibilit\u00e9s autonomes avant d\u00e9voil\u00e9es les composantes m\u00e9caniques.<\/p>\n<p>Lors du salon de Francfort, Hyundai a \u00e9galement d\u00e9voil\u00e9 la Veloster N ETCR, la premi\u00e8re voiture de course \u00e9lectrique de la soci\u00e9t\u00e9 d\u00e9velopp\u00e9e par Hyundai Motorsport GmbH. La voiture vise la s\u00e9rie Electric Touring Car Racing, qui devrait se d\u00e9rouler l\u2019ann\u00e9e prochaine en Europe notamment.<\/p>\n","protected":false},"excerpt":{"rendered":"<p>Le salon international de l\u2019auto de Francfort est l\u2019un des plus importants du genre sur la plan\u00e8te. M\u00eame si cette ann\u00e9e, de nombreux manufacturiers ont choisi de ne pas s\u2019y pr\u00e9senter. Pour d\u2019autres, il s\u2019agit d\u2019une vitrine indispensable. C\u2019est le cas de Hyundai qui a profit\u00e9 du salon de Francfort pour d\u00e9voiler son futur \u00e9lectrique [&hellip;]<\/p>\n","protected":false},"author":5,"featured_media":12915,"comment_status":"open","ping_status":"open","sticky":false,"template":"","format":"standard","meta":{"footnotes":""},"categories":[5],"tags":[1007,853,65],"class_list":["post-12914","post","type-post","status-publish","format-standard","has-post-thumbnail","hentry","category-actualites","tag-1007","tag-electrique","tag-hyundai"],"_links":{"self":[{"href":"https:\/\/www.albilegeant.com\/articles\/wp-json\/wp\/v2\/posts\/12914","targetHints":{"allow":["GET"]}}],"collection":[{"href":"https:\/\/www.albilegeant.com\/articles\/wp-json\/wp\/v2\/posts"}],"about":[{"href":"https:\/\/www.albilegeant.com\/articles\/wp-json\/wp\/v2\/types\/post"}],"author":[{"embeddable":true,"href":"https:\/\/www.albilegeant.com\/articles\/wp-json\/wp\/v2\/users\/5"}],"replies":[{"embeddable":true,"href":"https:\/\/www.albilegeant.com\/articles\/wp-json\/wp\/v2\/comments?post=12914"}],"version-history":[{"count":2,"href":"https:\/\/www.albilegeant.com\/articles\/wp-json\/wp\/v2\/posts\/12914\/revisions"}],"predecessor-version":[{"id":12920,"href":"https:\/\/www.albilegeant.com\/articles\/wp-json\/wp\/v2\/posts\/12914\/revisions\/12920"}],"wp:featuredmedia":[{"embeddable":true,"href":"https:\/\/www.albilegeant.com\/articles\/wp-json\/wp\/v2\/media\/12915"}],"wp:attachment":[{"href":"https:\/\/www.albilegeant.com\/articles\/wp-json\/wp\/v2\/media?parent=12914"}],"wp:term":[{"taxonomy":"category","embeddable":true,"href":"https:\/\/www.albilegeant.com\/articles\/wp-json\/wp\/v2\/categories?post=12914"},{"taxonomy":"post_tag","embeddable":true,"href":"https:\/\/www.albilegeant.com\/articles\/wp-json\/wp\/v2\/tags?post=12914"}],"curies":[{"name":"wp","href":"https:\/\/api.w.org\/{rel}","templated":true}]}}