{"id":12997,"date":"2019-10-02T16:32:13","date_gmt":"2019-10-02T20:32:13","guid":{"rendered":"http:\/\/www.albilegeant.com\/articles\/?p=12997"},"modified":"2019-10-02T16:32:58","modified_gmt":"2019-10-02T20:32:58","slug":"volvo-lancera-le-xc40-100-electrique","status":"publish","type":"post","link":"https:\/\/www.albilegeant.com\/articles\/actualites\/volvo-lancera-le-xc40-100-electrique\/","title":{"rendered":"Volvo lancera le XC40 100% \u00e9lectrique"},"content":{"rendered":"<p>Le premier v\u00e9hicule 100% \u00e9lectrique de Volvo est enfin au menu. Il s\u2019agit du petit utilitaire sport compact, le XC40. Il sera le premier membre de ce qui devrait \u00eatre une vaste gamme de mod\u00e8les sans \u00e9missions de <a href=\"https:\/\/www.albivolvo.com\/fr\/?utm_source=blog&amp;utm_medium=referral&amp;utm_campaign=Blog_ALBI\">Volvo<\/a>. La compagnie su\u00e9doise souhaite en effet que les v\u00e9hicules \u00e0 propulsion \u00e9lectrique repr\u00e9sentent la moiti\u00e9 de ses ventes mondiales d&rsquo;ici 2025.<\/p>\n<p>Ce n\u2019est cependant pas vraiment le premier v\u00e9hicule \u00e9lectrique Volvo. Le premier \u00e9tait le Polestar 2, que la marque de performance \u00e9lectrifi\u00e9e du groupe a r\u00e9v\u00e9l\u00e9 au public lors du salon de l\u2019automobile de Gen\u00e8ve.<\/p>\n<h2>Le XC40 de Volvo sera cependant pens\u00e9 pour \u00eatre un v\u00e9ritable VUS<\/h2>\n<p>On lui installera, par exemple, un petit coffre dans la partie avant. Il pourra ainsi conserver son espace de chargement. Ce petit coffre, de 30 litres \u00e0 peine, permettra de loger quelques petits objets.<\/p>\n<p><img loading=\"lazy\" decoding=\"async\" class=\"alignnone size-large wp-image-13000\" src=\"http:\/\/www.albilegeant.com\/articles\/wp-content\/uploads\/2019\/10\/258582_Design_sketch_of_Volvo_Cars_fully_electric_XC40_SUV-1024x540.jpg\" alt=\"XC40\" width=\"625\" height=\"330\" srcset=\"https:\/\/www.albilegeant.com\/articles\/wp-content\/uploads\/2019\/10\/258582_Design_sketch_of_Volvo_Cars_fully_electric_XC40_SUV-1024x540.jpg 1024w, https:\/\/www.albilegeant.com\/articles\/wp-content\/uploads\/2019\/10\/258582_Design_sketch_of_Volvo_Cars_fully_electric_XC40_SUV-300x158.jpg 300w, https:\/\/www.albilegeant.com\/articles\/wp-content\/uploads\/2019\/10\/258582_Design_sketch_of_Volvo_Cars_fully_electric_XC40_SUV-768x405.jpg 768w, https:\/\/www.albilegeant.com\/articles\/wp-content\/uploads\/2019\/10\/258582_Design_sketch_of_Volvo_Cars_fully_electric_XC40_SUV-624x329.jpg 624w\" sizes=\"auto, (max-width: 625px) 100vw, 625px\" \/><\/p>\n<p>Le compartiment suppl\u00e9mentaire n\u2019est que l\u2019un des changements apport\u00e9s \u00e0 la version aliment\u00e9e par batterie du deuxi\u00e8me vendeur mondial du constructeur su\u00e9dois. La calandre est \u00e9galement plus petite car il n\u2019est plus n\u00e9cessaire de refroidir un moteur et perd son tuyau d&rsquo;\u00e9chappement.<\/p>\n<p>&nbsp;<\/p>\n<h3>Des technologies intelligentes suppl\u00e9mentaires<\/h3>\n<p>Le XC40 enti\u00e8rement \u00e9lectrique sera \u00e9galement la premi\u00e8re <a href=\"https:\/\/www.albivolvo.com\/fr\/?utm_source=blog&amp;utm_medium=referral&amp;utm_campaign=Blog_ALBI\">Volvo<\/a> \u00e9quip\u00e9e d\u2019un nouveau syst\u00e8me d\u2019aide \u00e0 la conduite. Elle sera compos\u00e9e d\u2019un ensemble de radars, de cam\u00e9ras et de capteurs \u00e0 ultrasons. La refonte de la calandre a aid\u00e9 Volvo \u00e0 emballer ces capteurs, a d\u00e9clar\u00e9 Volvo.<\/p>\n<p><img loading=\"lazy\" decoding=\"async\" class=\"alignnone size-large wp-image-12999\" src=\"http:\/\/www.albilegeant.com\/articles\/wp-content\/uploads\/2019\/10\/258580_Design_sketch_of_Volvo_Cars_fully_electric_XC40_SUV-1024x532.jpg\" alt=\"XC40\" width=\"625\" height=\"325\" srcset=\"https:\/\/www.albilegeant.com\/articles\/wp-content\/uploads\/2019\/10\/258580_Design_sketch_of_Volvo_Cars_fully_electric_XC40_SUV-1024x532.jpg 1024w, https:\/\/www.albilegeant.com\/articles\/wp-content\/uploads\/2019\/10\/258580_Design_sketch_of_Volvo_Cars_fully_electric_XC40_SUV-300x156.jpg 300w, https:\/\/www.albilegeant.com\/articles\/wp-content\/uploads\/2019\/10\/258580_Design_sketch_of_Volvo_Cars_fully_electric_XC40_SUV-768x399.jpg 768w, https:\/\/www.albilegeant.com\/articles\/wp-content\/uploads\/2019\/10\/258580_Design_sketch_of_Volvo_Cars_fully_electric_XC40_SUV-624x324.jpg 624w\" sizes=\"auto, (max-width: 625px) 100vw, 625px\" \/><\/p>\n<p>L\u2019habitacle sera mis \u00e0 jour avec une toute nouvelle interface de conducteur sp\u00e9cialement con\u00e7ue pour les v\u00e9hicules \u00e9lectriques. Cela permettra ainsi au conducteur de se tenir au courant des informations relatives aux v\u00e9hicules \u00e9lectriques. Pendant ce temps, le reste de la cabine re\u00e7oit des d\u00e9tails de style \u00absportifs\u00bb et des tapis fabriqu\u00e9s \u00e0 partir de mat\u00e9riaux recycl\u00e9s.<\/p>\n<p>La XC40 EV et la Polestar 2, qui partagent l\u2019architecture compacte modulaire de <a href=\"https:\/\/www.albivolvo.com\/fr\/?utm_source=blog&amp;utm_medium=referral&amp;utm_campaign=Blog_ALBI\">Volvo<\/a>, seront sur la route d\u2019ici 2020.<\/p>\n","protected":false},"excerpt":{"rendered":"<p>Le premier v\u00e9hicule 100% \u00e9lectrique de Volvo est enfin au menu. Il s\u2019agit du petit utilitaire sport compact, le XC40. Il sera le premier membre de ce qui devrait \u00eatre une vaste gamme de mod\u00e8les sans \u00e9missions de Volvo. La compagnie su\u00e9doise souhaite en effet que les v\u00e9hicules \u00e0 propulsion \u00e9lectrique repr\u00e9sentent la moiti\u00e9 de [&hellip;]<\/p>\n","protected":false},"author":5,"featured_media":12998,"comment_status":"open","ping_status":"open","sticky":false,"template":"","format":"standard","meta":{"footnotes":""},"categories":[5],"tags":[991,872,532,984],"class_list":["post-12997","post","type-post","status-publish","format-standard","has-post-thumbnail","hentry","category-actualites","tag-ev","tag-volvo","tag-vus","tag-xc40"],"_links":{"self":[{"href":"https:\/\/www.albilegeant.com\/articles\/wp-json\/wp\/v2\/posts\/12997","targetHints":{"allow":["GET"]}}],"collection":[{"href":"https:\/\/www.albilegeant.com\/articles\/wp-json\/wp\/v2\/posts"}],"about":[{"href":"https:\/\/www.albilegeant.com\/articles\/wp-json\/wp\/v2\/types\/post"}],"author":[{"embeddable":true,"href":"https:\/\/www.albilegeant.com\/articles\/wp-json\/wp\/v2\/users\/5"}],"replies":[{"embeddable":true,"href":"https:\/\/www.albilegeant.com\/articles\/wp-json\/wp\/v2\/comments?post=12997"}],"version-history":[{"count":1,"href":"https:\/\/www.albilegeant.com\/articles\/wp-json\/wp\/v2\/posts\/12997\/revisions"}],"predecessor-version":[{"id":13001,"href":"https:\/\/www.albilegeant.com\/articles\/wp-json\/wp\/v2\/posts\/12997\/revisions\/13001"}],"wp:featuredmedia":[{"embeddable":true,"href":"https:\/\/www.albilegeant.com\/articles\/wp-json\/wp\/v2\/media\/12998"}],"wp:attachment":[{"href":"https:\/\/www.albilegeant.com\/articles\/wp-json\/wp\/v2\/media?parent=12997"}],"wp:term":[{"taxonomy":"category","embeddable":true,"href":"https:\/\/www.albilegeant.com\/articles\/wp-json\/wp\/v2\/categories?post=12997"},{"taxonomy":"post_tag","embeddable":true,"href":"https:\/\/www.albilegeant.com\/articles\/wp-json\/wp\/v2\/tags?post=12997"}],"curies":[{"name":"wp","href":"https:\/\/api.w.org\/{rel}","templated":true}]}}