{"id":13239,"date":"2019-12-03T13:24:33","date_gmt":"2019-12-03T18:24:33","guid":{"rendered":"http:\/\/www.albilegeant.com\/articles\/?p=13239"},"modified":"2019-12-03T13:25:10","modified_gmt":"2019-12-03T18:25:10","slug":"mazda-mx-5-electrique-en-preparation","status":"publish","type":"post","link":"https:\/\/www.albilegeant.com\/articles\/actualites\/mazda-mx-5-electrique-en-preparation\/","title":{"rendered":"Mazda MX-5 \u00e9lectrique en pr\u00e9paration!"},"content":{"rendered":"<p>La championne des petits roadsters, celle que tout le monde conna\u00eet, la Mazda MX-5\u00a0\u00e9lectrique pourrait bien voir le jour bient\u00f4t. C\u2019est du moins ce que les dirigeants de Mazda ont laiss\u00e9 entendre lors de r\u00e9centes interviews \u00e0 travers le monde. Attention cependant, on ne touche pas ainsi \u00e0 une v\u00e9ritable ic\u00f4ne. Et l\u2019\u00e9lectrification de la MX-5 est li\u00e9e \u00e0 quelques conditions.<\/p>\n<h2>Une Mazda MX-5\u00a0\u00e9lectrique pour\u00a0la prochaine g\u00e9n\u00e9ration<\/h2>\n<p>Le magazine Autocar rapporte que la direction de Mazda envisage une alimentation hybride ou enti\u00e8rement \u00e9lectrique pour la prochaine g\u00e9n\u00e9ration (cinqui\u00e8me) de la Mazda MX-5\u00a0\u00e9lectrique. On souhaite cependant conserver ce qui distingue la MX-5, soit le plaisir de conduite. Et la propulsion. Pas question de transformer la petite voiture en mod\u00e8le \u00e0 traction!<\/p>\n<p>Autre d\u00e9tail, d\u2019importance, la Mazda MX-5\u00a0\u00e9lectrique doit demeurer aussi l\u00e9g\u00e8re qu\u2019elle l&rsquo;est actuellement. Ce qui signifie que le groupe motopropulseur devra \u00eatre revu. Il faudra aussi minimiser l\u2019impact du poids des batteries.<\/p>\n<p>Aucune d\u00e9cision n&rsquo;a encore \u00e9t\u00e9 prise sur les options de groupe motopropulseur propos\u00e9es par Mazda dans la prochaine Mazda MX-5\u00a0\u00e9lectrique. Bien que la quatri\u00e8me g\u00e9n\u00e9ration actuelle de la d\u00e9panneuse Mazda ait quelques ann\u00e9es la <a href=\"https:\/\/www.albimazda.com\/fr\/vehicule-neuf\/mazda-mx-5-2019\/?utm_source=blog&amp;utm_medium=referral&amp;utm_campaign=Blog_ALBI\">MX-5<\/a> a tendance \u00e0 avoir des cycles de mod\u00e8le plus longs que les autres produits Mazda. La g\u00e9n\u00e9ration pr\u00e9c\u00e9dente, par exemple, a \u00e9t\u00e9 vendue pendant une d\u00e9cennie.<\/p>\n<h3>Mazda vise une version \u00e9lectrique pour tous ses mod\u00e8les d&rsquo;ici 2030<\/h3>\n<p>D&rsquo;ici 2030, Mazda a pour objectif de disposer d&rsquo;une sorte d&rsquo;\u00e9lectrification pour tous ses mod\u00e8les. Le premier exemple devrait \u00eatre le Mazda <a href=\"http:\/\/www.albilegeant.com\/articles\/actualites\/mazda-mx-30-le-premier-vehicule-electrique-pour-mazda\/?utm_source=blog&amp;utm_medium=referral&amp;utm_campaign=Blog_ALBI\">MX-30<\/a>. Pr\u00e9sent\u00e9 au salon de Tokyo, ce mod\u00e8le est propuls\u00e9 par un petit moteur \u00e9lectrique. Mais il peut aussi recevoir un petit moteur rotatif \u00e0 essence, ce qui lui permet d\u2019augmenter son autonomie de plus d\u2019une centaine de kilom\u00e8tres.<\/p>\n<p>D\u2019autres projets de voitures \u00e9lectriques sont aussi en d\u00e9veloppement chez Mazda. Mais pour le moment, au Canada, ce sont les utilitaires qui ont la cote. Le <a href=\"http:\/\/www.albilegeant.com\/articles\/actualites\/mazda-cx-30-ce-que-nous-savons\/?utm_source=blog&amp;utm_medium=referral&amp;utm_campaign=Blog_ALBI\">Mazda CX-30<\/a>, le nouveau VUS de Mazda, fera d\u2019ailleurs son apparition chez votre concessionnaire ALBI le G\u00e9ant au cours des prochaines semaines.<\/p>\n","protected":false},"excerpt":{"rendered":"<p>La championne des petits roadsters, celle que tout le monde conna\u00eet, la Mazda MX-5\u00a0\u00e9lectrique pourrait bien voir le jour bient\u00f4t. C\u2019est du moins ce que les dirigeants de Mazda ont laiss\u00e9 entendre lors de r\u00e9centes interviews \u00e0 travers le monde. Attention cependant, on ne touche pas ainsi \u00e0 une v\u00e9ritable ic\u00f4ne. Et l\u2019\u00e9lectrification de la [&hellip;]<\/p>\n","protected":false},"author":5,"featured_media":13240,"comment_status":"open","ping_status":"open","sticky":false,"template":"","format":"standard","meta":{"footnotes":""},"categories":[5],"tags":[986,991,8,1033,700],"class_list":["post-13239","post","type-post","status-publish","format-standard","has-post-thumbnail","hentry","category-actualites","tag-cx-30","tag-ev","tag-mazda","tag-mx-30","tag-mx-5"],"_links":{"self":[{"href":"https:\/\/www.albilegeant.com\/articles\/wp-json\/wp\/v2\/posts\/13239","targetHints":{"allow":["GET"]}}],"collection":[{"href":"https:\/\/www.albilegeant.com\/articles\/wp-json\/wp\/v2\/posts"}],"about":[{"href":"https:\/\/www.albilegeant.com\/articles\/wp-json\/wp\/v2\/types\/post"}],"author":[{"embeddable":true,"href":"https:\/\/www.albilegeant.com\/articles\/wp-json\/wp\/v2\/users\/5"}],"replies":[{"embeddable":true,"href":"https:\/\/www.albilegeant.com\/articles\/wp-json\/wp\/v2\/comments?post=13239"}],"version-history":[{"count":2,"href":"https:\/\/www.albilegeant.com\/articles\/wp-json\/wp\/v2\/posts\/13239\/revisions"}],"predecessor-version":[{"id":13242,"href":"https:\/\/www.albilegeant.com\/articles\/wp-json\/wp\/v2\/posts\/13239\/revisions\/13242"}],"wp:featuredmedia":[{"embeddable":true,"href":"https:\/\/www.albilegeant.com\/articles\/wp-json\/wp\/v2\/media\/13240"}],"wp:attachment":[{"href":"https:\/\/www.albilegeant.com\/articles\/wp-json\/wp\/v2\/media?parent=13239"}],"wp:term":[{"taxonomy":"category","embeddable":true,"href":"https:\/\/www.albilegeant.com\/articles\/wp-json\/wp\/v2\/categories?post=13239"},{"taxonomy":"post_tag","embeddable":true,"href":"https:\/\/www.albilegeant.com\/articles\/wp-json\/wp\/v2\/tags?post=13239"}],"curies":[{"name":"wp","href":"https:\/\/api.w.org\/{rel}","templated":true}]}}