{"id":13433,"date":"2020-01-29T09:22:58","date_gmt":"2020-01-29T14:22:58","guid":{"rendered":"http:\/\/www.albilegeant.com\/articles\/?p=13433"},"modified":"2020-01-29T09:24:50","modified_gmt":"2020-01-29T14:24:50","slug":"un-volvo-xc90-autonome-et-electrique","status":"publish","type":"post","link":"https:\/\/www.albilegeant.com\/articles\/actualites\/un-volvo-xc90-autonome-et-electrique\/","title":{"rendered":"Un Volvo XC90 autonome et \u00e9lectrique"},"content":{"rendered":"<p>Le constructeur su\u00e9dois <a href=\"https:\/\/www.albivolvo.com\/fr\/\">Volvo<\/a> voit l\u2019avenir avec enthousiasme avec son Volvo XC90 autonome. Surtout qu\u2019il s\u2019est lanc\u00e9 depuis quelque temps avec vigueur dans la technologie. Rappelons en effet que Volvo avait annonc\u00e9, l\u2019ann\u00e9e derni\u00e8re, son intention de se tourner vers l\u2019\u00e9lectrification.<\/p>\n<p>D\u00e9j\u00e0 il y a quelques semaines, Volvo a d\u00e9voil\u00e9 officiellement le XC40 Recharge. Ce petit utilitaire sport enti\u00e8rement \u00e9lectrique est le premier de la longue s\u00e9rie de v\u00e9hicules que Volvo souhaite remodeler.<\/p>\n<h2>La prochaine \u00e9tape pourrait bien \u00eatre encore plus importante<\/h2>\n<p>Le pr\u00e9sident de la compagnie, Hakan Samuelsson, a en effet confirm\u00e9 que le prochain Volvo XC90 sera lui aussi totalement \u00e9lectrique. Mais la compagnie pousse la chose encore plus loin en misant aussi sur la conduite autonome.<\/p>\n<p>En fait, il est encore trop t\u00f4t pour conna\u00eetre avec pr\u00e9cision les modalit\u00e9s m\u00e9caniques de ce v\u00e9hicule. On sait que le <a href=\"http:\/\/www.albilegeant.com\/articles\/actualites\/volvo-xc40-recharge-electrique-et-innovateur\/\">XC40 Recharge<\/a> utilise une batterie lithium-ion de 78 kWh. Cela lui permettra, \u00e0\u00a0son arriv\u00e9e en 2021, de franchir quelque 308 kilom\u00e8tres sur une seule charge. Il totalisera quelque 408 chevaux-vapeur, et sera capable de franchir le 0-100 en moins de 5 secondes.<\/p>\n<h3>Peut-\u00eatre un Volvo XC90 autonome?<\/h3>\n<p>Il y a fort \u00e0 parier que le prochain <a href=\"https:\/\/www.albivolvo.com\/fr\/vehicule-neuf\/volvo-xc90-2019\/\">XC90<\/a> jouira vraisemblablement d\u2019une m\u00e9canique similaire. La grande nouveaut\u00e9 cependant, c\u2019est dans le catalogue des options qu\u2019elle appara\u00eetra. Volvo veut en effet offrir un syst\u00e8me de pilotage automatique.<\/p>\n<h3>Le pr\u00e9sident a cependant \u00e9t\u00e9 clair\u00a0: pas question de cr\u00e9er un taxi autonome<\/h3>\n<p>Le pilote automatique ne pourrait s\u2019activer que sur autoroute. Il s\u2019agirait, somme toute, d\u2019un r\u00e9gulateur de vitesse encore plus intelligent. Une option qui, le PDG ne l\u2019a pas cach\u00e9, serait un peu co\u00fbteuse. \u00ab\u00a0Autour de 10\u00a0000$ n\u2019est pas irr\u00e9aliste\u00a0\u00bb, a-t-il affirm\u00e9.<\/p>\n<p>Pr\u00e9cisons cependant que la version \u00e9lectrique du XC90 ne serait pas la seule, puisqu\u2019on a aussi confirm\u00e9 la venue d\u2019une forme de version hybride. Le prochain <a href=\"https:\/\/www.albivolvo.com\/fr\/vehicule-neuf\/volvo-xc90-2019\/\">Volvo XC90<\/a> sera enti\u00e8rement assembl\u00e9 en Caroline du Sud, aux \u00c9tats-Unis. Il doit \u00eatre lanc\u00e9 officiellement vers la fin de 2021.<\/p>\n","protected":false},"excerpt":{"rendered":"<p>Le constructeur su\u00e9dois Volvo voit l\u2019avenir avec enthousiasme avec son Volvo XC90 autonome. Surtout qu\u2019il s\u2019est lanc\u00e9 depuis quelque temps avec vigueur dans la technologie. Rappelons en effet que Volvo avait annonc\u00e9, l\u2019ann\u00e9e derni\u00e8re, son intention de se tourner vers l\u2019\u00e9lectrification. D\u00e9j\u00e0 il y a quelques semaines, Volvo a d\u00e9voil\u00e9 officiellement le XC40 Recharge. Ce [&hellip;]<\/p>\n","protected":false},"author":5,"featured_media":13434,"comment_status":"open","ping_status":"open","sticky":false,"template":"","format":"standard","meta":{"footnotes":""},"categories":[5],"tags":[1014,853,1061,872,984,982],"class_list":["post-13433","post","type-post","status-publish","format-standard","has-post-thumbnail","hentry","category-actualites","tag-autonome","tag-electrique","tag-recharge","tag-volvo","tag-xc40","tag-xc90"],"_links":{"self":[{"href":"https:\/\/www.albilegeant.com\/articles\/wp-json\/wp\/v2\/posts\/13433","targetHints":{"allow":["GET"]}}],"collection":[{"href":"https:\/\/www.albilegeant.com\/articles\/wp-json\/wp\/v2\/posts"}],"about":[{"href":"https:\/\/www.albilegeant.com\/articles\/wp-json\/wp\/v2\/types\/post"}],"author":[{"embeddable":true,"href":"https:\/\/www.albilegeant.com\/articles\/wp-json\/wp\/v2\/users\/5"}],"replies":[{"embeddable":true,"href":"https:\/\/www.albilegeant.com\/articles\/wp-json\/wp\/v2\/comments?post=13433"}],"version-history":[{"count":3,"href":"https:\/\/www.albilegeant.com\/articles\/wp-json\/wp\/v2\/posts\/13433\/revisions"}],"predecessor-version":[{"id":13437,"href":"https:\/\/www.albilegeant.com\/articles\/wp-json\/wp\/v2\/posts\/13433\/revisions\/13437"}],"wp:featuredmedia":[{"embeddable":true,"href":"https:\/\/www.albilegeant.com\/articles\/wp-json\/wp\/v2\/media\/13434"}],"wp:attachment":[{"href":"https:\/\/www.albilegeant.com\/articles\/wp-json\/wp\/v2\/media?parent=13433"}],"wp:term":[{"taxonomy":"category","embeddable":true,"href":"https:\/\/www.albilegeant.com\/articles\/wp-json\/wp\/v2\/categories?post=13433"},{"taxonomy":"post_tag","embeddable":true,"href":"https:\/\/www.albilegeant.com\/articles\/wp-json\/wp\/v2\/tags?post=13433"}],"curies":[{"name":"wp","href":"https:\/\/api.w.org\/{rel}","templated":true}]}}