{"id":13818,"date":"2020-07-17T10:58:33","date_gmt":"2020-07-17T14:58:33","guid":{"rendered":"https:\/\/www.albilegeant.com\/articles\/?p=13818"},"modified":"2020-07-22T14:39:19","modified_gmt":"2020-07-22T18:39:19","slug":"nouvelle-norme-sanitaire-port-du-masque-obligatoire","status":"publish","type":"post","link":"https:\/\/www.albilegeant.com\/articles\/actualites\/nouvelle-norme-sanitaire-port-du-masque-obligatoire\/","title":{"rendered":"Nouvelle norme sanitaire : port du masque obligatoire"},"content":{"rendered":"\n<p>Nous voulons vous rappeler que d\u00e8s demain samedi 18 juillet, le port du masque sera <strong>obligatoire<\/strong> pour tous nos clients et employ\u00e9s. Puisque nous sommes responsables de nous assurer que cette directive soit appliqu\u00e9e et que des amendes sont pr\u00e9vues dans le cas contraire, nous vous demandons votre collaboration afin que votre exp\u00e9rience en concession soit la plus agr\u00e9able possible!<br \/>Si vous n&rsquo;avez pas de masque, nous en avons  sp\u00e9cialement pour vous. <\/p>\n\n\n\n<h2 class=\"wp-block-heading\">Port du masque obligatoire<\/h2>\n\n\n\n<p>La sant\u00e9 de nos clients et coll\u00e8gues sont au c\u0153ur de nos priorit\u00e9s et c\u2019est pourquoi nous veillons \u00e0 respecter les exigences de la direction de la sant\u00e9 publique. Nous avons instaur\u00e9 des nouvelles normes sanitaires dans chacune de nos concessions pour \u00eatre en mesure de vous offrir le meilleur service et la meilleure s\u00e9curit\u00e9.<\/p>\n\n\n\n<h3 class=\"wp-block-heading\">Voici le protocole rigoureux que nous avons mis sur pied<\/h3>\n\n\n\n<ul class=\"wp-block-list\"><li>Lavage des mains obligatoire lorsqu\u2019on entre en concession<\/li><li>Nos entr\u00e9es et sorties sont distinctes pour emp\u00eacher que les gens se croisent<\/li><li>Le port du masque sera obligatoire en tout temps.<\/li><li>Les visi\u00e8res et masques sont obligatoires lors d\u2019essai routier<\/li><li>Des vitres de plastique s\u00e9parent les clients des repr\u00e9sentants dans les bureaux des ventes<\/li><li>Une distanciation sociale de 2 m\u00e8tres est respect\u00e9e en tout temps<\/li><li>Tous nos v\u00e9hicules sont d\u00e9sinfect\u00e9s apr\u00e8s chaque client<\/li><li>Nous avons cr\u00e9\u00e9 des vid\u00e9os de livraison pour minimiser les moments de proximit\u00e9 dans les habitacles<\/li><li>Des zones d\u2019attente respectant la distanciation sociale ont \u00e9t\u00e9 mises sur pied<\/li><\/ul>\n\n\n\n<h3 class=\"wp-block-heading\">Votre s\u00e9curit\u00e9 est notre priorit\u00e9! <\/h3>\n\n\n\n<p>Voici notre r\u00e9cente vid\u00e9o qui vous explique et vous d\u00e9montre toutes nos mesures mises en place. Cela vous permettra de vous rassurer et d&rsquo;\u00eatre certain de recevoir un service s\u00e9curitaire lors de votre prochaine visite.<\/p>\n\n\n\n<iframe loading=\"lazy\" width=\"560\" height=\"315\" src=\"https:\/\/www.youtube.com\/embed\/9Ln9BTQz-co\" frameborder=\"0\" allow=\"accelerometer; autoplay; encrypted-media; gyroscope; picture-in-picture\" allowfullscreen=\"\"><\/iframe>\n\n\n\n<p>Avec le port du masque obligatoire, nous serons en mesure de surmonter la pand\u00e9mie, tous ensemble nous allons r\u00e9ussir. Nous avons bien h\u00e2te de vous rencontrer dans l&rsquo;une de nos concessions <a href=\"https:\/\/www.albilegeant.com\/fr\/\">ALBI le G\u00e9ant<\/a>. <\/p>\n\n\n\n<p>Merci de votre compr\u00e9hension et \u00e0 bient\u00f4t !<\/p>\n","protected":false},"excerpt":{"rendered":"<p>Nous voulons vous rappeler que d\u00e8s demain samedi 18 juillet, le port du masque sera obligatoire pour tous nos clients et employ\u00e9s. Puisque nous sommes responsables de nous assurer que cette directive soit appliqu\u00e9e et que des amendes sont pr\u00e9vues dans le cas contraire, nous vous demandons votre collaboration afin que votre exp\u00e9rience en concession [&hellip;]<\/p>\n","protected":false},"author":5,"featured_media":13821,"comment_status":"closed","ping_status":"open","sticky":false,"template":"","format":"standard","meta":{"footnotes":""},"categories":[5],"tags":[],"class_list":["post-13818","post","type-post","status-publish","format-standard","has-post-thumbnail","hentry","category-actualites"],"_links":{"self":[{"href":"https:\/\/www.albilegeant.com\/articles\/wp-json\/wp\/v2\/posts\/13818","targetHints":{"allow":["GET"]}}],"collection":[{"href":"https:\/\/www.albilegeant.com\/articles\/wp-json\/wp\/v2\/posts"}],"about":[{"href":"https:\/\/www.albilegeant.com\/articles\/wp-json\/wp\/v2\/types\/post"}],"author":[{"embeddable":true,"href":"https:\/\/www.albilegeant.com\/articles\/wp-json\/wp\/v2\/users\/5"}],"replies":[{"embeddable":true,"href":"https:\/\/www.albilegeant.com\/articles\/wp-json\/wp\/v2\/comments?post=13818"}],"version-history":[{"count":11,"href":"https:\/\/www.albilegeant.com\/articles\/wp-json\/wp\/v2\/posts\/13818\/revisions"}],"predecessor-version":[{"id":13842,"href":"https:\/\/www.albilegeant.com\/articles\/wp-json\/wp\/v2\/posts\/13818\/revisions\/13842"}],"wp:featuredmedia":[{"embeddable":true,"href":"https:\/\/www.albilegeant.com\/articles\/wp-json\/wp\/v2\/media\/13821"}],"wp:attachment":[{"href":"https:\/\/www.albilegeant.com\/articles\/wp-json\/wp\/v2\/media?parent=13818"}],"wp:term":[{"taxonomy":"category","embeddable":true,"href":"https:\/\/www.albilegeant.com\/articles\/wp-json\/wp\/v2\/categories?post=13818"},{"taxonomy":"post_tag","embeddable":true,"href":"https:\/\/www.albilegeant.com\/articles\/wp-json\/wp\/v2\/tags?post=13818"}],"curies":[{"name":"wp","href":"https:\/\/api.w.org\/{rel}","templated":true}]}}