{"id":13926,"date":"2020-08-12T10:14:47","date_gmt":"2020-08-12T14:14:47","guid":{"rendered":"https:\/\/www.albilegeant.com\/articles\/?p=13926"},"modified":"2020-08-12T10:14:49","modified_gmt":"2020-08-12T14:14:49","slug":"ioniq-devient-une-marque","status":"publish","type":"post","link":"https:\/\/www.albilegeant.com\/articles\/actualites\/ioniq-devient-une-marque\/","title":{"rendered":"Ioniq devient une marque"},"content":{"rendered":"\n<p>Tout le monde connait la <a href=\"https:\/\/www.albihyundai.com\/fr\/promotion\/ioniq-2020\/?utm_source=blog&amp;utm_medium=referral&amp;utm_campaign=Blog_ALBI\">Hyundai Ioniq<\/a>. Celle qui, dans une de ses trois d\u00e9clinaisons, vous menaient \u00e0 bon port avec une \u00e9conomie d\u2019essence incroyable. Normal, me direz-vous, puisqu\u2019elles allaient de la simple hybride \u00e0 l\u2019enti\u00e8rement \u00e9lectrique.<\/p>\n\n\n\n<h2 class=\"wp-block-heading\">Un brillant avenir<\/h2>\n\n\n\n<p>Le nom Ioniq a connu un tel succ\u00e8s que Hyundai a d\u00e9cid\u00e9 de lui donner un brillant avenir. Finie donc les Hyundai Ioniq que l\u2019on connait. Place plut\u00f4t aux Ioniq 5, 6 et 7! Quoi que la situation ne soit pas tout \u00e0 fait claire pour les mod\u00e8les existants.<\/p>\n\n\n\n<p>R\u00e9sumons. Le nom Ioniq deviendra donc une marque \u00e0 part enti\u00e8re, r\u00e9unissant les mod\u00e8les \u00e9lectriques con\u00e7us par le constructeur cor\u00e9en. Mais les mod\u00e8les actuels \u00e9lectriques conserveront leur appellation. La <a href=\"https:\/\/www.albihyundai.com\/fr\/vehicule-neuf\/hyundai-kona-electrique-2020\/?utm_source=blog&amp;utm_medium=referral&amp;utm_campaign=Blog_ALBI\">Kona EV<\/a> sera donc toujours vendue sous la banni\u00e8re Hyundai.<\/p>\n\n\n\n<h2 class=\"wp-block-heading\">Qu&rsquo;arrivera-t-il aux mod\u00e8les actuels?<\/h2>\n\n\n\n<p>Pour les mod\u00e8les Ioniq actuels cependant, la situation n\u2019est pas aussi claire. Le temps que se mette en branle v\u00e9ritablement la marque du m\u00eame nom, il se peut que ces mod\u00e8les soient d\u00e9j\u00e0 au seuil du remplacement. Car ils datent d\u00e9j\u00e0 de quelques ann\u00e9es, et on devrait leur pr\u00e9senter rapidement des successeurs.<\/p>\n\n\n\n<h2 class=\"wp-block-heading\">\u00c0 quoi peut-on s&rsquo;attendre?<\/h2>\n\n\n\n<p>Et c\u2019est ici que la nouvelle marque Ioniq fait son entr\u00e9e. Le principe\u00a0: d\u2019ici 4 ans, trois mod\u00e8les seront officiellement lanc\u00e9s sous cette banni\u00e8re. On ne fait toutefois pas dans la cr\u00e9ativit\u00e9 en mati\u00e8re de nomenclature cependant. Les nouveaux mod\u00e8les porteront le nom Ioniq suivi d\u2019un nombre, pair pour les berlines et impair pour les VUS. Les trois premiers nouveaux mod\u00e8les seront donc baptis\u00e9s Ioniq 5, Ioniq 6 et Ioniq 7.<\/p>\n\n\n\n<p>D\u00e8s le d\u00e9but de 2021,\nun premier mod\u00e8le totalement Ioniq sera d\u00e9voil\u00e9. Bas\u00e9 sur le EV45 pr\u00e9sent\u00e9 au\ndernier salon de Francfort, il utilise la plateforme E-GMP, offrant selon\nHyundai une autonomie impressionnante et une recharge rapide.<\/p>\n\n\n\n<p>En 2022, Hyundai lancera\nla berline IONIQ 6 \u2013 bas\u00e9e sur le plus r\u00e9cent prototype EV Prophecy du\nconstructeur d\u00e9voil\u00e9 en mars \u2013 suivie en 2024 du VUS de grande taille IONIQ 7.\nLe design ext\u00e9rieur iconique du prototype Prophecy affiche des lignes\na\u00e9rodynamiques parfaitement \u00e9quilibr\u00e9es.<\/p>\n\n\n\n<p>L&rsquo;id\u00e9e, c\u2019est qu\u2019en 2025, Hyundai sera capable de vendre plus d\u2019un million de v\u00e9hicules \u00e9lectriques d\u2019ici 2025, incluant des v\u00e9hicules \u00e0 batterie et d\u2019autres \u00e0 piles \u00e0 combustible. C\u2019est le moment d\u2019embarquez dans l\u2019avenir de Hyundai en venant faire l\u2019essai d\u2019une voiture \u00e9lectrique chez votre concessionnaire <a href=\"https:\/\/www.albilegeant.com\/fr\/?utm_source=blog&amp;utm_medium=referral&amp;utm_campaign=Blog_ALBI\">ALBI le G\u00e9ant<\/a>.<\/p>\n","protected":false},"excerpt":{"rendered":"<p>Tout le monde connait la Hyundai Ioniq. Celle qui, dans une de ses trois d\u00e9clinaisons, vous menaient \u00e0 bon port avec une \u00e9conomie d\u2019essence incroyable. Normal, me direz-vous, puisqu\u2019elles allaient de la simple hybride \u00e0 l\u2019enti\u00e8rement \u00e9lectrique. Un brillant avenir Le nom Ioniq a connu un tel succ\u00e8s que Hyundai a d\u00e9cid\u00e9 de lui donner [&hellip;]<\/p>\n","protected":false},"author":5,"featured_media":13927,"comment_status":"closed","ping_status":"open","sticky":false,"template":"","format":"standard","meta":{"footnotes":""},"categories":[5],"tags":[],"class_list":["post-13926","post","type-post","status-publish","format-standard","has-post-thumbnail","hentry","category-actualites"],"_links":{"self":[{"href":"https:\/\/www.albilegeant.com\/articles\/wp-json\/wp\/v2\/posts\/13926","targetHints":{"allow":["GET"]}}],"collection":[{"href":"https:\/\/www.albilegeant.com\/articles\/wp-json\/wp\/v2\/posts"}],"about":[{"href":"https:\/\/www.albilegeant.com\/articles\/wp-json\/wp\/v2\/types\/post"}],"author":[{"embeddable":true,"href":"https:\/\/www.albilegeant.com\/articles\/wp-json\/wp\/v2\/users\/5"}],"replies":[{"embeddable":true,"href":"https:\/\/www.albilegeant.com\/articles\/wp-json\/wp\/v2\/comments?post=13926"}],"version-history":[{"count":2,"href":"https:\/\/www.albilegeant.com\/articles\/wp-json\/wp\/v2\/posts\/13926\/revisions"}],"predecessor-version":[{"id":13929,"href":"https:\/\/www.albilegeant.com\/articles\/wp-json\/wp\/v2\/posts\/13926\/revisions\/13929"}],"wp:featuredmedia":[{"embeddable":true,"href":"https:\/\/www.albilegeant.com\/articles\/wp-json\/wp\/v2\/media\/13927"}],"wp:attachment":[{"href":"https:\/\/www.albilegeant.com\/articles\/wp-json\/wp\/v2\/media?parent=13926"}],"wp:term":[{"taxonomy":"category","embeddable":true,"href":"https:\/\/www.albilegeant.com\/articles\/wp-json\/wp\/v2\/categories?post=13926"},{"taxonomy":"post_tag","embeddable":true,"href":"https:\/\/www.albilegeant.com\/articles\/wp-json\/wp\/v2\/tags?post=13926"}],"curies":[{"name":"wp","href":"https:\/\/api.w.org\/{rel}","templated":true}]}}