{"id":13957,"date":"2020-08-20T10:23:33","date_gmt":"2020-08-20T14:23:33","guid":{"rendered":"https:\/\/www.albilegeant.com\/articles\/?p=13957"},"modified":"2020-08-20T10:23:35","modified_gmt":"2020-08-20T14:23:35","slug":"des-nouveautes-pour-le-mazda-cx-9-2021","status":"publish","type":"post","link":"https:\/\/www.albilegeant.com\/articles\/blogue\/des-nouveautes-pour-le-mazda-cx-9-2021\/","title":{"rendered":"Des nouveaut\u00e9s pour le Mazda CX-9 2021"},"content":{"rendered":"\n<p>Mazda vient d&rsquo;annoncer la sortie de son grand utilitaire sport, le Mazda CX-9 2021. Le v\u00e9hicule, qui continue d\u2019abriter trois rang\u00e9es de si\u00e8ges, dispose de plusieurs nouveaut\u00e9s.<\/p>\n\n\n\n<p>La premi\u00e8re, c\u2019est l\u2019arriv\u00e9e de la version appel\u00e9e Kuro. Une version sombre et \u00e9l\u00e9gante, ajoutant au raffinement du grand v\u00e9hicule. Cette couleur unique est aussi offerte sur les <a href=\"https:\/\/www.albimazda.com\/fr\/vehicule-neuf\/mazda6-2020\/\">Mazda6<\/a> et les <a href=\"https:\/\/www.albimazda.com\/fr\/vehicule-neuf\/mazda-cx-5-2020\/\">CX-5<\/a>. Mais ce n\u2019est que le d\u00e9but des changements.<\/p>\n\n\n\n<h2 class=\"wp-block-heading\">Mazda CX-9 2021 100e anniversaire<\/h2>\n\n\n\n<p>Le CX-9 2021 ajoute\n\u00e9galement au catalogue une version 100<sup>e<\/sup> anniversaire. Mais on lui a\naussi greff\u00e9&nbsp;quelques am\u00e9liorations esth\u00e9tiques et technologiques. Ainsi, e\nmod\u00e8le GS d&rsquo;entr\u00e9e de gamme est \u00e9quip\u00e9 de s\u00e9rie des dispositifs de s\u00e9curit\u00e9\ni-Activsense de Mazda et de si\u00e8ges avant chauffants. Mais le conducteur pourra\naussi compter sur l\u2019int\u00e9gration du CarPlay d&rsquo;Apple et de celui d&rsquo;Android. <\/p>\n\n\n\n<p>Une version l\u00e9g\u00e8rement\nplus haut de gamme, la GS-L, propose des si\u00e8ges en cuir. Tandis que la CX-9 GT,\ndispose de quelques caract\u00e9ristiques de confort et de s\u00e9curit\u00e9 suppl\u00e9mentaires.\nDes ensembles de si\u00e8ges de capitaine peuvent \u00eatre ajout\u00e9s \u00e0 la GS-L et \u00e0 la GT.\n<\/p>\n\n\n\n<p>Au sommet de la gamme\nse retrouveront les \u00e9ditions Kuro qui ajoute surtout des am\u00e9liorations\nvisuelles dans un gris fonc\u00e9 ou un noir de jais plus fonc\u00e9. Puis vient la\nversion la plus raffin\u00e9e, la Signature avec des jantes en alliage gris clair de\n20 pouces, de gros embouts d&rsquo;\u00e9chappement doubles \u00e0 l&rsquo;ext\u00e9rieur et une finition\nspectaculaire dans l\u2019habitacle.<\/p>\n\n\n\n<h3 class=\"wp-block-heading\">Peu importe la version<\/h3>\n\n\n\n<p>Tous les Mazda CX-9 2021 seront propuls\u00e9s par le moteur Skyactiv-G 2.5 Turbo qui d\u00e9veloppe 227 chevaux et 310 lb-pi de couple avec du carburant ordinaire. Si vous le souhaitez, le carburant super vous permettra d\u2019atteindre 250 chevaux et 320 lb-pi de. Ce moteur est coupl\u00e9 \u00e0 la transmission automatique \u00e0 6 vitesses et \u00e0 la transmission int\u00e9grale de Mazda offerte de s\u00e9rie. <\/p>\n\n\n\n<p>Une \u00e9dition sp\u00e9ciale tr\u00f4nera seule en haut du catalogue. Il s\u2019agit de l\u2019\u00e9dition 100<sup>e<\/sup> anniversaire, \u00e9voquant la premi\u00e8re voiture de tourisme de la marque, la charmante petite R360 coup\u00e9e de 1960. L&rsquo;\u00e9dition <a href=\"https:\/\/www.albilegeant.com\/articles\/actualites\/les-mazda-100e-anniversaire-arrivent-au-canada\/\">100e anniversaire<\/a> est disponible uniquement en blanc perle flocon de neige. Un int\u00e9rieur en cuir Nappa rouge et un \u00e9cusson comm\u00e9moratif sur la carrosserie, des enjoliveurs de roues, des tapis de sol rouges, un appui-t\u00eate et un porte-cl\u00e9s viennent compl\u00e9ter son apanage.<\/p>\n\n\n\n<p>Le Mazda CX-9 2021 devrait arriver dans les concessions <a href=\"https:\/\/www.albimazda.com\/fr\/\">ALBI Mazda<\/a> d\u00e9but septembre.<\/p>\n","protected":false},"excerpt":{"rendered":"<p>Mazda vient d&rsquo;annoncer la sortie de son grand utilitaire sport, le Mazda CX-9 2021. Le v\u00e9hicule, qui continue d\u2019abriter trois rang\u00e9es de si\u00e8ges, dispose de plusieurs nouveaut\u00e9s. La premi\u00e8re, c\u2019est l\u2019arriv\u00e9e de la version appel\u00e9e Kuro. Une version sombre et \u00e9l\u00e9gante, ajoutant au raffinement du grand v\u00e9hicule. Cette couleur unique est aussi offerte sur les [&hellip;]<\/p>\n","protected":false},"author":5,"featured_media":13958,"comment_status":"closed","ping_status":"open","sticky":false,"template":"","format":"standard","meta":{"footnotes":""},"categories":[6],"tags":[1028,742,8],"class_list":["post-13957","post","type-post","status-publish","format-standard","has-post-thumbnail","hentry","category-blogue","tag-1028","tag-cx-9","tag-mazda"],"_links":{"self":[{"href":"https:\/\/www.albilegeant.com\/articles\/wp-json\/wp\/v2\/posts\/13957","targetHints":{"allow":["GET"]}}],"collection":[{"href":"https:\/\/www.albilegeant.com\/articles\/wp-json\/wp\/v2\/posts"}],"about":[{"href":"https:\/\/www.albilegeant.com\/articles\/wp-json\/wp\/v2\/types\/post"}],"author":[{"embeddable":true,"href":"https:\/\/www.albilegeant.com\/articles\/wp-json\/wp\/v2\/users\/5"}],"replies":[{"embeddable":true,"href":"https:\/\/www.albilegeant.com\/articles\/wp-json\/wp\/v2\/comments?post=13957"}],"version-history":[{"count":2,"href":"https:\/\/www.albilegeant.com\/articles\/wp-json\/wp\/v2\/posts\/13957\/revisions"}],"predecessor-version":[{"id":13960,"href":"https:\/\/www.albilegeant.com\/articles\/wp-json\/wp\/v2\/posts\/13957\/revisions\/13960"}],"wp:featuredmedia":[{"embeddable":true,"href":"https:\/\/www.albilegeant.com\/articles\/wp-json\/wp\/v2\/media\/13958"}],"wp:attachment":[{"href":"https:\/\/www.albilegeant.com\/articles\/wp-json\/wp\/v2\/media?parent=13957"}],"wp:term":[{"taxonomy":"category","embeddable":true,"href":"https:\/\/www.albilegeant.com\/articles\/wp-json\/wp\/v2\/categories?post=13957"},{"taxonomy":"post_tag","embeddable":true,"href":"https:\/\/www.albilegeant.com\/articles\/wp-json\/wp\/v2\/tags?post=13957"}],"curies":[{"name":"wp","href":"https:\/\/api.w.org\/{rel}","templated":true}]}}