{"id":14714,"date":"2021-01-14T14:53:40","date_gmt":"2021-01-14T19:53:40","guid":{"rendered":"https:\/\/www.albilegeant.com\/articles\/?p=14714"},"modified":"2021-01-14T14:53:42","modified_gmt":"2021-01-14T19:53:42","slug":"place-au-hyundai-kona-n-et-a-la-hyundai-ioniq-5","status":"publish","type":"post","link":"https:\/\/www.albilegeant.com\/articles\/actualites\/place-au-hyundai-kona-n-et-a-la-hyundai-ioniq-5\/","title":{"rendered":"Place au Hyundai Kona N et \u00e0 la Hyundai Ioniq 5"},"content":{"rendered":"\n<p>La semaine a \u00e9t\u00e9 riche en \u00e9motions pour Hyundai. Le constructeur cor\u00e9en a en effet multipli\u00e9 les bonnes nouvelles. La derni\u00e8re en lice, c\u2019est l\u2019arriv\u00e9e officielle du Hyundai Kona N et de la Hyundai Ioniq 5. Pour ceux qui ne sont pas familiers, sachez que la version N est la version de performance de Hyundai.<\/p>\n\n\n\n<h2 class=\"wp-block-heading\">Le Hyundai Kona N offrira du nouveau<\/h2>\n\n\n\n<p>En d\u2019autres termes, les amateurs de conduite dynamique\npourront bient\u00f4t compter sur un petit VUS athl\u00e9tique et muscl\u00e9. Il compte\nnotamment sur un moteur 2,0 litres turbo, ainsi que sur une transmission\nautomatique double embrayage.<\/p>\n\n\n\n<p>La boite N DCT, d\u00e9j\u00e0 utilis\u00e9e sur d\u2019autres mod\u00e8les de la\ncompagnie, a fait ses preuves en mati\u00e8re de rapidit\u00e9. Elle est aussi\nr\u00e9sistante, et fournit au pilote de v\u00e9ritables sensations sportives. <\/p>\n\n\n\n<p>Outre ces consid\u00e9rations, le <a href=\"https:\/\/www.albilegeant.com\/articles\/actualites\/hyundai-kona-2022-des-changements-et-un-nouvelle-version\/\">Kona N<\/a> recevra aussi un contr\u00f4le de lancement (launch contr\u00f4le). D\u2019autres caract\u00e9ristiques, incluant des suspensions plus rigides et une sonorit\u00e9 plus imposante, seront aussi de mises.<\/p>\n\n\n\n<h2 class=\"wp-block-heading\">Premi\u00e8res images de la Hyundai Ioniq 5<\/h2>\n\n\n\n<figure class=\"wp-block-image size-large\"><img loading=\"lazy\" decoding=\"async\" width=\"1024\" height=\"567\" src=\"https:\/\/www.albilegeant.com\/articles\/wp-content\/uploads\/2021\/01\/Photo-1_IONIQ-5-Teaser-Image_Front-1024x567.jpg\" alt=\"Hyundai Ioniq 5\" class=\"wp-image-14716\" srcset=\"https:\/\/www.albilegeant.com\/articles\/wp-content\/uploads\/2021\/01\/Photo-1_IONIQ-5-Teaser-Image_Front-1024x567.jpg 1024w, https:\/\/www.albilegeant.com\/articles\/wp-content\/uploads\/2021\/01\/Photo-1_IONIQ-5-Teaser-Image_Front-300x166.jpg 300w, https:\/\/www.albilegeant.com\/articles\/wp-content\/uploads\/2021\/01\/Photo-1_IONIQ-5-Teaser-Image_Front-768x425.jpg 768w, https:\/\/www.albilegeant.com\/articles\/wp-content\/uploads\/2021\/01\/Photo-1_IONIQ-5-Teaser-Image_Front-1536x850.jpg 1536w, https:\/\/www.albilegeant.com\/articles\/wp-content\/uploads\/2021\/01\/Photo-1_IONIQ-5-Teaser-Image_Front-2048x1133.jpg 2048w, https:\/\/www.albilegeant.com\/articles\/wp-content\/uploads\/2021\/01\/Photo-1_IONIQ-5-Teaser-Image_Front-624x345.jpg 624w\" sizes=\"auto, (max-width: 1024px) 100vw, 1024px\" \/><\/figure>\n\n\n\n<p>Mais le Hyundai Kona N n\u2019est pas la seule nouveaut\u00e9 de <a href=\"https:\/\/www.albihyundai.com\/fr\/\">Hyundai<\/a> en ce d\u00e9but d\u2019ann\u00e9e. La Ioniq 5 a aussi fait l\u2019objet d\u2019un d\u00e9voilement, bien que partiel. Enti\u00e8rement \u00e9lectrique, ce nouveau v\u00e9hicule est le premier \u00e0 reposer sur la nouvelle plateforme E-GMP du constructeur, con\u00e7ue sp\u00e9cifiquement pour les voitures \u00e9lectriques.<\/p>\n\n\n\n<figure class=\"wp-block-image size-large\"><img loading=\"lazy\" decoding=\"async\" width=\"1024\" height=\"596\" src=\"https:\/\/www.albilegeant.com\/articles\/wp-content\/uploads\/2021\/01\/Photo-3_IONIQ-5-Teaser-Image_Side-1024x596.jpg\" alt=\"Hyundai Ioniq 5\" class=\"wp-image-14717\" srcset=\"https:\/\/www.albilegeant.com\/articles\/wp-content\/uploads\/2021\/01\/Photo-3_IONIQ-5-Teaser-Image_Side-1024x596.jpg 1024w, https:\/\/www.albilegeant.com\/articles\/wp-content\/uploads\/2021\/01\/Photo-3_IONIQ-5-Teaser-Image_Side-300x175.jpg 300w, https:\/\/www.albilegeant.com\/articles\/wp-content\/uploads\/2021\/01\/Photo-3_IONIQ-5-Teaser-Image_Side-768x447.jpg 768w, https:\/\/www.albilegeant.com\/articles\/wp-content\/uploads\/2021\/01\/Photo-3_IONIQ-5-Teaser-Image_Side-1536x895.jpg 1536w, https:\/\/www.albilegeant.com\/articles\/wp-content\/uploads\/2021\/01\/Photo-3_IONIQ-5-Teaser-Image_Side-2048x1193.jpg 2048w, https:\/\/www.albilegeant.com\/articles\/wp-content\/uploads\/2021\/01\/Photo-3_IONIQ-5-Teaser-Image_Side-624x363.jpg 624w\" sizes=\"auto, (max-width: 1024px) 100vw, 1024px\" \/><\/figure>\n\n\n\n<p>Bien s\u00fbr, on peut parler du design bas\u00e9 sur les pixels param\u00e9triques, ou du fini \u00e9cologique CMF. Deux \u00e9l\u00e9ments qui distinguent la voiture et qui la relie au monde num\u00e9rique. Mais ce que Hyundai veut que l\u2019on retienne, c\u2019est davantage sa capacit\u00e9 \u00e0 \u00eatre polyvalente.<\/p>\n\n\n\n<figure class=\"wp-block-embed-youtube wp-block-embed is-type-video is-provider-youtube wp-embed-aspect-16-9 wp-has-aspect-ratio\"><div class=\"wp-block-embed__wrapper\">\n<iframe loading=\"lazy\" title=\"Hyundai IONIQ 5 Ultimate Camping | Teaser 1 \u2013 Cooking\" width=\"625\" height=\"352\" src=\"https:\/\/www.youtube.com\/embed\/zQZ_l8eQfAI?feature=oembed\" frameborder=\"0\" allow=\"accelerometer; autoplay; clipboard-write; encrypted-media; gyroscope; picture-in-picture; web-share\" referrerpolicy=\"strict-origin-when-cross-origin\" allowfullscreen><\/iframe>\n<\/div><\/figure>\n\n\n\n<p>Ainsi, une campagne vid\u00e9o sur le th\u00e8me du camping, et des diff\u00e9rents usages de la Ioniq 5, pr\u00e9c\u00e8de le d\u00e9voilement de la voiture en f\u00e9vrier 2021. Rappelons que <a href=\"https:\/\/www.albilegeant.com\/articles\/actualites\/ioniq-devient-une-marque\/\">Ioniq deviendra une division<\/a> \u00e0 part enti\u00e8re, se d\u00e9tachant de l\u2019appellation Hyundai. Plusieurs autres v\u00e9hicules \u00e9lectriques se joindront \u00e0 la gamme au fil des ann\u00e9es. En attendant, si vous voulez voir de quoi la Ioniq 5 est capable, regardez ces courtes vid\u00e9os, en anglais, mais simples \u00e0 comprendre! <\/p>\n\n\n\n<p>On a h\u00e2te en f\u00e9vrier! <\/p>\n","protected":false},"excerpt":{"rendered":"<p>La semaine a \u00e9t\u00e9 riche en \u00e9motions pour Hyundai. Le constructeur cor\u00e9en a en effet multipli\u00e9 les bonnes nouvelles. La derni\u00e8re en lice, c\u2019est l\u2019arriv\u00e9e officielle du Hyundai Kona N et de la Hyundai Ioniq 5. Pour ceux qui ne sont pas familiers, sachez que la version N est la version de performance de Hyundai. [&hellip;]<\/p>\n","protected":false},"author":5,"featured_media":14715,"comment_status":"closed","ping_status":"open","sticky":false,"template":"","format":"standard","meta":{"footnotes":""},"categories":[5],"tags":[],"class_list":["post-14714","post","type-post","status-publish","format-standard","has-post-thumbnail","hentry","category-actualites"],"_links":{"self":[{"href":"https:\/\/www.albilegeant.com\/articles\/wp-json\/wp\/v2\/posts\/14714","targetHints":{"allow":["GET"]}}],"collection":[{"href":"https:\/\/www.albilegeant.com\/articles\/wp-json\/wp\/v2\/posts"}],"about":[{"href":"https:\/\/www.albilegeant.com\/articles\/wp-json\/wp\/v2\/types\/post"}],"author":[{"embeddable":true,"href":"https:\/\/www.albilegeant.com\/articles\/wp-json\/wp\/v2\/users\/5"}],"replies":[{"embeddable":true,"href":"https:\/\/www.albilegeant.com\/articles\/wp-json\/wp\/v2\/comments?post=14714"}],"version-history":[{"count":1,"href":"https:\/\/www.albilegeant.com\/articles\/wp-json\/wp\/v2\/posts\/14714\/revisions"}],"predecessor-version":[{"id":14719,"href":"https:\/\/www.albilegeant.com\/articles\/wp-json\/wp\/v2\/posts\/14714\/revisions\/14719"}],"wp:featuredmedia":[{"embeddable":true,"href":"https:\/\/www.albilegeant.com\/articles\/wp-json\/wp\/v2\/media\/14715"}],"wp:attachment":[{"href":"https:\/\/www.albilegeant.com\/articles\/wp-json\/wp\/v2\/media?parent=14714"}],"wp:term":[{"taxonomy":"category","embeddable":true,"href":"https:\/\/www.albilegeant.com\/articles\/wp-json\/wp\/v2\/categories?post=14714"},{"taxonomy":"post_tag","embeddable":true,"href":"https:\/\/www.albilegeant.com\/articles\/wp-json\/wp\/v2\/tags?post=14714"}],"curies":[{"name":"wp","href":"https:\/\/api.w.org\/{rel}","templated":true}]}}