{"id":14732,"date":"2021-01-22T09:21:49","date_gmt":"2021-01-22T14:21:49","guid":{"rendered":"https:\/\/www.albilegeant.com\/articles\/?p=14732"},"modified":"2021-01-22T09:21:51","modified_gmt":"2021-01-22T14:21:51","slug":"lajac-devoile-ses-finalistes-vehicules-de-lannee","status":"publish","type":"post","link":"https:\/\/www.albilegeant.com\/articles\/actualites\/lajac-devoile-ses-finalistes-vehicules-de-lannee\/","title":{"rendered":"L\u2019AJAC d\u00e9voile ses finalistes : v\u00e9hicules de l\u2019ann\u00e9e!"},"content":{"rendered":"\n<p>L\u2019Association des Journalistes Automobiles du Canada (AJAC) d\u00e9voile les finalistes de l\u2019ann\u00e9e aux titres de v\u00e9hicules de l\u2019ann\u00e9e dans diff\u00e9rentes cat\u00e9gories. Plusieurs de ces v\u00e9hicules sont d\u00e9j\u00e0 en vente chez vos concessionnaires ALBI le G\u00e9ant.<\/p>\n\n\n\n<p>Le concours du v\u00e9hicule canadien de l\u2019ann\u00e9e prend cette\nann\u00e9e, une dr\u00f4le de tournure. Les \u00e9v\u00e9nements ont en effet forc\u00e9 l\u2019association \u00e0\nsuspendre son festival des essais annuel, au cours duquel les journalistes\nmembres proc\u00e9daient \u00e0 l\u2019essai des diff\u00e9rents v\u00e9hicules en nomination.<\/p>\n\n\n\n<p>Cette ann\u00e9e, les essais ont donc eu lieu directement dans\nchacune des villes de r\u00e9sidence des membres votants, tout au long de l\u2019ann\u00e9e.\nEt ce sont ces r\u00e9sultats qui ont permis de nommer trois finalistes par\ncat\u00e9gorie.<\/p>\n\n\n\n<p>Pr\u00e9cisons cependant que cette fa\u00e7on de faire a forc\u00e9\nl\u2019Association \u00e0 r\u00e9duire le nombre de cat\u00e9gories en nomination. Il a aussi fallu\nregroupe des v\u00e9hicules sous des appellations plus g\u00e9n\u00e9riques. Ces changements\nn\u2019affectent cependant pas les r\u00e9sultats. <\/p>\n\n\n\n<p>Chacun des v\u00e9hicules \u00e9valu\u00e9s est test\u00e9 par un des 127 journalistes membres de l\u2019AJAC. Ils sont \u00e9valu\u00e9s selon une liste de crit\u00e8res pr\u00e9cis, communs \u00e0 tous les v\u00e9hicules. Et c\u2019est une firme comptable ind\u00e9pendante qui compile le tout et d\u00e9termine les finalistes.<\/p>\n\n\n\n<h2 class=\"wp-block-heading\">Voici les finalistes de l&rsquo;AJAC par cat\u00e9gorie<\/h2>\n\n\n\n<p>Ainsi, dans la cat\u00e9gorie des voitures de taille interm\u00e9diaire (oui, l\u2019appellation est g\u00e9n\u00e9rique), les finalistes sont notamment la Mazda3, profitant d\u00e9sormais d\u2019un rouage int\u00e9gral et d\u2019un moteur turbo; la Nissan Sentra, totalement remani\u00e9e; et la Toyota Corolla.<\/p>\n\n\n\n<h3 class=\"wp-block-heading\">Voiture de grande taille <\/h3>\n\n\n\n<p>Hyundai Sonata, <a href=\"https:\/\/www.albilegeant.com\/articles\/actualites\/kia-k5-2021-ce-quil-faut-savoir\/\">Kia K5<\/a> et Toyota Camry<\/p>\n\n\n\n<figure class=\"wp-block-image size-large is-resized\"><img decoding=\"async\" src=\"https:\/\/www.albilegeant.com\/articles\/wp-content\/uploads\/2021\/01\/kia-k5-design-1024x683.jpg\" alt=\"finalistes AJAC Kia K5\" class=\"wp-image-14675\" width=\"800\" srcset=\"https:\/\/www.albilegeant.com\/articles\/wp-content\/uploads\/2021\/01\/kia-k5-design-1024x683.jpg 1024w, https:\/\/www.albilegeant.com\/articles\/wp-content\/uploads\/2021\/01\/kia-k5-design-300x200.jpg 300w, https:\/\/www.albilegeant.com\/articles\/wp-content\/uploads\/2021\/01\/kia-k5-design-768x512.jpg 768w, https:\/\/www.albilegeant.com\/articles\/wp-content\/uploads\/2021\/01\/kia-k5-design-624x416.jpg 624w, https:\/\/www.albilegeant.com\/articles\/wp-content\/uploads\/2021\/01\/kia-k5-design.jpg 1350w\" sizes=\"(max-width: 1024px) 100vw, 1024px\" \/><figcaption>Kia K5 2021<\/figcaption><\/figure>\n\n\n\n<h3 class=\"wp-block-heading\">Voiture de luxe <\/h3>\n\n\n\n<p>Cadillac CT5, Genesis G70 et <a href=\"https:\/\/www.albilegeant.com\/articles\/actualites\/voici-la-genesis-g80-2021\/\">Genesis G80<\/a><\/p>\n\n\n\n<figure class=\"wp-block-image size-large is-resized\"><img decoding=\"async\" src=\"https:\/\/www.albilegeant.com\/articles\/wp-content\/uploads\/2021\/01\/124574659_2794853550768972_8311629589597738759_o-1024x1024.jpg\" alt=\"finalistes AJAC Genesis G80\" class=\"wp-image-14733\" width=\"800\" srcset=\"https:\/\/www.albilegeant.com\/articles\/wp-content\/uploads\/2021\/01\/124574659_2794853550768972_8311629589597738759_o-1024x1024.jpg 1024w, https:\/\/www.albilegeant.com\/articles\/wp-content\/uploads\/2021\/01\/124574659_2794853550768972_8311629589597738759_o-300x300.jpg 300w, https:\/\/www.albilegeant.com\/articles\/wp-content\/uploads\/2021\/01\/124574659_2794853550768972_8311629589597738759_o-150x150.jpg 150w, https:\/\/www.albilegeant.com\/articles\/wp-content\/uploads\/2021\/01\/124574659_2794853550768972_8311629589597738759_o-768x768.jpg 768w, https:\/\/www.albilegeant.com\/articles\/wp-content\/uploads\/2021\/01\/124574659_2794853550768972_8311629589597738759_o-624x624.jpg 624w, https:\/\/www.albilegeant.com\/articles\/wp-content\/uploads\/2021\/01\/124574659_2794853550768972_8311629589597738759_o.jpg 1080w\" sizes=\"(max-width: 1024px) 100vw, 1024px\" \/><figcaption>Genesis G80 2021<\/figcaption><\/figure>\n\n\n\n<h3 class=\"wp-block-heading\">VUS Compact <\/h3>\n\n\n\n<p><a href=\"https:\/\/www.albikia.com\/fr\/vehicule-neuf\/kia-seltos-2021\/\">Kia Seltos<\/a>, <a href=\"https:\/\/www.albilegeant.com\/articles\/actualites\/comparaison-mazda-cx-3-ou-mazda-cx-30\/\">Mazda CX-30<\/a> et Subaru Crosstrek<\/p>\n\n\n\n<figure class=\"wp-block-image size-large is-resized\"><img decoding=\"async\" src=\"https:\/\/www.albilegeant.com\/articles\/wp-content\/uploads\/2021\/01\/129280820_10157473332975741_3671391212300886609_o-1024x882.jpg\" alt=\"finalistes AJAC\" class=\"wp-image-14734\" width=\"800\" srcset=\"https:\/\/www.albilegeant.com\/articles\/wp-content\/uploads\/2021\/01\/129280820_10157473332975741_3671391212300886609_o-1024x882.jpg 1024w, https:\/\/www.albilegeant.com\/articles\/wp-content\/uploads\/2021\/01\/129280820_10157473332975741_3671391212300886609_o-300x258.jpg 300w, https:\/\/www.albilegeant.com\/articles\/wp-content\/uploads\/2021\/01\/129280820_10157473332975741_3671391212300886609_o-768x662.jpg 768w, https:\/\/www.albilegeant.com\/articles\/wp-content\/uploads\/2021\/01\/129280820_10157473332975741_3671391212300886609_o-1536x1323.jpg 1536w, https:\/\/www.albilegeant.com\/articles\/wp-content\/uploads\/2021\/01\/129280820_10157473332975741_3671391212300886609_o-624x537.jpg 624w, https:\/\/www.albilegeant.com\/articles\/wp-content\/uploads\/2021\/01\/129280820_10157473332975741_3671391212300886609_o.jpg 1587w\" sizes=\"(max-width: 1024px) 100vw, 1024px\" \/><figcaption>Mazda CX-30 2021<\/figcaption><\/figure>\n\n\n\n<h3 class=\"wp-block-heading\">VUS de taille interm\u00e9diaire <\/h3>\n\n\n\n<p>Mazda CX-5, <a href=\"https:\/\/www.albilegeant.com\/articles\/actualites\/nissan-rogue-2021-ce-quil-faut-savoir\/\">Nissan Rogue<\/a> et Toyota Venza<\/p>\n\n\n\n<figure class=\"wp-block-image size-large is-resized\"><img decoding=\"async\" src=\"https:\/\/www.albilegeant.com\/articles\/wp-content\/uploads\/2021\/01\/125483003_10164320752335363_6498902183032261366_o-1024x1024.jpg\" alt=\"Mazda CX-5\" class=\"wp-image-14735\" width=\"800\" srcset=\"https:\/\/www.albilegeant.com\/articles\/wp-content\/uploads\/2021\/01\/125483003_10164320752335363_6498902183032261366_o-1024x1024.jpg 1024w, https:\/\/www.albilegeant.com\/articles\/wp-content\/uploads\/2021\/01\/125483003_10164320752335363_6498902183032261366_o-300x300.jpg 300w, https:\/\/www.albilegeant.com\/articles\/wp-content\/uploads\/2021\/01\/125483003_10164320752335363_6498902183032261366_o-150x150.jpg 150w, https:\/\/www.albilegeant.com\/articles\/wp-content\/uploads\/2021\/01\/125483003_10164320752335363_6498902183032261366_o-768x768.jpg 768w, https:\/\/www.albilegeant.com\/articles\/wp-content\/uploads\/2021\/01\/125483003_10164320752335363_6498902183032261366_o-1536x1536.jpg 1536w, https:\/\/www.albilegeant.com\/articles\/wp-content\/uploads\/2021\/01\/125483003_10164320752335363_6498902183032261366_o-624x624.jpg 624w, https:\/\/www.albilegeant.com\/articles\/wp-content\/uploads\/2021\/01\/125483003_10164320752335363_6498902183032261366_o.jpg 1920w\" sizes=\"(max-width: 1024px) 100vw, 1024px\" \/><figcaption>Mazda CX-5 2021<\/figcaption><\/figure>\n\n\n\n<h3 class=\"wp-block-heading\">VUS de grande taille<\/h3>\n\n\n\n<p>Chevrolet Tahoe, GMC Yukon et <a href=\"https:\/\/www.albilegeant.com\/articles\/blogue\/kia-telluride-surpasse-la-competition\/\">Kia Telluride<\/a> (VUS de grande taille de l\u2019ann\u00e9e en 2020)<\/p>\n\n\n\n<figure class=\"wp-block-image size-large is-resized\"><img decoding=\"async\" src=\"https:\/\/www.albilegeant.com\/articles\/wp-content\/uploads\/2021\/01\/Emkx3L5XYAIlHQq-low-1024x768.jpg\" alt=\"finalistes AJAC Kia Telluride\" class=\"wp-image-14737\" width=\"800\" srcset=\"https:\/\/www.albilegeant.com\/articles\/wp-content\/uploads\/2021\/01\/Emkx3L5XYAIlHQq-low-1024x768.jpg 1024w, https:\/\/www.albilegeant.com\/articles\/wp-content\/uploads\/2021\/01\/Emkx3L5XYAIlHQq-low-300x225.jpg 300w, https:\/\/www.albilegeant.com\/articles\/wp-content\/uploads\/2021\/01\/Emkx3L5XYAIlHQq-low-768x576.jpg 768w, https:\/\/www.albilegeant.com\/articles\/wp-content\/uploads\/2021\/01\/Emkx3L5XYAIlHQq-low-624x468.jpg 624w, https:\/\/www.albilegeant.com\/articles\/wp-content\/uploads\/2021\/01\/Emkx3L5XYAIlHQq-low.jpg 1280w\" sizes=\"(max-width: 1024px) 100vw, 1024px\" \/><figcaption>Kia Telluride 2021<\/figcaption><\/figure>\n\n\n\n<h3 class=\"wp-block-heading\">VUS de luxe de taille interm\u00e9diaire <\/h3>\n\n\n\n<p><a href=\"https:\/\/www.albilegeant.com\/articles\/actualites\/ce-quil-faut-savoir-sur-le-genesis-gv80\/\">Genesis GV80<\/a>, Land Rover Defender et Lincoln Corsair.<\/p>\n\n\n\n<figure class=\"wp-block-image size-large is-resized\"><img decoding=\"async\" src=\"https:\/\/www.albilegeant.com\/articles\/wp-content\/uploads\/2021\/01\/125371607_2794897604097900_5790187382748174238_o-1024x1024.jpg\" alt=\"finalistes AJAC Genesis GV80\" class=\"wp-image-14738\" width=\"800\" srcset=\"https:\/\/www.albilegeant.com\/articles\/wp-content\/uploads\/2021\/01\/125371607_2794897604097900_5790187382748174238_o-1024x1024.jpg 1024w, https:\/\/www.albilegeant.com\/articles\/wp-content\/uploads\/2021\/01\/125371607_2794897604097900_5790187382748174238_o-300x300.jpg 300w, https:\/\/www.albilegeant.com\/articles\/wp-content\/uploads\/2021\/01\/125371607_2794897604097900_5790187382748174238_o-150x150.jpg 150w, https:\/\/www.albilegeant.com\/articles\/wp-content\/uploads\/2021\/01\/125371607_2794897604097900_5790187382748174238_o-768x768.jpg 768w, https:\/\/www.albilegeant.com\/articles\/wp-content\/uploads\/2021\/01\/125371607_2794897604097900_5790187382748174238_o-624x624.jpg 624w, https:\/\/www.albilegeant.com\/articles\/wp-content\/uploads\/2021\/01\/125371607_2794897604097900_5790187382748174238_o.jpg 1080w\" sizes=\"(max-width: 1024px) 100vw, 1024px\" \/><figcaption>Genesis GV80 2021<\/figcaption><\/figure>\n\n\n\n<h3 class=\"wp-block-heading\">Camionnettes pleine grandeur <\/h3>\n\n\n\n<p>Chevrolet Silverado, Nissan Titan et <a href=\"https:\/\/www.albilegeant.com\/articles\/blogue\/voici-le-ram-1500-trx-et-ses-702-chevaux\/\">Ram 1500<\/a> (camionnette de l&rsquo;ann\u00e9e en 2020).<\/p>\n\n\n\n<figure class=\"wp-block-image size-large is-resized\"><img decoding=\"async\" src=\"https:\/\/www.albilegeant.com\/articles\/wp-content\/uploads\/2021\/01\/122744285_10156889702764364_3168289575004180868_o-819x1024.jpg\" alt=\"RAM 1500\" class=\"wp-image-14739\" width=\"800\" srcset=\"https:\/\/www.albilegeant.com\/articles\/wp-content\/uploads\/2021\/01\/122744285_10156889702764364_3168289575004180868_o-819x1024.jpg 819w, https:\/\/www.albilegeant.com\/articles\/wp-content\/uploads\/2021\/01\/122744285_10156889702764364_3168289575004180868_o-240x300.jpg 240w, https:\/\/www.albilegeant.com\/articles\/wp-content\/uploads\/2021\/01\/122744285_10156889702764364_3168289575004180868_o-768x960.jpg 768w, https:\/\/www.albilegeant.com\/articles\/wp-content\/uploads\/2021\/01\/122744285_10156889702764364_3168289575004180868_o-624x780.jpg 624w, https:\/\/www.albilegeant.com\/articles\/wp-content\/uploads\/2021\/01\/122744285_10156889702764364_3168289575004180868_o.jpg 1080w\" sizes=\"(max-width: 819px) 100vw, 819px\" \/><figcaption>RAM 1500<\/figcaption><\/figure>\n\n\n\n<p>Les gagnants par cat\u00e9gorie seront annonc\u00e9s le 20 f\u00e9vrier, alors que les voiture, <a href=\"https:\/\/www.albilegeant.com\/articles\/actualites\/top-10-des-meilleurs-vus-2020\/\">VUS<\/a> et camionnette de l\u2019ann\u00e9e seront choisis \u00e0 une date ult\u00e9rieure.<\/p>\n","protected":false},"excerpt":{"rendered":"<p>L\u2019Association des Journalistes Automobiles du Canada (AJAC) d\u00e9voile les finalistes de l\u2019ann\u00e9e aux titres de v\u00e9hicules de l\u2019ann\u00e9e dans diff\u00e9rentes cat\u00e9gories. Plusieurs de ces v\u00e9hicules sont d\u00e9j\u00e0 en vente chez vos concessionnaires ALBI le G\u00e9ant. Le concours du v\u00e9hicule canadien de l\u2019ann\u00e9e prend cette ann\u00e9e, une dr\u00f4le de tournure. Les \u00e9v\u00e9nements ont en effet forc\u00e9 [&hellip;]<\/p>\n","protected":false},"author":5,"featured_media":14734,"comment_status":"closed","ping_status":"open","sticky":false,"template":"","format":"standard","meta":{"footnotes":""},"categories":[5],"tags":[],"class_list":["post-14732","post","type-post","status-publish","format-standard","has-post-thumbnail","hentry","category-actualites"],"_links":{"self":[{"href":"https:\/\/www.albilegeant.com\/articles\/wp-json\/wp\/v2\/posts\/14732","targetHints":{"allow":["GET"]}}],"collection":[{"href":"https:\/\/www.albilegeant.com\/articles\/wp-json\/wp\/v2\/posts"}],"about":[{"href":"https:\/\/www.albilegeant.com\/articles\/wp-json\/wp\/v2\/types\/post"}],"author":[{"embeddable":true,"href":"https:\/\/www.albilegeant.com\/articles\/wp-json\/wp\/v2\/users\/5"}],"replies":[{"embeddable":true,"href":"https:\/\/www.albilegeant.com\/articles\/wp-json\/wp\/v2\/comments?post=14732"}],"version-history":[{"count":1,"href":"https:\/\/www.albilegeant.com\/articles\/wp-json\/wp\/v2\/posts\/14732\/revisions"}],"predecessor-version":[{"id":14740,"href":"https:\/\/www.albilegeant.com\/articles\/wp-json\/wp\/v2\/posts\/14732\/revisions\/14740"}],"wp:featuredmedia":[{"embeddable":true,"href":"https:\/\/www.albilegeant.com\/articles\/wp-json\/wp\/v2\/media\/14734"}],"wp:attachment":[{"href":"https:\/\/www.albilegeant.com\/articles\/wp-json\/wp\/v2\/media?parent=14732"}],"wp:term":[{"taxonomy":"category","embeddable":true,"href":"https:\/\/www.albilegeant.com\/articles\/wp-json\/wp\/v2\/categories?post=14732"},{"taxonomy":"post_tag","embeddable":true,"href":"https:\/\/www.albilegeant.com\/articles\/wp-json\/wp\/v2\/tags?post=14732"}],"curies":[{"name":"wp","href":"https:\/\/api.w.org\/{rel}","templated":true}]}}