{"id":14882,"date":"2021-03-02T16:08:30","date_gmt":"2021-03-02T21:08:30","guid":{"rendered":"https:\/\/www.albilegeant.com\/articles\/?p=14882"},"modified":"2021-03-02T16:08:32","modified_gmt":"2021-03-02T21:08:32","slug":"volvo-c40-recharge-vus-coupe-100-electrique","status":"publish","type":"post","link":"https:\/\/www.albilegeant.com\/articles\/actualites\/volvo-c40-recharge-vus-coupe-100-electrique\/","title":{"rendered":"Volvo C40 Recharge : VUS coup\u00e9 100% \u00e9lectrique"},"content":{"rendered":"\n<p>Il faudra attendre en 2030, soit dans quelques ann\u00e9es \u00e0 peine. Mais le constructeur su\u00e9dois Volvo mettra fin \u00e0 la production de v\u00e9hicules \u00e0 essence. Il concentrera tous ses efforts vers la motorisation \u00e9lectrique. Le Volvo C40 Recharge est le nouveau VUS 100% \u00e9lectrique de Volvo qui marquera le d\u00e9but du projet.<\/p>\n\n\n\n<p>L\u2019annonce, faite au cours des derniers jours, a aussi servi de pr\u00e9texte pour d\u00e9voiler le tout nouveau C40. Partageant la motorisation \u00e9lectrique \u00e0 deux moteurs du <a href=\"https:\/\/www.albilegeant.com\/articles\/actualites\/volvo-xc40-recharge-vus-electrique-de-luxe\/\">XC40<\/a>, le C40 est en fait, un VUS coup\u00e9.<\/p>\n\n\n\n<h2 class=\"wp-block-heading\">VUS coup\u00e9 100% \u00e9lectrique<\/h2>\n\n\n\n<p>La propulsion consiste en deux moteurs \u00e9lectriques, l&rsquo;un \u00e0\nl&rsquo;avant et l&rsquo;autre \u00e0 l&rsquo;arri\u00e8re, aliment\u00e9s par une batterie de 78 kWh qui peut\n\u00eatre recharg\u00e9e rapidement \u00e0 80 % en 40 minutes environ. Elle offre une\nautonomie pr\u00e9vue d&rsquo;environ 420 km, qui devrait s&rsquo;am\u00e9liorer au fil du temps gr\u00e2ce\naux mises \u00e0 jour du logiciel en direct.<\/p>\n\n\n\n<p>Pr\u00e9cisons cependant que le temps de recharge est estim\u00e9 sur les bornes de recharge rapide. Et que l\u2019autonomie est celle estim\u00e9e par le cycle europ\u00e9en WLTP. Une autre analyse devra \u00eatre faite en Am\u00e9rique du Nord.<\/p>\n\n\n\n<h2 class=\"wp-block-heading\">L&rsquo;ext\u00e9rieur du Volvo C40 Recharge<\/h2>\n\n\n\n<figure class=\"wp-block-image size-large is-resized\"><img decoding=\"async\" src=\"https:\/\/www.albilegeant.com\/articles\/wp-content\/uploads\/2021\/03\/Volvo_C40Recharge_profile-1024x683.jpg\" alt=\"\" class=\"wp-image-14883\" width=\"800\" srcset=\"https:\/\/www.albilegeant.com\/articles\/wp-content\/uploads\/2021\/03\/Volvo_C40Recharge_profile-1024x683.jpg 1024w, https:\/\/www.albilegeant.com\/articles\/wp-content\/uploads\/2021\/03\/Volvo_C40Recharge_profile-300x200.jpg 300w, https:\/\/www.albilegeant.com\/articles\/wp-content\/uploads\/2021\/03\/Volvo_C40Recharge_profile-768x512.jpg 768w, https:\/\/www.albilegeant.com\/articles\/wp-content\/uploads\/2021\/03\/Volvo_C40Recharge_profile-1536x1024.jpg 1536w, https:\/\/www.albilegeant.com\/articles\/wp-content\/uploads\/2021\/03\/Volvo_C40Recharge_profile-2048x1366.jpg 2048w, https:\/\/www.albilegeant.com\/articles\/wp-content\/uploads\/2021\/03\/Volvo_C40Recharge_profile-624x416.jpg 624w\" sizes=\"(max-width: 1024px) 100vw, 1024px\" \/><\/figure>\n\n\n\n<p>Sa silhouette, plus a\u00e9rodynamique que celle de la <a href=\"https:\/\/www.albilegeant.com\/articles\/actualites\/volvo-xc40-recharge-inspire-de-tesla\/\">XC40<\/a>, reprend certains des \u00e9l\u00e9ments de Volvo. On y retrouve notamment les blocs optiques arri\u00e8re en zigzags. Mais le C40 Recharge est la premier v\u00e9hicule Volvo \u00e0 utiliser de nouveaux phares avant \u00e0 pixels. Ces derniers permettent un \u00e9clairage plus raffin\u00e9, et que l\u2019on peut ais\u00e9ment moduler pour suivre les mouvements du v\u00e9hicule.<\/p>\n\n\n\n<p>On retrouve d\u00e9j\u00e0 le <a href=\"https:\/\/www.albivolvo.com\/fr\/vehicule-neuf\/volvo-xc40-recharge-2021\/\">XC40 Recharge <\/a>chez votre concessionnaire <a href=\"https:\/\/www.albivolvo.com\/fr\/\">ALBI Volvo<\/a>, le C40 est dot\u00e9 d\u2019un syst\u00e8me multim\u00e9dia de nouvelle g\u00e9n\u00e9ration. Il est propuls\u00e9 par le syst\u00e8me Android de Google. En termes clairs, cela permet d\u2019utiliser les outils de navigation comme Google Map. Il offre aussi un acc\u00e8s au \u00ab&nbsp;Google Play&nbsp;\u00bb, la banque d\u2019applications de Google. Vous pouvez alors t\u00e9l\u00e9charger dans le v\u00e9hicule l\u2019application qui vous convient.<\/p>\n\n\n\n<p>L&rsquo;assemblage du nouveau Volvo C40 sera fait en Belgique, dans la m\u00eame usine que le XC40 dont il partage la plateforme. Il sera disponible en d\u00e9but d\u2019ann\u00e9e prochaine.<\/p>\n","protected":false},"excerpt":{"rendered":"<p>Il faudra attendre en 2030, soit dans quelques ann\u00e9es \u00e0 peine. Mais le constructeur su\u00e9dois Volvo mettra fin \u00e0 la production de v\u00e9hicules \u00e0 essence. Il concentrera tous ses efforts vers la motorisation \u00e9lectrique. Le Volvo C40 Recharge est le nouveau VUS 100% \u00e9lectrique de Volvo qui marquera le d\u00e9but du projet. L\u2019annonce, faite au [&hellip;]<\/p>\n","protected":false},"author":5,"featured_media":14884,"comment_status":"closed","ping_status":"open","sticky":false,"template":"","format":"standard","meta":{"footnotes":""},"categories":[5],"tags":[],"class_list":["post-14882","post","type-post","status-publish","format-standard","has-post-thumbnail","hentry","category-actualites"],"_links":{"self":[{"href":"https:\/\/www.albilegeant.com\/articles\/wp-json\/wp\/v2\/posts\/14882","targetHints":{"allow":["GET"]}}],"collection":[{"href":"https:\/\/www.albilegeant.com\/articles\/wp-json\/wp\/v2\/posts"}],"about":[{"href":"https:\/\/www.albilegeant.com\/articles\/wp-json\/wp\/v2\/types\/post"}],"author":[{"embeddable":true,"href":"https:\/\/www.albilegeant.com\/articles\/wp-json\/wp\/v2\/users\/5"}],"replies":[{"embeddable":true,"href":"https:\/\/www.albilegeant.com\/articles\/wp-json\/wp\/v2\/comments?post=14882"}],"version-history":[{"count":3,"href":"https:\/\/www.albilegeant.com\/articles\/wp-json\/wp\/v2\/posts\/14882\/revisions"}],"predecessor-version":[{"id":14887,"href":"https:\/\/www.albilegeant.com\/articles\/wp-json\/wp\/v2\/posts\/14882\/revisions\/14887"}],"wp:featuredmedia":[{"embeddable":true,"href":"https:\/\/www.albilegeant.com\/articles\/wp-json\/wp\/v2\/media\/14884"}],"wp:attachment":[{"href":"https:\/\/www.albilegeant.com\/articles\/wp-json\/wp\/v2\/media?parent=14882"}],"wp:term":[{"taxonomy":"category","embeddable":true,"href":"https:\/\/www.albilegeant.com\/articles\/wp-json\/wp\/v2\/categories?post=14882"},{"taxonomy":"post_tag","embeddable":true,"href":"https:\/\/www.albilegeant.com\/articles\/wp-json\/wp\/v2\/tags?post=14882"}],"curies":[{"name":"wp","href":"https:\/\/api.w.org\/{rel}","templated":true}]}}