{"id":14897,"date":"2021-03-05T16:28:14","date_gmt":"2021-03-05T21:28:14","guid":{"rendered":"https:\/\/www.albilegeant.com\/articles\/?p=14897"},"modified":"2021-03-05T16:28:16","modified_gmt":"2021-03-05T21:28:16","slug":"voitures-canadiennes-de-lannee-place-aux-finalistes","status":"publish","type":"post","link":"https:\/\/www.albilegeant.com\/articles\/actualites\/voitures-canadiennes-de-lannee-place-aux-finalistes\/","title":{"rendered":"Voitures canadiennes de l\u2019ann\u00e9e : place aux finalistes"},"content":{"rendered":"\n<p>Chaque ann\u00e9e, l\u2019Association des Journalistes automobiles du Canada (AJAC) proc\u00e8de au choix des voitures canadiennes de l\u2019ann\u00e9e. D\u2019abord s\u00e9lectionn\u00e9s par cat\u00e9gorie, les gagnants sont ensuite r\u00e9\u00e9valu\u00e9s. Et au titre de Voiture canadienne, ou V\u00e9hicule Utilitaire Sport canadien, trois finalistes sont choisis.<\/p>\n\n\n\n<p>Ce sont ces trois finalistes par cat\u00e9gorie qui viennent d\u2019\u00eatre annonc\u00e9s. Et difficile de dire que toute l\u2019\u00e9quipe de ALBI le G\u00e9ant n\u2019\u00e9prouve pas une petite fiert\u00e9. Car tous les finalistes, sans exception, font partie de la grande famille ALBI le G\u00e9ant.<\/p>\n\n\n\n<h2 class=\"wp-block-heading\">Du c\u00f4t\u00e9 des voitures canadiennes, les finalistes sont&nbsp;:<\/h2>\n\n\n\n<h3 class=\"wp-block-heading\">Genesis G80<\/h3>\n\n\n\n<figure class=\"wp-block-image size-large is-resized\"><img decoding=\"async\" src=\"https:\/\/www.albilegeant.com\/articles\/wp-content\/uploads\/2021\/03\/genesis-g80-1024x682.jpg\" alt=\"Voitures canadiennes de l\u2019ann\u00e9e\" class=\"wp-image-14898\" width=\"800\" srcset=\"https:\/\/www.albilegeant.com\/articles\/wp-content\/uploads\/2021\/03\/genesis-g80-1024x682.jpg 1024w, https:\/\/www.albilegeant.com\/articles\/wp-content\/uploads\/2021\/03\/genesis-g80-300x200.jpg 300w, https:\/\/www.albilegeant.com\/articles\/wp-content\/uploads\/2021\/03\/genesis-g80-768x512.jpg 768w, https:\/\/www.albilegeant.com\/articles\/wp-content\/uploads\/2021\/03\/genesis-g80-1536x1023.jpg 1536w, https:\/\/www.albilegeant.com\/articles\/wp-content\/uploads\/2021\/03\/genesis-g80-624x416.jpg 624w, https:\/\/www.albilegeant.com\/articles\/wp-content\/uploads\/2021\/03\/genesis-g80.jpg 1732w\" sizes=\"(max-width: 1024px) 100vw, 1024px\" \/><\/figure>\n\n\n\n<p>Repens\u00e9e cette ann\u00e9e, la berline interm\u00e9diaire de luxe a\nimpressionn\u00e9 par la qualit\u00e9 de sa finition.&nbsp;Les journalistes ont aussi\nappr\u00e9ci\u00e9 la douceur de roulement de cette impressionnante voiture.<\/p>\n\n\n\n<h3 class=\"wp-block-heading\">Kia K5<\/h3>\n\n\n\n<figure class=\"wp-block-image size-large is-resized\"><img decoding=\"async\" src=\"https:\/\/www.albilegeant.com\/articles\/wp-content\/uploads\/2021\/03\/kia-k5-1024x682.jpg\" alt=\"Kia K5 finaliste AJAC\" class=\"wp-image-14899\" width=\"800\" srcset=\"https:\/\/www.albilegeant.com\/articles\/wp-content\/uploads\/2021\/03\/kia-k5-1024x682.jpg 1024w, https:\/\/www.albilegeant.com\/articles\/wp-content\/uploads\/2021\/03\/kia-k5-300x200.jpg 300w, https:\/\/www.albilegeant.com\/articles\/wp-content\/uploads\/2021\/03\/kia-k5-768x512.jpg 768w, https:\/\/www.albilegeant.com\/articles\/wp-content\/uploads\/2021\/03\/kia-k5-624x416.jpg 624w, https:\/\/www.albilegeant.com\/articles\/wp-content\/uploads\/2021\/03\/kia-k5.jpg 1298w\" sizes=\"(max-width: 1024px) 100vw, 1024px\" \/><\/figure>\n\n\n\n<p>On la connait sous le nom de <a href=\"https:\/\/www.albilegeant.com\/articles\/actualites\/kia-optima-2020-voici-la-version-coreenne\/\">Kia Optima<\/a>, mais elle change de nom cette ann\u00e9e. Elle change aussi de silhouette, affichant une allure plus athl\u00e9tique que jamais. Les nombreuses technologies embarqu\u00e9es, et la motorisation dynamique contribuent aussi \u00e0 son succ\u00e8s.<\/p>\n\n\n\n<h3 class=\"wp-block-heading\">Mazda3<\/h3>\n\n\n\n<figure class=\"wp-block-image size-large is-resized\"><img decoding=\"async\" src=\"https:\/\/www.albilegeant.com\/articles\/wp-content\/uploads\/2021\/03\/mazda3-1024x682.jpg\" alt=\"voiture canadienne de l'ann\u00e9e\" class=\"wp-image-14901\" width=\"800\" srcset=\"https:\/\/www.albilegeant.com\/articles\/wp-content\/uploads\/2021\/03\/mazda3-1024x682.jpg 1024w, https:\/\/www.albilegeant.com\/articles\/wp-content\/uploads\/2021\/03\/mazda3-300x200.jpg 300w, https:\/\/www.albilegeant.com\/articles\/wp-content\/uploads\/2021\/03\/mazda3-768x511.jpg 768w, https:\/\/www.albilegeant.com\/articles\/wp-content\/uploads\/2021\/03\/mazda3-624x416.jpg 624w, https:\/\/www.albilegeant.com\/articles\/wp-content\/uploads\/2021\/03\/mazda3.jpg 1299w\" sizes=\"(max-width: 1024px) 100vw, 1024px\" \/><\/figure>\n\n\n\n<p>Elle est dot\u00e9e d\u2019un rouage int\u00e9gral. Elle dispose aussi, cette ann\u00e9e, d\u2019un nouveau moteur turbo de 250 chevaux qu\u2019elle partage avec le reste de la famille. La <a href=\"https:\/\/www.albilegeant.com\/articles\/actualites\/mazda3-turbo-2021-lavez-vous-deja-essaye\/\">Mazda3<\/a> n\u2019a pas chang\u00e9 de style, mais elle d\u00e9m\u00e9nage s\u00e9rieusement.<\/p>\n\n\n\n<h2 class=\"wp-block-heading\">De leur c\u00f4t\u00e9, les finalistes des v\u00e9hicules utilitaires sports canadiens de l\u2019ann\u00e9e sont&nbsp;:<\/h2>\n\n\n\n<h3 class=\"wp-block-heading\">Genesis GV80<\/h3>\n\n\n\n<figure class=\"wp-block-image size-large is-resized\"><img decoding=\"async\" src=\"https:\/\/www.albilegeant.com\/articles\/wp-content\/uploads\/2021\/03\/genesis-gv80-low-1024x529.jpg\" alt=\"GV80 \" class=\"wp-image-14902\" width=\"800\" srcset=\"https:\/\/www.albilegeant.com\/articles\/wp-content\/uploads\/2021\/03\/genesis-gv80-low-1024x529.jpg 1024w, https:\/\/www.albilegeant.com\/articles\/wp-content\/uploads\/2021\/03\/genesis-gv80-low-300x155.jpg 300w, https:\/\/www.albilegeant.com\/articles\/wp-content\/uploads\/2021\/03\/genesis-gv80-low-768x397.jpg 768w, https:\/\/www.albilegeant.com\/articles\/wp-content\/uploads\/2021\/03\/genesis-gv80-low-624x322.jpg 624w, https:\/\/www.albilegeant.com\/articles\/wp-content\/uploads\/2021\/03\/genesis-gv80-low.jpg 1280w\" sizes=\"(max-width: 1024px) 100vw, 1024px\" \/><\/figure>\n\n\n\n<p>Comme sa s\u0153ur berline, le grand utilitaire de luxe propose\nune motorisation turbo efficace. Mais son design ext\u00e9rieur, et la qualit\u00e9 de sa\nfinition le rendent encore plus attirant.<\/p>\n\n\n\n<h3 class=\"wp-block-heading\">Kia Telluride<\/h3>\n\n\n\n<figure class=\"wp-block-image size-large is-resized\"><img decoding=\"async\" src=\"https:\/\/www.albilegeant.com\/articles\/wp-content\/uploads\/2021\/03\/kia-telluride-1024x682.jpg\" alt=\"Kia Telluride\" class=\"wp-image-14900\" width=\"800\" srcset=\"https:\/\/www.albilegeant.com\/articles\/wp-content\/uploads\/2021\/03\/kia-telluride-1024x682.jpg 1024w, https:\/\/www.albilegeant.com\/articles\/wp-content\/uploads\/2021\/03\/kia-telluride-300x200.jpg 300w, https:\/\/www.albilegeant.com\/articles\/wp-content\/uploads\/2021\/03\/kia-telluride-768x512.jpg 768w, https:\/\/www.albilegeant.com\/articles\/wp-content\/uploads\/2021\/03\/kia-telluride-624x416.jpg 624w, https:\/\/www.albilegeant.com\/articles\/wp-content\/uploads\/2021\/03\/kia-telluride.jpg 1298w\" sizes=\"(max-width: 1024px) 100vw, 1024px\" \/><\/figure>\n\n\n\n<p>C\u2019est un v\u00e9ritable ph\u00e9nom\u00e8ne. Le gagnant de l\u2019ann\u00e9e derni\u00e8re\ndans sa cat\u00e9gorie r\u00e9cidive cette ann\u00e9e. Sa silhouette, et son puissant moteur\nV6, en font un VUS spectaculaire.<\/p>\n\n\n\n<h3 class=\"wp-block-heading\">Nissan Rogue<\/h3>\n\n\n\n<figure class=\"wp-block-image size-large is-resized\"><img decoding=\"async\" src=\"https:\/\/www.albilegeant.com\/articles\/wp-content\/uploads\/2021\/03\/nissan-rogue-low-1024x742.jpg\" alt=\"V\u00e9hicule Utilitaire Sport canadien\" class=\"wp-image-14903\" width=\"800\" srcset=\"https:\/\/www.albilegeant.com\/articles\/wp-content\/uploads\/2021\/03\/nissan-rogue-low-1024x742.jpg 1024w, https:\/\/www.albilegeant.com\/articles\/wp-content\/uploads\/2021\/03\/nissan-rogue-low-300x217.jpg 300w, https:\/\/www.albilegeant.com\/articles\/wp-content\/uploads\/2021\/03\/nissan-rogue-low-768x556.jpg 768w, https:\/\/www.albilegeant.com\/articles\/wp-content\/uploads\/2021\/03\/nissan-rogue-low-624x452.jpg 624w, https:\/\/www.albilegeant.com\/articles\/wp-content\/uploads\/2021\/03\/nissan-rogue-low.jpg 1280w\" sizes=\"(max-width: 1024px) 100vw, 1024px\" \/><\/figure>\n\n\n\n<p>Il s\u2019agit probablement de la plus grande \u00e9volution de l\u2019ann\u00e9e. Le nouveau <a href=\"https:\/\/www.albinissan.com\/fr\/vehicule-neuf\/nissan-rogue-2021\/\">Nissan Rogue<\/a> n\u2019a plus rien de commun avec son pr\u00e9d\u00e9cesseur, et la longue liste de commentaires positifs qu\u2019il re\u00e7oit en t\u00e9moigne.<\/p>\n\n\n\n<p>Si vous avez envie de mettre votre connaissance \u00e0 l\u2019\u00e9preuve, lancez-vous un d\u00e9fi. Venez chez ALBI le G\u00e9ant faire l\u2019essai de ces v\u00e9hicules. Puis mesurez vos choix avec ceux des journalistes. Les grands gagnants canadiens seront connus le 30 mars.<\/p>\n","protected":false},"excerpt":{"rendered":"<p>Chaque ann\u00e9e, l\u2019Association des Journalistes automobiles du Canada (AJAC) proc\u00e8de au choix des voitures canadiennes de l\u2019ann\u00e9e. D\u2019abord s\u00e9lectionn\u00e9s par cat\u00e9gorie, les gagnants sont ensuite r\u00e9\u00e9valu\u00e9s. Et au titre de Voiture canadienne, ou V\u00e9hicule Utilitaire Sport canadien, trois finalistes sont choisis. Ce sont ces trois finalistes par cat\u00e9gorie qui viennent d\u2019\u00eatre annonc\u00e9s. Et difficile de [&hellip;]<\/p>\n","protected":false},"author":5,"featured_media":14901,"comment_status":"closed","ping_status":"open","sticky":false,"template":"","format":"standard","meta":{"footnotes":""},"categories":[5],"tags":[],"class_list":["post-14897","post","type-post","status-publish","format-standard","has-post-thumbnail","hentry","category-actualites"],"_links":{"self":[{"href":"https:\/\/www.albilegeant.com\/articles\/wp-json\/wp\/v2\/posts\/14897","targetHints":{"allow":["GET"]}}],"collection":[{"href":"https:\/\/www.albilegeant.com\/articles\/wp-json\/wp\/v2\/posts"}],"about":[{"href":"https:\/\/www.albilegeant.com\/articles\/wp-json\/wp\/v2\/types\/post"}],"author":[{"embeddable":true,"href":"https:\/\/www.albilegeant.com\/articles\/wp-json\/wp\/v2\/users\/5"}],"replies":[{"embeddable":true,"href":"https:\/\/www.albilegeant.com\/articles\/wp-json\/wp\/v2\/comments?post=14897"}],"version-history":[{"count":2,"href":"https:\/\/www.albilegeant.com\/articles\/wp-json\/wp\/v2\/posts\/14897\/revisions"}],"predecessor-version":[{"id":14906,"href":"https:\/\/www.albilegeant.com\/articles\/wp-json\/wp\/v2\/posts\/14897\/revisions\/14906"}],"wp:featuredmedia":[{"embeddable":true,"href":"https:\/\/www.albilegeant.com\/articles\/wp-json\/wp\/v2\/media\/14901"}],"wp:attachment":[{"href":"https:\/\/www.albilegeant.com\/articles\/wp-json\/wp\/v2\/media?parent=14897"}],"wp:term":[{"taxonomy":"category","embeddable":true,"href":"https:\/\/www.albilegeant.com\/articles\/wp-json\/wp\/v2\/categories?post=14897"},{"taxonomy":"post_tag","embeddable":true,"href":"https:\/\/www.albilegeant.com\/articles\/wp-json\/wp\/v2\/tags?post=14897"}],"curies":[{"name":"wp","href":"https:\/\/api.w.org\/{rel}","templated":true}]}}