{"id":15058,"date":"2021-04-15T12:15:36","date_gmt":"2021-04-15T16:15:36","guid":{"rendered":"https:\/\/www.albilegeant.com\/articles\/?p=15058"},"modified":"2021-04-15T12:16:56","modified_gmt":"2021-04-15T16:16:56","slug":"cest-confirme-la-mazda-mx-30-electrique-arrive","status":"publish","type":"post","link":"https:\/\/www.albilegeant.com\/articles\/blogue\/cest-confirme-la-mazda-mx-30-electrique-arrive\/","title":{"rendered":"C\u2019est confirm\u00e9, la Mazda MX-30 \u00e9lectrique arrive"},"content":{"rendered":"\n<p>Mazda Canada l\u2019a confirm\u00e9&nbsp;: le premier v\u00e9hicule 100%\n\u00e9lectrique de la famille arrivera chez votre concessionnaire ALBI Mazda cet\nautomne. La Mazda MX-30 2022, c\u2019est son nom, sera en effet totalement propuls\u00e9e\npar l\u2019\u00e9nergie \u00e9lectrique. Des versions hybrides rechargeables avec moteur\nrotatif, et hybride plus traditionnel, seront aussi au programme un peu plus\ntard.<\/p>\n\n\n\n<!--more-->\n\n\n\n<p>La <strong>MX-30 2022<\/strong>, c\u2019est la d\u00e9clinaison \u00e9lectrique qui se tiendra aux c\u00f4t\u00e9s de la <a href=\"https:\/\/www.albilegeant.com\/articles\/actualites\/un-grand-prix-de-securite-pour-le-mazda-cx-30\/\" target=\"_blank\" rel=\"noreferrer noopener\" aria-label=\"Mazda CX-30 (s\u2019ouvre dans un nouvel onglet)\">Mazda CX-30<\/a>. Bas\u00e9e sur une plate-forme similaire, elle en partage aussi les dimensions. Ainsi, elle propose une longueur hors-tout de 4\u00a0395 mm, et un empattement de 2\u00a0655 mm. Des donn\u00e9es qui se comparent \u00e0 celles du <a href=\"https:\/\/www.albimazda.com\/fr\/vehicule-neuf\/mazda-cx-30-2021\/\" target=\"_blank\" rel=\"noreferrer noopener\" aria-label=\"CX-30 (s\u2019ouvre dans un nouvel onglet)\">CX-30<\/a>.<\/p>\n\n\n\n<p>La grande nuance provient de la ligne de toit, nettement\nplus profil\u00e9e. En fait, alors que la partie avant dispose d\u2019un design similaire\naux autres v\u00e9hicules Mazda, la partie arri\u00e8re n\u2019a rien de commun. La MX-30\noffre, par exemple des porti\u00e8res invers\u00e9es pour les places arri\u00e8re, un clin\nd\u2019\u0153il historique \u00e0 la d\u00e9funte sportive RX-8. Le toit arri\u00e8re s\u2019abaisse aussi\nplus rapidement, pour un profil plus dynamique.<\/p>\n\n\n\n<p>Le \u00a0groupe motopropulseur \u00e9lectrique e-SkyActiv de 144 chevaux sur un v\u00e9hicule \u00e0 traction seulement. Pour l\u2019alimenter, la Mazda MX-30 compte sur une batterie lithium-ion de 35,5 kWh qui offre une autonomie combin\u00e9e WLTP ville\/route d&rsquo;environ <strong>124 miles ou 200 kilom\u00e8tres<\/strong>. Elle se recharge de<strong> 0 \u00e0 80% en 36 minutes<\/strong>, sur la borne ad\u00e9quate.<\/p>\n\n\n\n<p>La Mazda MX-30 devrait recevoir le syst\u00e8me\nd&rsquo;infodivertissement Mazda Connect de la marque avec int\u00e9gration d&rsquo;Apple\nCarPlay et Android Auto. La console centrale flottante comporte un levier\ns\u00e9lecteur \u00e9lectronique, la molette multifonction famili\u00e8re du poste de contr\u00f4le\net des touches de raccourci. Ajoutez \u00e0 cela un nouvel \u00e9cran tactile de sept\npouces qui affichera le panneau de commande de la climatisation. <\/p>\n\n\n\n<figure class=\"wp-block-image size-large\"><img loading=\"lazy\" decoding=\"async\" width=\"1024\" height=\"768\" src=\"https:\/\/www.albilegeant.com\/articles\/wp-content\/uploads\/2021\/04\/mx30-interieur-1024x768.jpg\" alt=\"\" class=\"wp-image-15059\" srcset=\"https:\/\/www.albilegeant.com\/articles\/wp-content\/uploads\/2021\/04\/mx30-interieur-1024x768.jpg 1024w, https:\/\/www.albilegeant.com\/articles\/wp-content\/uploads\/2021\/04\/mx30-interieur-300x225.jpg 300w, https:\/\/www.albilegeant.com\/articles\/wp-content\/uploads\/2021\/04\/mx30-interieur-768x576.jpg 768w, https:\/\/www.albilegeant.com\/articles\/wp-content\/uploads\/2021\/04\/mx30-interieur-1536x1152.jpg 1536w, https:\/\/www.albilegeant.com\/articles\/wp-content\/uploads\/2021\/04\/mx30-interieur-624x468.jpg 624w, https:\/\/www.albilegeant.com\/articles\/wp-content\/uploads\/2021\/04\/mx30-interieur.jpg 1800w\" sizes=\"auto, (max-width: 1024px) 100vw, 1024px\" \/><figcaption>Mazda MX-30 EV int\u00e9rieur<\/figcaption><\/figure>\n\n\n\n<p>La MX-30 ne s\u2019en laissera pas non plus imposer en mati\u00e8re de\ns\u00e9curit\u00e9, puisqu\u2019elle pourra compter sur des syst\u00e8mes embarqu\u00e9s d\u2019aide \u00e0 la\nconduite comme&nbsp;: la surveillance des angles morts; l&rsquo;alerte de\nfranchissement de ligne et l&rsquo;assistance au maintien dans la voie; le r\u00e9gulateur\nde vitesse adaptatif; et l&rsquo;alerte d&rsquo;attention au conducteur.<\/p>\n\n\n\n<p>On ignore toujours le prix demand\u00e9 pour la Mazda MX-30, mais parions qu\u2019elle se qualifiera pour les rabais provinciaux et f\u00e9d\u00e9raux. Vos conseillers ALBI Mazda seront en mesure de vous aider dans ce domaine, d\u00e8s que la voiture arrivera, l\u2019automne prochain.<\/p>\n","protected":false},"excerpt":{"rendered":"<p>Mazda Canada l\u2019a confirm\u00e9&nbsp;: le premier v\u00e9hicule 100% \u00e9lectrique de la famille arrivera chez votre concessionnaire ALBI Mazda cet automne. La Mazda MX-30 2022, c\u2019est son nom, sera en effet totalement propuls\u00e9e par l\u2019\u00e9nergie \u00e9lectrique. Des versions hybrides rechargeables avec moteur rotatif, et hybride plus traditionnel, seront aussi au programme un peu plus tard.<\/p>\n","protected":false},"author":5,"featured_media":15061,"comment_status":"closed","ping_status":"open","sticky":false,"template":"","format":"standard","meta":{"footnotes":""},"categories":[6],"tags":[],"class_list":["post-15058","post","type-post","status-publish","format-standard","has-post-thumbnail","hentry","category-blogue"],"_links":{"self":[{"href":"https:\/\/www.albilegeant.com\/articles\/wp-json\/wp\/v2\/posts\/15058","targetHints":{"allow":["GET"]}}],"collection":[{"href":"https:\/\/www.albilegeant.com\/articles\/wp-json\/wp\/v2\/posts"}],"about":[{"href":"https:\/\/www.albilegeant.com\/articles\/wp-json\/wp\/v2\/types\/post"}],"author":[{"embeddable":true,"href":"https:\/\/www.albilegeant.com\/articles\/wp-json\/wp\/v2\/users\/5"}],"replies":[{"embeddable":true,"href":"https:\/\/www.albilegeant.com\/articles\/wp-json\/wp\/v2\/comments?post=15058"}],"version-history":[{"count":1,"href":"https:\/\/www.albilegeant.com\/articles\/wp-json\/wp\/v2\/posts\/15058\/revisions"}],"predecessor-version":[{"id":15060,"href":"https:\/\/www.albilegeant.com\/articles\/wp-json\/wp\/v2\/posts\/15058\/revisions\/15060"}],"wp:featuredmedia":[{"embeddable":true,"href":"https:\/\/www.albilegeant.com\/articles\/wp-json\/wp\/v2\/media\/15061"}],"wp:attachment":[{"href":"https:\/\/www.albilegeant.com\/articles\/wp-json\/wp\/v2\/media?parent=15058"}],"wp:term":[{"taxonomy":"category","embeddable":true,"href":"https:\/\/www.albilegeant.com\/articles\/wp-json\/wp\/v2\/categories?post=15058"},{"taxonomy":"post_tag","embeddable":true,"href":"https:\/\/www.albilegeant.com\/articles\/wp-json\/wp\/v2\/tags?post=15058"}],"curies":[{"name":"wp","href":"https:\/\/api.w.org\/{rel}","templated":true}]}}