{"id":1523,"date":"2014-10-27T16:40:56","date_gmt":"2014-10-27T20:40:56","guid":{"rendered":"http:\/\/www.albilegeant.com\/articles\/?p=1523"},"modified":"2014-10-27T16:40:56","modified_gmt":"2014-10-27T20:40:56","slug":"progression-marche-automobile-canada","status":"publish","type":"post","link":"https:\/\/www.albilegeant.com\/articles\/blogue\/progression-marche-automobile-canada\/","title":{"rendered":"Progression du march\u00e9 automobile au Canada"},"content":{"rendered":"<p>Depuis la crise du march\u00e9 automobile en 2008, les observateurs portent une attention accrue aux fluctuations de ce puissant moteur \u00e9conomique mondial.<\/p>\n<p>Bien qu&rsquo;une l\u00e9g\u00e8re baisse soit remarqu\u00e9e sur le march\u00e9 international, le bilan devrait \u00eatre positif de ce c\u00f4t\u00e9-ci de l&rsquo;Atlantique pour l&rsquo;ann\u00e9e 2014.<\/p>\n<p><!--more--><\/p>\n<h3>Progression du march\u00e9 automobile<\/h3>\n<p>En Am\u00e9rique du Nord comme en Chine, on note <strong>une hausse des ventes de v\u00e9hicules automobiles<\/strong>. Mais c&rsquo;est le ralentissement des ventes en Europe de l&rsquo;Est, la r\u00e9gression en Europe de l&rsquo;Ouest ainsi que la chute du march\u00e9 en Russie qui mine le bilan \u00e9conomique mondial du monde automobile.<\/p>\n<p>Ainsi, on note <strong>une baisse de 1 % sur les ventes de v\u00e9hicule \u00e0 l&rsquo;\u00e9chelle de la plan\u00e8te<\/strong>. Les tensions politiques en Europe de l&rsquo;Ouest nuisent \u00e0 la relance des ventes automobiles dans ce secteur.<\/p>\n<p>En contrepartie, le Canada tire plut\u00f4t bien son \u00e9pingle du jeu. Les pr\u00e9visions pour 2014 ont \u00e9t\u00e9 revues \u00e0 la hausse en ao\u00fbt, passant de <strong>1,77 millions \u00e0 1,79 millions d&rsquo;unit\u00e9s vendues<\/strong>. Il faut aussi noter la nette progression du secteur des pi\u00e8ces automobiles.<\/p>\n<h3>Le march\u00e9 des pi\u00e8ces au Canada<\/h3>\n<p>Le secteur canadien des pi\u00e8ces automobiles est \u00e0 surveiller. Depuis deux ans, on remarque une hausse notable des ventes et des exportations de produits fabriqu\u00e9s au Canada. Tous les secteurs \u00e9conomiques b\u00e9n\u00e9ficient de l&rsquo;accroissement de ce secteur.<\/p>\n<p>La progression constante a permis <strong>une augmentation de 5 % du march\u00e9 de l&#8217;emploi au Canada<\/strong> par rapport \u00e0 l&rsquo;an dernier. Cette hausse de l&#8217;emploi est la premi\u00e8re de cette envergure depuis l&rsquo;an 2000. De quoi r\u00e9jouir les divers acteurs de plusieurs autres sph\u00e8res, la sph\u00e8re politique n&rsquo;\u00e9tant pas la moindre.<\/p>\n<p><a href=\"http:\/\/www.albilegeant.com\/articles\/wp-content\/uploads\/2014\/10\/Piece31.jpg\"><img loading=\"lazy\" decoding=\"async\" class=\"alignnone size-full wp-image-1621\" src=\"http:\/\/www.albilegeant.com\/articles\/wp-content\/uploads\/2014\/10\/Piece31.jpg\" alt=\"Piece3\" width=\"640\" height=\"480\" srcset=\"https:\/\/www.albilegeant.com\/articles\/wp-content\/uploads\/2014\/10\/Piece31.jpg 640w, https:\/\/www.albilegeant.com\/articles\/wp-content\/uploads\/2014\/10\/Piece31-300x225.jpg 300w, https:\/\/www.albilegeant.com\/articles\/wp-content\/uploads\/2014\/10\/Piece31-624x468.jpg 624w\" sizes=\"auto, (max-width: 640px) 100vw, 640px\" \/><\/a><\/p>\n<h4>Les pi\u00e8ces<\/h4>\n<p>Malgr\u00e9 le r\u00e9-outillage cette ann\u00e9e de plusieurs usines qui doivent assembler de nouveaux produits et les d\u00e9penses ainsi encourues, le secteur des pi\u00e8ces est devenu l&rsquo;un des piliers de la relance \u00e9conomique au pays. <strong>Les exportations ont progress\u00e9 de 14 % depuis janvier 2014<\/strong>, ce qui est trois fois plus que pour les diverses activit\u00e9s manufacturi\u00e8res.<\/p>\n<p>L&rsquo;impressionnant inventaire de pi\u00e8ces d&rsquo;origine certifi\u00e9es de <a title=\"ALBI Le G\u00e9ant\" href=\"http:\/\/www.albilegeant.com\/\" target=\"_blank\">ALBI le G\u00e9ant<\/a> n&rsquo;est pas sans contribuer \u00e0 cette remont\u00e9e fulgurante du secteur des pi\u00e8ces automobiles. Nous avons h\u00e2te de vous aider \u00e0 choisir les meilleures pi\u00e8ces pour votre v\u00e9hicule. Prenez rendez-vous et passer nous voir!<\/p>\n","protected":false},"excerpt":{"rendered":"<p>Depuis la crise du march\u00e9 automobile en 2008, les observateurs portent une attention accrue aux fluctuations de ce puissant moteur \u00e9conomique mondial. Bien qu&rsquo;une l\u00e9g\u00e8re baisse soit remarqu\u00e9e sur le march\u00e9 international, le bilan devrait \u00eatre positif de ce c\u00f4t\u00e9-ci de l&rsquo;Atlantique pour l&rsquo;ann\u00e9e 2014.<\/p>\n","protected":false},"author":5,"featured_media":1738,"comment_status":"open","ping_status":"open","sticky":false,"template":"","format":"standard","meta":{"footnotes":""},"categories":[6],"tags":[216,215],"class_list":["post-1523","post","type-post","status-publish","format-standard","has-post-thumbnail","hentry","category-blogue","tag-economie","tag-marche-automobile"],"_links":{"self":[{"href":"https:\/\/www.albilegeant.com\/articles\/wp-json\/wp\/v2\/posts\/1523","targetHints":{"allow":["GET"]}}],"collection":[{"href":"https:\/\/www.albilegeant.com\/articles\/wp-json\/wp\/v2\/posts"}],"about":[{"href":"https:\/\/www.albilegeant.com\/articles\/wp-json\/wp\/v2\/types\/post"}],"author":[{"embeddable":true,"href":"https:\/\/www.albilegeant.com\/articles\/wp-json\/wp\/v2\/users\/5"}],"replies":[{"embeddable":true,"href":"https:\/\/www.albilegeant.com\/articles\/wp-json\/wp\/v2\/comments?post=1523"}],"version-history":[{"count":11,"href":"https:\/\/www.albilegeant.com\/articles\/wp-json\/wp\/v2\/posts\/1523\/revisions"}],"predecessor-version":[{"id":1739,"href":"https:\/\/www.albilegeant.com\/articles\/wp-json\/wp\/v2\/posts\/1523\/revisions\/1739"}],"wp:featuredmedia":[{"embeddable":true,"href":"https:\/\/www.albilegeant.com\/articles\/wp-json\/wp\/v2\/media\/1738"}],"wp:attachment":[{"href":"https:\/\/www.albilegeant.com\/articles\/wp-json\/wp\/v2\/media?parent=1523"}],"wp:term":[{"taxonomy":"category","embeddable":true,"href":"https:\/\/www.albilegeant.com\/articles\/wp-json\/wp\/v2\/categories?post=1523"},{"taxonomy":"post_tag","embeddable":true,"href":"https:\/\/www.albilegeant.com\/articles\/wp-json\/wp\/v2\/tags?post=1523"}],"curies":[{"name":"wp","href":"https:\/\/api.w.org\/{rel}","templated":true}]}}