{"id":15507,"date":"2021-09-23T16:52:50","date_gmt":"2021-09-23T20:52:50","guid":{"rendered":"https:\/\/www.albilegeant.com\/articles\/?p=15507"},"modified":"2021-09-23T16:52:52","modified_gmt":"2021-09-23T20:52:52","slug":"les-vehicules-nommes-des-nactoy","status":"publish","type":"post","link":"https:\/\/www.albilegeant.com\/articles\/blogue\/les-vehicules-nommes-des-nactoy\/","title":{"rendered":"Et les v\u00e9hicules nomm\u00e9s des NACTOY sont\u2026"},"content":{"rendered":"\n<p>Chaque ann\u00e9e, un groupe de journalistes nord-am\u00e9ricains,\nincluant quelques journalistes canadiens, proc\u00e8dent au choix de la voiture et\ndu VUS nord-am\u00e9ricain de l\u2019ann\u00e9e. Les gagnants sont normalement d\u00e9voil\u00e9s lors\nd\u2019un \u00e9v\u00e9nement \u00e0 D\u00e9troit en d\u00e9but d\u2019ann\u00e9e. D\u2019ici l\u00e0, les finalistes seront\nconnus au salon de l\u2019auto de Los Angeles, en novembre.<\/p>\n\n\n\n<p>Avant de nommer les grands gagnants cependant, il faut de longs mois de pr\u00e9paration. Le choix s\u2019effectue en plusieurs \u00e9tapes, et les membres du jury proc\u00e8dent m\u00eame \u00e0 l\u2019essai de la grande majorit\u00e9 des v\u00e9hicules nomm\u00e9s.<\/p>\n\n\n\n<p>C\u2019est ainsi que l\u2019on proc\u00e8de d\u2019abord \u00e0 la nomination d\u2019un certain nombre de v\u00e9hicules demi-finalistes. \u00c9videmment, nous sommes tr\u00e8s fiers de vous dire que plusieurs des v\u00e9hicules en nomination sont des v\u00e9hicules dont vous pouvez aussi faire l\u2019essai chez vos concessionnaires ALBI le G\u00e9ant. Pr\u00e9cisons quand m\u00eame que certains mod\u00e8les n\u2019arriveront que plus tard.<\/p>\n\n\n\n<p>Voici donc la liste des demi-finalistes, disponibles chez\nnous&nbsp;:<\/p>\n\n\n\n<h4 class=\"wp-block-heading\">&nbsp;Voitures<\/h4>\n\n\n\n<p>\u2022&nbsp;&nbsp;&nbsp; Genesis G70<\/p>\n\n\n\n<h4 class=\"wp-block-heading\">Camionnettes<\/h4>\n\n\n\n<p>\u2022&nbsp;&nbsp;&nbsp; GMC Hummer EV<\/p>\n\n\n\n<p>\u2022&nbsp;&nbsp;&nbsp; Hyundai Santa\nCruz<\/p>\n\n\n\n<p>\u2022&nbsp;&nbsp;&nbsp; Nissan Frontier<\/p>\n\n\n\n<h4 class=\"wp-block-heading\">Utilitaires<\/h4>\n\n\n\n<p>\u2022&nbsp;&nbsp;&nbsp; Genesis GV70<\/p>\n\n\n\n<p>\u2022&nbsp;&nbsp;&nbsp; Hyundai Ioniq 5<\/p>\n\n\n\n<p>\u2022&nbsp;&nbsp;&nbsp; Hyundai Tucson\n(essence, hybride et hybride rechargeable)<\/p>\n\n\n\n<p>\u2022\u00a0\u00a0\u00a0<a href=\"https:\/\/www.albikia.com\/neufs\/Kia-Carnival-2022.html\" target=\"_blank\" rel=\"noreferrer noopener\" aria-label=\" Kia Carnival (s\u2019ouvre dans un nouvel onglet)\"> Kia Carnival<\/a><\/p>\n\n\n\n<p>\u2022&nbsp;&nbsp;&nbsp; Nissan Pathfinder<\/p>\n\n\n\n<p>Rappelons que l\u2019ann\u00e9e derni\u00e8re, c\u2019est la <a href=\"https:\/\/www.albilegeant.com\/articles\/actualites\/hyundai-elantra-2021-officiellement-presentee\/\">Hyundai Elantra<\/a> qui avait m\u00e9rit\u00e9 la premi\u00e8re position comme Voiture nord-am\u00e9ricaine de l\u2019ann\u00e9e.<\/p>\n\n\n\n<p>Le processus de s\u00e9lection de la voiture, du camion et du\nv\u00e9hicule utilitaire de l&rsquo;ann\u00e9e commence par une \u00ab\u00a0longue liste\u00a0\u00bb de\ntous les v\u00e9hicules neufs ou substantiellement modifi\u00e9s admissibles pour l&rsquo;ann\u00e9e\nen question. Ce sont ces v\u00e9hicules que les 50 jur\u00e9s de la NACTOY testent et\n\u00e9valuent ensuite tout au long de l&rsquo;ann\u00e9e. <\/p>\n\n\n\n<p>Ils doivent aussi voter lors de trois tours de scrutin. Le premier vote a lieu au d\u00e9but de l&rsquo;automne pour r\u00e9duire la liste \u00e0 un maximum de 15 v\u00e9hicules nomm\u00e9s dans chaque cat\u00e9gorie pour une \u00e9valuation suppl\u00e9mentaire. C\u2019est de cette liste que sont tir\u00e9s les nomm\u00e9s mentionn\u00e9s plus haut. Les jur\u00e9s sont alors invit\u00e9s \u00e0 un essai comparatif en octobre. Les votes des jur\u00e9s pour les finalistes (trois par cat\u00e9gorie) et les gagnants, tous deux soumis \u00e0 Deloitte et Touche, sont comptabilis\u00e9s en d\u00e9cembre.<\/p>\n\n\n\n<p>La bonne nouvelle, c\u2019est que vous avez aussi la chance de faire votre choix en visitant les concessionnaires ALBI le G\u00e9ant.<\/p>\n","protected":false},"excerpt":{"rendered":"<p>Chaque ann\u00e9e, un groupe de journalistes nord-am\u00e9ricains, incluant quelques journalistes canadiens, proc\u00e8dent au choix de la voiture et du VUS nord-am\u00e9ricain de l\u2019ann\u00e9e. Les gagnants sont normalement d\u00e9voil\u00e9s lors d\u2019un \u00e9v\u00e9nement \u00e0 D\u00e9troit en d\u00e9but d\u2019ann\u00e9e. D\u2019ici l\u00e0, les finalistes seront connus au salon de l\u2019auto de Los Angeles, en novembre. Avant de nommer les [&hellip;]<\/p>\n","protected":false},"author":5,"featured_media":15508,"comment_status":"closed","ping_status":"open","sticky":false,"template":"","format":"standard","meta":{"footnotes":""},"categories":[6],"tags":[],"class_list":["post-15507","post","type-post","status-publish","format-standard","has-post-thumbnail","hentry","category-blogue"],"_links":{"self":[{"href":"https:\/\/www.albilegeant.com\/articles\/wp-json\/wp\/v2\/posts\/15507","targetHints":{"allow":["GET"]}}],"collection":[{"href":"https:\/\/www.albilegeant.com\/articles\/wp-json\/wp\/v2\/posts"}],"about":[{"href":"https:\/\/www.albilegeant.com\/articles\/wp-json\/wp\/v2\/types\/post"}],"author":[{"embeddable":true,"href":"https:\/\/www.albilegeant.com\/articles\/wp-json\/wp\/v2\/users\/5"}],"replies":[{"embeddable":true,"href":"https:\/\/www.albilegeant.com\/articles\/wp-json\/wp\/v2\/comments?post=15507"}],"version-history":[{"count":1,"href":"https:\/\/www.albilegeant.com\/articles\/wp-json\/wp\/v2\/posts\/15507\/revisions"}],"predecessor-version":[{"id":15509,"href":"https:\/\/www.albilegeant.com\/articles\/wp-json\/wp\/v2\/posts\/15507\/revisions\/15509"}],"wp:featuredmedia":[{"embeddable":true,"href":"https:\/\/www.albilegeant.com\/articles\/wp-json\/wp\/v2\/media\/15508"}],"wp:attachment":[{"href":"https:\/\/www.albilegeant.com\/articles\/wp-json\/wp\/v2\/media?parent=15507"}],"wp:term":[{"taxonomy":"category","embeddable":true,"href":"https:\/\/www.albilegeant.com\/articles\/wp-json\/wp\/v2\/categories?post=15507"},{"taxonomy":"post_tag","embeddable":true,"href":"https:\/\/www.albilegeant.com\/articles\/wp-json\/wp\/v2\/tags?post=15507"}],"curies":[{"name":"wp","href":"https:\/\/api.w.org\/{rel}","templated":true}]}}