{"id":15538,"date":"2021-10-08T11:33:46","date_gmt":"2021-10-08T15:33:46","guid":{"rendered":"https:\/\/www.albilegeant.com\/articles\/?p=15538"},"modified":"2021-10-08T11:39:19","modified_gmt":"2021-10-08T15:39:19","slug":"volvo-c40-recharge-est-maintenant-en-production","status":"publish","type":"post","link":"https:\/\/www.albilegeant.com\/articles\/blogue\/volvo-c40-recharge-est-maintenant-en-production\/","title":{"rendered":"C40 Recharge de Volvo est maintenant en production"},"content":{"rendered":"\n<p>La compagnie su\u00e9doise Volvo a commenc\u00e9 la production de la C40 Recharge dans son usine de Gand, en Belgique. Il s&rsquo;agit du premier mod\u00e8le Volvo \u00e0 \u00eatre propos\u00e9 exclusivement en version \u00e9lectrique. Et d\u2019un mod\u00e8le qu\u2019on a bien h\u00e2te de recevoir chez votre concessionnaire ALBI Volvo.<\/p>\n\n\n\n<p>Le XC40 Recharge, la version enti\u00e8rement \u00e9lectrique du\nmod\u00e8le VUS compact de Volvo, est \u00e9galement construit \u00e0 Gand. D\u00e9voil\u00e9e en mars\n2021, la C40 Recharge est commercialis\u00e9e par Volvo comme un mod\u00e8le unique.\nPetite subtilit\u00e9, elle est en fait la version coup\u00e9e du XC40 Recharge. Mais on\nn\u2019a rien contre, puisqu\u2019il s\u2019agit d\u2019un des v\u00e9hicules les plus s\u00e9duisants du\nmarch\u00e9.<\/p>\n\n\n\n<p>\u00c0 l\u2019instar du XC40 Recharge, la C40 Recharge n&rsquo;est disponible\nqu&rsquo;avec la transmission int\u00e9grale habituelle lors de son lancement sur le\nmarch\u00e9. Un moteur \u00e9lectrique de 150 kW sur chacun des essieux avant et arri\u00e8re\nporte la C40 \u00e0 une puissance totale de 300 kW. L&rsquo;\u00e9lectricit\u00e9 est stock\u00e9e dans\nune batterie de 78 kWh (brut, 75 kWh net). L&rsquo;autonomie standard est estim\u00e9e \u00e0\nenviron 360 kilom\u00e8tres.<\/p>\n\n\n\n<p>Surpris? Parce que \u00e0 l\u2019origine, le XC40 n\u2019offrait que 335\nkilom\u00e8tres d\u2019autonomie. Volvo vient cependant d\u2019annoncer une augmentation de\ncette capacit\u00e9 au cours des derniers jours. Une technologie qui servira aussi \u00e0\nla C40.<\/p>\n\n\n\n<p>Rappelons que le C40 partage la plateforme du<a href=\"https:\/\/www.albilegeant.com\/articles\/actualites\/volvo-xc40-recharge-vus-electrique-de-luxe\/\"> XC40<\/a>, mais aussi de la Polestar 2, une cousine \u00e9lectrique de la famille.<\/p>\n\n\n\n<p>Comme on sait que Volvo souhaite devenir une marque\nenti\u00e8rement \u00e9lectrique d&rsquo;ici 2030, la production sera \u00e9galement adapt\u00e9e. Dans\nle sillage du lancement du mod\u00e8le C40 Recharge, Volvo augmente sa capacit\u00e9 de\nproduction de v\u00e9hicules \u00e9lectriques \u00e0 Gand \u00e0 135 000 unit\u00e9s par an.\nL&rsquo;entreprise pr\u00e9voit que plus de la moiti\u00e9 des v\u00e9hicules produits sur le site\nseront dot\u00e9s d&rsquo;une motorisation enti\u00e8rement \u00e9lectrique d\u00e8s 2022. <\/p>\n\n\n\n<p>Le prix de base de la C40 Recharge sera de 58 750 $ aux \u00c9tats-Unis. Le prix n&rsquo;a pas encore \u00e9t\u00e9 annonc\u00e9 pour le Canada, mais les livraisons chez <a href=\"https:\/\/www.albivolvo.com\/fr\/\" target=\"_blank\" rel=\"noreferrer noopener\" aria-label=\"ALBI Volvo (s\u2019ouvre dans un nouvel onglet)\">ALBI Volvo<\/a> devraient commencer au d\u00e9but de 2022.<\/p>\n","protected":false},"excerpt":{"rendered":"<p>La compagnie su\u00e9doise Volvo a commenc\u00e9 la production de la C40 Recharge dans son usine de Gand, en Belgique. Il s&rsquo;agit du premier mod\u00e8le Volvo \u00e0 \u00eatre propos\u00e9 exclusivement en version \u00e9lectrique. Et d\u2019un mod\u00e8le qu\u2019on a bien h\u00e2te de recevoir chez votre concessionnaire ALBI Volvo. Le XC40 Recharge, la version enti\u00e8rement \u00e9lectrique du mod\u00e8le [&hellip;]<\/p>\n","protected":false},"author":5,"featured_media":15539,"comment_status":"closed","ping_status":"open","sticky":false,"template":"","format":"standard","meta":{"footnotes":""},"categories":[6],"tags":[],"class_list":["post-15538","post","type-post","status-publish","format-standard","has-post-thumbnail","hentry","category-blogue"],"_links":{"self":[{"href":"https:\/\/www.albilegeant.com\/articles\/wp-json\/wp\/v2\/posts\/15538","targetHints":{"allow":["GET"]}}],"collection":[{"href":"https:\/\/www.albilegeant.com\/articles\/wp-json\/wp\/v2\/posts"}],"about":[{"href":"https:\/\/www.albilegeant.com\/articles\/wp-json\/wp\/v2\/types\/post"}],"author":[{"embeddable":true,"href":"https:\/\/www.albilegeant.com\/articles\/wp-json\/wp\/v2\/users\/5"}],"replies":[{"embeddable":true,"href":"https:\/\/www.albilegeant.com\/articles\/wp-json\/wp\/v2\/comments?post=15538"}],"version-history":[{"count":2,"href":"https:\/\/www.albilegeant.com\/articles\/wp-json\/wp\/v2\/posts\/15538\/revisions"}],"predecessor-version":[{"id":15542,"href":"https:\/\/www.albilegeant.com\/articles\/wp-json\/wp\/v2\/posts\/15538\/revisions\/15542"}],"wp:featuredmedia":[{"embeddable":true,"href":"https:\/\/www.albilegeant.com\/articles\/wp-json\/wp\/v2\/media\/15539"}],"wp:attachment":[{"href":"https:\/\/www.albilegeant.com\/articles\/wp-json\/wp\/v2\/media?parent=15538"}],"wp:term":[{"taxonomy":"category","embeddable":true,"href":"https:\/\/www.albilegeant.com\/articles\/wp-json\/wp\/v2\/categories?post=15538"},{"taxonomy":"post_tag","embeddable":true,"href":"https:\/\/www.albilegeant.com\/articles\/wp-json\/wp\/v2\/tags?post=15538"}],"curies":[{"name":"wp","href":"https:\/\/api.w.org\/{rel}","templated":true}]}}