{"id":15647,"date":"2021-11-23T12:40:12","date_gmt":"2021-11-23T17:40:12","guid":{"rendered":"https:\/\/www.albilegeant.com\/articles\/?p=15647"},"modified":"2021-11-23T12:40:15","modified_gmt":"2021-11-23T17:40:15","slug":"buick-devoile-le-gl8","status":"publish","type":"post","link":"https:\/\/www.albilegeant.com\/articles\/blogue\/buick-devoile-le-gl8\/","title":{"rendered":"Buick d\u00e9voile le GL8"},"content":{"rendered":"\n<p>Pendant que les yeux nord-am\u00e9ricains \u00e9taient tourn\u00e9s vers le salon de Los Angeles, \u00e0 l\u2019autre out de la terre se tenait le salon de Guangzhou, en Chine. C\u2019est cet endroit que Buick a choisi pour d\u00e9voiler le GL8, un concept pour le moins spectaculaire. Il faut dire que la Chine continue, ann\u00e9e apr\u00e8s ann\u00e9e, d\u2019\u00eatre le plus important march\u00e9 pour Buick.<\/p>\n\n\n\n<p>Ce concept, appel\u00e9 Buick GL8 Flagship Concept, est en fait\nune minifourgonnette aux lignes uniques. Selon les dirigeants de la marque, il\ndonne la direction de la prochaine g\u00e9n\u00e9ration de monospaces de luxe de Buick.<\/p>\n\n\n\n<figure class=\"wp-block-image size-large\"><img loading=\"lazy\" decoding=\"async\" width=\"1024\" height=\"520\" src=\"https:\/\/www.albilegeant.com\/articles\/wp-content\/uploads\/2021\/11\/gl8-2-1024x520.jpg\" alt=\"\" class=\"wp-image-15649\" srcset=\"https:\/\/www.albilegeant.com\/articles\/wp-content\/uploads\/2021\/11\/gl8-2-1024x520.jpg 1024w, https:\/\/www.albilegeant.com\/articles\/wp-content\/uploads\/2021\/11\/gl8-2-300x152.jpg 300w, https:\/\/www.albilegeant.com\/articles\/wp-content\/uploads\/2021\/11\/gl8-2-768x390.jpg 768w, https:\/\/www.albilegeant.com\/articles\/wp-content\/uploads\/2021\/11\/gl8-2-624x317.jpg 624w, https:\/\/www.albilegeant.com\/articles\/wp-content\/uploads\/2021\/11\/gl8-2.jpg 1280w\" sizes=\"auto, (max-width: 1024px) 100vw, 1024px\" \/><\/figure>\n\n\n\n<p>L&rsquo;avenir de ce genre de v\u00e9hicule se trouve en Chine. Surtout\ndestin\u00e9 \u00e0 la mobilit\u00e9 familiale, les minifourgonnettes continuent de jouer un\nr\u00f4le de premier plan dans les pays asiatiques. Alors que dans d&rsquo;autres endroits\n(comme au Canada), elles ont perdu une grande part de march\u00e9. Ailleurs, elles\nsont tr\u00e8s populaires.<\/p>\n\n\n\n<h4 class=\"wp-block-heading\">Un concept \u00e9clat\u00e9<\/h4>\n\n\n\n<p>Un accent particulier a \u00e9t\u00e9 mis sur l&rsquo;a\u00e9rodynamisme de GL8,\nqui est \u00e9galement un facteur d&rsquo;efficacit\u00e9. Les groupes de feux avant sont en\nforme d&rsquo;ailes. Le tout est compl\u00e9t\u00e9 par une grande grille. La vue lat\u00e9rale fait\nressortir l&rsquo;essence l\u2019aspect plus traditionnel de la minifourgonnette.<\/p>\n\n\n\n<p>Une ligne de toit fortement inclin\u00e9e et des feux arri\u00e8re\ndispos\u00e9s verticalement mais qui se prolongent horizontalement compl\u00e8tent le\nlook. Un becquet de toit, petit mais perceptible, contribue \u00e0 donner \u00e0 la\nvoiture une allure plus sportive. M\u00eame le design des roues a \u00e9t\u00e9 repens\u00e9.<\/p>\n\n\n\n<p>\u00c0 l\u2019int\u00e9rieur, nous nous retrouvons envelopp\u00e9s par une\nambiance futuriste, o\u00f9 le design des si\u00e8ges est tout aussi frappant. Buick a\ndot\u00e9 l&rsquo;habitacle d&rsquo;un plateau \u00e0 th\u00e9 unique et soigneusement pens\u00e9. On a aussi\npr\u00e9vu un syst\u00e8me multi-\u00e9crans de 30 pouces dirig\u00e9 vers le conducteur. La forme\ndu volant et des p\u00e9dales est aussi spectaculaire.<\/p>\n\n\n\n<figure class=\"wp-block-image size-large\"><img loading=\"lazy\" decoding=\"async\" width=\"1024\" height=\"542\" src=\"https:\/\/www.albilegeant.com\/articles\/wp-content\/uploads\/2021\/11\/gl8-3-1024x542.jpg\" alt=\"\" class=\"wp-image-15650\" srcset=\"https:\/\/www.albilegeant.com\/articles\/wp-content\/uploads\/2021\/11\/gl8-3-1024x542.jpg 1024w, https:\/\/www.albilegeant.com\/articles\/wp-content\/uploads\/2021\/11\/gl8-3-300x159.jpg 300w, https:\/\/www.albilegeant.com\/articles\/wp-content\/uploads\/2021\/11\/gl8-3-768x407.jpg 768w, https:\/\/www.albilegeant.com\/articles\/wp-content\/uploads\/2021\/11\/gl8-3-624x331.jpg 624w, https:\/\/www.albilegeant.com\/articles\/wp-content\/uploads\/2021\/11\/gl8-3.jpg 1280w\" sizes=\"auto, (max-width: 1024px) 100vw, 1024px\" \/><\/figure>\n\n\n\n<p>L&rsquo;\u00e9quipement comprend un syst\u00e8me audio haut de gamme avec\ndes haut-parleurs int\u00e9gr\u00e9s dans les appuie-t\u00eates des si\u00e8ges. Conduite autonome\net communication avec les autres v\u00e9hicules sont aussi au menu. La marque n&rsquo;a\npas fourni de d\u00e9tails sur la partie m\u00e9canique. Toutefois, il ne serait pas\nsurprenant que la Buick GL8 de prochaine g\u00e9n\u00e9ration opte pour une forme\nd&rsquo;\u00e9lectrification.<\/p>\n\n\n\n<p>On ne veut pas vous d\u00e9cevoir mais vous ne verrez pas ce v\u00e9hicule chez votre concessionnaire <a href=\"https:\/\/www.albichevrolet.com\/fr\" target=\"_blank\" rel=\"noreferrer noopener\" aria-label=\"ALBI Chevrolet (s\u2019ouvre dans un nouvel onglet)\">ALBI Chevrolet<\/a>. Par contre, nous avons des <a href=\"https:\/\/www.albilegeant.com\/articles\/actualites\/buick-envision-2021-tout-ce-quil-faut-savoir\/\">Envision <\/a>et des Encore, certes plus petit, mais certainement aussi attirants.<\/p>\n","protected":false},"excerpt":{"rendered":"<p>Pendant que les yeux nord-am\u00e9ricains \u00e9taient tourn\u00e9s vers le salon de Los Angeles, \u00e0 l\u2019autre out de la terre se tenait le salon de Guangzhou, en Chine. C\u2019est cet endroit que Buick a choisi pour d\u00e9voiler le GL8, un concept pour le moins spectaculaire. Il faut dire que la Chine continue, ann\u00e9e apr\u00e8s ann\u00e9e, d\u2019\u00eatre [&hellip;]<\/p>\n","protected":false},"author":5,"featured_media":15648,"comment_status":"closed","ping_status":"open","sticky":false,"template":"","format":"standard","meta":{"footnotes":""},"categories":[6],"tags":[],"class_list":["post-15647","post","type-post","status-publish","format-standard","has-post-thumbnail","hentry","category-blogue"],"_links":{"self":[{"href":"https:\/\/www.albilegeant.com\/articles\/wp-json\/wp\/v2\/posts\/15647","targetHints":{"allow":["GET"]}}],"collection":[{"href":"https:\/\/www.albilegeant.com\/articles\/wp-json\/wp\/v2\/posts"}],"about":[{"href":"https:\/\/www.albilegeant.com\/articles\/wp-json\/wp\/v2\/types\/post"}],"author":[{"embeddable":true,"href":"https:\/\/www.albilegeant.com\/articles\/wp-json\/wp\/v2\/users\/5"}],"replies":[{"embeddable":true,"href":"https:\/\/www.albilegeant.com\/articles\/wp-json\/wp\/v2\/comments?post=15647"}],"version-history":[{"count":1,"href":"https:\/\/www.albilegeant.com\/articles\/wp-json\/wp\/v2\/posts\/15647\/revisions"}],"predecessor-version":[{"id":15651,"href":"https:\/\/www.albilegeant.com\/articles\/wp-json\/wp\/v2\/posts\/15647\/revisions\/15651"}],"wp:featuredmedia":[{"embeddable":true,"href":"https:\/\/www.albilegeant.com\/articles\/wp-json\/wp\/v2\/media\/15648"}],"wp:attachment":[{"href":"https:\/\/www.albilegeant.com\/articles\/wp-json\/wp\/v2\/media?parent=15647"}],"wp:term":[{"taxonomy":"category","embeddable":true,"href":"https:\/\/www.albilegeant.com\/articles\/wp-json\/wp\/v2\/categories?post=15647"},{"taxonomy":"post_tag","embeddable":true,"href":"https:\/\/www.albilegeant.com\/articles\/wp-json\/wp\/v2\/tags?post=15647"}],"curies":[{"name":"wp","href":"https:\/\/api.w.org\/{rel}","templated":true}]}}