{"id":15792,"date":"2022-01-24T12:48:20","date_gmt":"2022-01-24T17:48:20","guid":{"rendered":"https:\/\/www.albilegeant.com\/articles\/?p=15792"},"modified":"2022-01-24T12:48:22","modified_gmt":"2022-01-24T17:48:22","slug":"le-prochain-volvo-xc90-pourrait-etre-le-embla","status":"publish","type":"post","link":"https:\/\/www.albilegeant.com\/articles\/blogue\/le-prochain-volvo-xc90-pourrait-etre-le-embla\/","title":{"rendered":"Le prochain Volvo XC90 pourrait \u00eatre le Embla"},"content":{"rendered":"\n<p>Volvo s&rsquo;appr\u00eate \u00e0 remplacer son populaire XC90 l&rsquo;ann\u00e9e prochaine par un nouveau mod\u00e8le enti\u00e8rement redessin\u00e9. Mais on pourrait bien dire adieu au nom connu pour le remplacer par <strong>Embla<\/strong>. C\u2019est le PDG de Volvo, Hakan Samuelsson, qui a laiss\u00e9 couler l\u2019information. <\/p>\n\n\n\n<p>Le nom, s\u2019il est moins connu, n\u2019en est pas moins significatif. Il vient de la mythologie nordique et repr\u00e9sente <strong>la premi\u00e8re femme cr\u00e9\u00e9e par les dieux<\/strong>.<\/p>\n\n\n\n<h4 class=\"wp-block-heading\">Construit pour \u00eatre \u00e9lectrique<\/h4>\n\n\n\n<p>Le choix d\u2019un nouveau nom pour ce grand VUS va avec les changements que l\u2019on veut lui imposer. Le nouveau v\u00e9hicule subira en effet d\u2019importants changements face \u00e0 sa version actuelle. En fait, cette nouvelle g\u00e9n\u00e9ration sera con\u00e7ue d\u00e8s le d\u00e9part comme <strong>un v\u00e9hicule \u00e9lectrique \u00e0 batterie<\/strong>. <\/p>\n\n\n\n<p>Petite nuance cependant, une version hybride du Embla pourrait aussi \u00eatre au programme, et partager la m\u00eame plate-forme et la m\u00eame architecture. Le rempla\u00e7ant du <a href=\"https:\/\/www.albilegeant.com\/articles\/actualites\/un-volvo-xc90-autonome-et-electrique\/\">XC90<\/a> devrait \u00e9galement ressembler davantage \u00e0 un fourgon, et son design serait fortement influenc\u00e9 par le Concept Recharge d\u00e9voil\u00e9 plus t\u00f4t cette ann\u00e9e. Le concept combinait la position assise \u00e9lev\u00e9e d&rsquo;un SUV conventionnel avec la carrosserie plus \u00e9l\u00e9gante et plus a\u00e9rodynamique d&rsquo;un van, ce qui devrait aider le v\u00e9hicule en termes d&rsquo;autonomie.<\/p>\n\n\n\n<h4 class=\"wp-block-heading\">Innovations technologiques<\/h4>\n\n\n\n<p>Parmi les autres innovations technologiques qui feront\npartie du nouveau Embla, les capacit\u00e9s de conduite autonome occupent une large\nplace. Volvo a confirm\u00e9 l&rsquo;int\u00e9gration d&rsquo;un lidar (un syst\u00e8me de radar\nsophistiqu\u00e9) dans le v\u00e9hicule et a d\u00e9clar\u00e9 qu&rsquo;il y aura \u00e9ventuellement une\nfonction appel\u00e9e Highway Pilot. Cette fonction permettrait de voyager les mains\net les yeux libres sur certaines routes. <\/p>\n\n\n\n<p>Enfin, c\u2019est en Am\u00e9rique que le nouveau Volvo de grande\ntaille sera fabriqu\u00e9. Actuellement, tous les mod\u00e8les sont import\u00e9s directement\nde Su\u00e8de, mais les nouvelles versions seront plut\u00f4t assembl\u00e9es aux \u00c9tats-Unis,\ndans l\u2019usine qui fabrique actuellement les Volvo S60. Cette usine assemblera\naussi le Polestar 3, compagnie s\u0153ur de Volvo.<\/p>\n\n\n\n<p>\u00c9videmment, il faudra attendre encore quelques ann\u00e9es avant de voir le Volvo Embla sur la route. Passez donc voir ce que l\u2019original XC90 vous propose en attendant chez <a href=\"http:\/\/albivolvo.com\" target=\"_blank\" rel=\"noreferrer noopener\" aria-label=\"ALBI Volvo (s\u2019ouvre dans un nouvel onglet)\">ALBI Volvo<\/a>!<\/p>\n","protected":false},"excerpt":{"rendered":"<p>Volvo s&rsquo;appr\u00eate \u00e0 remplacer son populaire XC90 l&rsquo;ann\u00e9e prochaine par un nouveau mod\u00e8le enti\u00e8rement redessin\u00e9. Mais on pourrait bien dire adieu au nom connu pour le remplacer par Embla. C\u2019est le PDG de Volvo, Hakan Samuelsson, qui a laiss\u00e9 couler l\u2019information. Le nom, s\u2019il est moins connu, n\u2019en est pas moins significatif. Il vient de [&hellip;]<\/p>\n","protected":false},"author":5,"featured_media":15793,"comment_status":"closed","ping_status":"open","sticky":false,"template":"","format":"standard","meta":{"footnotes":""},"categories":[6],"tags":[],"class_list":["post-15792","post","type-post","status-publish","format-standard","has-post-thumbnail","hentry","category-blogue"],"_links":{"self":[{"href":"https:\/\/www.albilegeant.com\/articles\/wp-json\/wp\/v2\/posts\/15792","targetHints":{"allow":["GET"]}}],"collection":[{"href":"https:\/\/www.albilegeant.com\/articles\/wp-json\/wp\/v2\/posts"}],"about":[{"href":"https:\/\/www.albilegeant.com\/articles\/wp-json\/wp\/v2\/types\/post"}],"author":[{"embeddable":true,"href":"https:\/\/www.albilegeant.com\/articles\/wp-json\/wp\/v2\/users\/5"}],"replies":[{"embeddable":true,"href":"https:\/\/www.albilegeant.com\/articles\/wp-json\/wp\/v2\/comments?post=15792"}],"version-history":[{"count":1,"href":"https:\/\/www.albilegeant.com\/articles\/wp-json\/wp\/v2\/posts\/15792\/revisions"}],"predecessor-version":[{"id":15794,"href":"https:\/\/www.albilegeant.com\/articles\/wp-json\/wp\/v2\/posts\/15792\/revisions\/15794"}],"wp:featuredmedia":[{"embeddable":true,"href":"https:\/\/www.albilegeant.com\/articles\/wp-json\/wp\/v2\/media\/15793"}],"wp:attachment":[{"href":"https:\/\/www.albilegeant.com\/articles\/wp-json\/wp\/v2\/media?parent=15792"}],"wp:term":[{"taxonomy":"category","embeddable":true,"href":"https:\/\/www.albilegeant.com\/articles\/wp-json\/wp\/v2\/categories?post=15792"},{"taxonomy":"post_tag","embeddable":true,"href":"https:\/\/www.albilegeant.com\/articles\/wp-json\/wp\/v2\/tags?post=15792"}],"curies":[{"name":"wp","href":"https:\/\/api.w.org\/{rel}","templated":true}]}}