{"id":15852,"date":"2022-02-18T10:45:26","date_gmt":"2022-02-18T15:45:26","guid":{"rendered":"https:\/\/www.albilegeant.com\/articles\/?p=15852"},"modified":"2022-02-18T10:45:28","modified_gmt":"2022-02-18T15:45:28","slug":"le-volvo-xc90-a-essence-survit-encore-un-peu","status":"publish","type":"post","link":"https:\/\/www.albilegeant.com\/articles\/blogue\/le-volvo-xc90-a-essence-survit-encore-un-peu\/","title":{"rendered":"Le Volvo XC90 \u00e0 essence survit encore un peu"},"content":{"rendered":"\n<p>La marque su\u00e9doise de voitures de luxe Volvo pr\u00e9voit de donner \u00e0 son VUS phare, le grand XC90 un dernier coup de jeune avant sa conversion \u00e9lectrique. L&rsquo;entreprise a pour objectif de rajeunir le VUS XC90 et de le maintenir en production avant que le constructeur automobile ne passe totalement aux <a href=\"https:\/\/www.albilegeant.com\/articles\/actualites\/volvo-electrique-bientot-un-deuxieme-vehicule\/\">v\u00e9hicules \u00e9lectriques<\/a> en 2030.<\/p>\n\n\n\n<p>Attention cependant, \u00e7a ne veut pas dire que le XC90 ne sera\npas \u00e9lectrifi\u00e9. En fait, c\u2019est tout le contraire puisqu\u2019une version 100%\n\u00e9lectrique, et une version hybride, seront offertes en m\u00eame temps que la\nnouvelle version du grand utilitaire.&nbsp; <\/p>\n\n\n\n<p>On a d\u00e9j\u00e0 vu, et parl\u00e9, du Concept Recharge pr\u00e9sent\u00e9 par\nVolvo. Il pourrait s\u2019agir de la base du nouveau XC90 qui porterait, sans sa\nversion \u00e9lectrifi\u00e9e, le nom de Embla. Cette version entrera en production dans\nl&rsquo;usine am\u00e9ricaine de Volvo plus tard cette ann\u00e9e. Le XC90 hybride, quant \u00e0\nlui, est construit \u00e0 l&rsquo;usine Volvo de Torslanda en Su\u00e8de. Cela donne \u00e0 Volvo la\npossibilit\u00e9 de produire les deux mod\u00e8les.<\/p>\n\n\n\n<p>Volvo a introduit la deuxi\u00e8me g\u00e9n\u00e9ration du XC90\u00a0de luxe sur le march\u00e9 mondial en 2014 et n&rsquo;a pas proc\u00e9d\u00e9 \u00e0 un changement important avec plusieurs ann\u00e9es. La seconde g\u00e9n\u00e9ration a re\u00e7u des pare-chocs et une calandre l\u00e9g\u00e8rement retouch\u00e9s. Selon les responsables de Volvo, la prochaine version du VUS lui donnera un aspect ext\u00e9rieur plus attrayant. Cependant, il n&rsquo;y aura pas de mises \u00e0 niveau m\u00e9caniques. En gros, le style changera, mais la performante motorisation d\u00e9j\u00e0 utilis\u00e9e restera dans les versions \u00e0 essence.<\/p>\n\n\n\n<p>Le Volvo XC90 est l&rsquo;une des voitures les plus vendues de la marque. Sa taille, son design moderne et son \u00e9conomie de carburant le rendent attrayants. Sans compter le luxe tout scandinave de l\u2019habitacle. Passez le voir chez <a href=\"http:\/\/albivolvo.com\" target=\"_blank\" rel=\"noreferrer noopener\" aria-label=\"ALBI Volvo (s\u2019ouvre dans un nouvel onglet)\">ALBI Volvo<\/a>, et vous verrez qu\u2019il est toujours aussi s\u00e9duisant.<\/p>\n","protected":false},"excerpt":{"rendered":"<p>La marque su\u00e9doise de voitures de luxe Volvo pr\u00e9voit de donner \u00e0 son VUS phare, le grand XC90 un dernier coup de jeune avant sa conversion \u00e9lectrique. L&rsquo;entreprise a pour objectif de rajeunir le VUS XC90 et de le maintenir en production avant que le constructeur automobile ne passe totalement aux v\u00e9hicules \u00e9lectriques en 2030. [&hellip;]<\/p>\n","protected":false},"author":5,"featured_media":15853,"comment_status":"closed","ping_status":"open","sticky":false,"template":"","format":"standard","meta":{"footnotes":""},"categories":[6],"tags":[],"class_list":["post-15852","post","type-post","status-publish","format-standard","has-post-thumbnail","hentry","category-blogue"],"_links":{"self":[{"href":"https:\/\/www.albilegeant.com\/articles\/wp-json\/wp\/v2\/posts\/15852","targetHints":{"allow":["GET"]}}],"collection":[{"href":"https:\/\/www.albilegeant.com\/articles\/wp-json\/wp\/v2\/posts"}],"about":[{"href":"https:\/\/www.albilegeant.com\/articles\/wp-json\/wp\/v2\/types\/post"}],"author":[{"embeddable":true,"href":"https:\/\/www.albilegeant.com\/articles\/wp-json\/wp\/v2\/users\/5"}],"replies":[{"embeddable":true,"href":"https:\/\/www.albilegeant.com\/articles\/wp-json\/wp\/v2\/comments?post=15852"}],"version-history":[{"count":1,"href":"https:\/\/www.albilegeant.com\/articles\/wp-json\/wp\/v2\/posts\/15852\/revisions"}],"predecessor-version":[{"id":15854,"href":"https:\/\/www.albilegeant.com\/articles\/wp-json\/wp\/v2\/posts\/15852\/revisions\/15854"}],"wp:featuredmedia":[{"embeddable":true,"href":"https:\/\/www.albilegeant.com\/articles\/wp-json\/wp\/v2\/media\/15853"}],"wp:attachment":[{"href":"https:\/\/www.albilegeant.com\/articles\/wp-json\/wp\/v2\/media?parent=15852"}],"wp:term":[{"taxonomy":"category","embeddable":true,"href":"https:\/\/www.albilegeant.com\/articles\/wp-json\/wp\/v2\/categories?post=15852"},{"taxonomy":"post_tag","embeddable":true,"href":"https:\/\/www.albilegeant.com\/articles\/wp-json\/wp\/v2\/tags?post=15852"}],"curies":[{"name":"wp","href":"https:\/\/api.w.org\/{rel}","templated":true}]}}