{"id":15924,"date":"2022-03-23T13:45:09","date_gmt":"2022-03-23T17:45:09","guid":{"rendered":"https:\/\/www.albilegeant.com\/articles\/?p=15924"},"modified":"2022-03-23T13:45:11","modified_gmt":"2022-03-23T17:45:11","slug":"la-mazda6-ne-reviendra-pas","status":"publish","type":"post","link":"https:\/\/www.albilegeant.com\/articles\/blogue\/la-mazda6-ne-reviendra-pas\/","title":{"rendered":"La Mazda6 ne reviendra pas"},"content":{"rendered":"\n<p>La berline interm\u00e9diaire de Mazda, la Mazda6, a disparu de notre concession au cours de l\u2019ann\u00e9e. On esp\u00e9rait cependant qu\u2019elle reviendrait au fil des prochains mois. Ce ne sera malheureusement pas le cas. Le directeur de l\u2019ing\u00e9nierie de Mazda Europe, Joachim Kunz, l\u2019a confirm\u00e9 aux journalistes.<\/p>\n\n\n\n<p>La Mazda6 devait reposer sur la plateforme et le style de la Mazda Vision Coup\u00e9, un prototype pr\u00e9sent\u00e9 il y a quelques ann\u00e9es dans les grands salons de l\u2019auto. D\u00e9\u00e7u? Nous aussi, \u00e9videmment, mais ne sommes pas d\u00e9sesp\u00e9r\u00e9s chez ALBI Mazda. <\/p>\n\n\n\n<p>Car si la Mazda6 ne reviendra pas dans sa forme actuelle,\ncela ne signifie pas que le concept Vision tombera dans l\u2019oubli. Il semble en\neffet qu\u2019une voiture sportive, ayant une parent\u00e9 avec des mod\u00e8les ayant exist\u00e9\ncomme la RX-8, pourrait voir le jour. Mais aucun d\u00e9tail n\u2019a \u00e9videmment perc\u00e9 \u00e0\nce sujet.<\/p>\n\n\n\n<h4 class=\"wp-block-heading\">Des VUS en route<\/h4>\n\n\n\n<p>Si la berline ne sera plus vendue, Mazda se tourne r\u00e9solument vers les v\u00e9hicules utilitaires sport. Le <a href=\"https:\/\/www.albilegeant.com\/articles\/blogue\/la-mazda-cx-50-entre-en-production\/\">CX-50<\/a> fera son apparition au cours des prochains jours chez ALBI Mazda. Construit sur la plate-forme du CX-30, ce VUS affiche cependant une allure plus muscl\u00e9e et plus athl\u00e9tique. On mise beaucoup sur ses capacit\u00e9s hors route et sur son syst\u00e8me int\u00e9gral intelligent.<\/p>\n\n\n\n<p>D\u2019autres mod\u00e8les, notamment le CX-70 et le CX-90 feront leur\nentr\u00e9e au cours des prochains mois. Il s\u2019agit de v\u00e9hicules partageant la m\u00eame\nplate-forme, mais le CX-90 sera en mesure d\u2019accueillir jusqu\u2019\u00e0 7 passagers sur\nses trois rang\u00e9es de si\u00e8ges.<\/p>\n\n\n\n<p>Pr\u00e9cisons quand m\u00eame que les Mazda CX-3, CX-30 et CX-5 continueront d\u2019\u00eatre offerts et que les nouveaux VUS viennent compl\u00e9ter le portfolio de Mazda. Deux v\u00e9hicules plus sp\u00e9cialis\u00e9s, le Mazda MX-30\u00a0100% \u00e9lectrique et la sportive et toujours dynamique Mazda MX-5 (et sa version \u00e0 toit rigide RF) sont aussi toujours disponibles chez votre concessionnaire <a href=\"http:\/\/albimazda.com\" target=\"_blank\" rel=\"noreferrer noopener\" aria-label=\" (s\u2019ouvre dans un nouvel onglet)\">ALBI Mazda<\/a>.<\/p>\n","protected":false},"excerpt":{"rendered":"<p>La berline interm\u00e9diaire de Mazda, la Mazda6, a disparu de notre concession au cours de l\u2019ann\u00e9e. On esp\u00e9rait cependant qu\u2019elle reviendrait au fil des prochains mois. Ce ne sera malheureusement pas le cas. Le directeur de l\u2019ing\u00e9nierie de Mazda Europe, Joachim Kunz, l\u2019a confirm\u00e9 aux journalistes. La Mazda6 devait reposer sur la plateforme et le [&hellip;]<\/p>\n","protected":false},"author":5,"featured_media":15925,"comment_status":"closed","ping_status":"open","sticky":false,"template":"","format":"standard","meta":{"footnotes":""},"categories":[6],"tags":[],"class_list":["post-15924","post","type-post","status-publish","format-standard","has-post-thumbnail","hentry","category-blogue"],"_links":{"self":[{"href":"https:\/\/www.albilegeant.com\/articles\/wp-json\/wp\/v2\/posts\/15924","targetHints":{"allow":["GET"]}}],"collection":[{"href":"https:\/\/www.albilegeant.com\/articles\/wp-json\/wp\/v2\/posts"}],"about":[{"href":"https:\/\/www.albilegeant.com\/articles\/wp-json\/wp\/v2\/types\/post"}],"author":[{"embeddable":true,"href":"https:\/\/www.albilegeant.com\/articles\/wp-json\/wp\/v2\/users\/5"}],"replies":[{"embeddable":true,"href":"https:\/\/www.albilegeant.com\/articles\/wp-json\/wp\/v2\/comments?post=15924"}],"version-history":[{"count":1,"href":"https:\/\/www.albilegeant.com\/articles\/wp-json\/wp\/v2\/posts\/15924\/revisions"}],"predecessor-version":[{"id":15926,"href":"https:\/\/www.albilegeant.com\/articles\/wp-json\/wp\/v2\/posts\/15924\/revisions\/15926"}],"wp:featuredmedia":[{"embeddable":true,"href":"https:\/\/www.albilegeant.com\/articles\/wp-json\/wp\/v2\/media\/15925"}],"wp:attachment":[{"href":"https:\/\/www.albilegeant.com\/articles\/wp-json\/wp\/v2\/media?parent=15924"}],"wp:term":[{"taxonomy":"category","embeddable":true,"href":"https:\/\/www.albilegeant.com\/articles\/wp-json\/wp\/v2\/categories?post=15924"},{"taxonomy":"post_tag","embeddable":true,"href":"https:\/\/www.albilegeant.com\/articles\/wp-json\/wp\/v2\/tags?post=15924"}],"curies":[{"name":"wp","href":"https:\/\/api.w.org\/{rel}","templated":true}]}}