{"id":16044,"date":"2022-05-20T13:20:29","date_gmt":"2022-05-20T17:20:29","guid":{"rendered":"https:\/\/www.albilegeant.com\/articles\/?p=16044"},"modified":"2022-05-20T13:20:31","modified_gmt":"2022-05-20T17:20:31","slug":"le-chevrolet-equinox-electrique-devoile-son-interieur","status":"publish","type":"post","link":"https:\/\/www.albilegeant.com\/articles\/blogue\/le-chevrolet-equinox-electrique-devoile-son-interieur\/","title":{"rendered":"Le Chevrolet Equinox \u00e9lectrique d\u00e9voile son int\u00e9rieur"},"content":{"rendered":"\n<p>C\u2019est en janvier dernier, lors du<em> Consumer Electronic show<\/em>, que Chevrolet a d\u00e9voil\u00e9 son intention de remplacer l\u2019actuel VUS compact Equinox par une version plus futuriste, et surtout 100% \u00e9lectrique. M\u00eame si peu de d\u00e9tails r\u00e9els sont connus, le constructeur a tout de m\u00eame laiss\u00e9 entrevoir de quoi aurait l\u2019air l\u2019int\u00e9rieur du v\u00e9hicule.<\/p>\n\n\n\n<p>La coutre vid\u00e9o d\u00e9bute par une image de la bouche d&rsquo;a\u00e9ration du v\u00e9hicule. La bouche d&rsquo;a\u00e9ration comprend un contour argent\u00e9 et un design int\u00e9rieur en forme de X. On se d\u00e9place ensuite sur la console centrale et le tableau de bord. On peut apercevoir deux grands porte-gobelet, et une sellerie bleue. <\/p>\n\n\n\n<p>La cam\u00e9ra se d\u00e9place ensuite vers le c\u00f4t\u00e9 passager du\ntableau de bord, o\u00f9 nous voyons le bord inf\u00e9rieur de l&rsquo;\u00e9cran central\nd&rsquo;infodivertissement, ainsi que quelques \u00e9l\u00e9ments d&rsquo;\u00e9clairage int\u00e9ressants\nentre l&rsquo;\u00e9cran et la bouche d&rsquo;a\u00e9ration. Pour bien marquer l\u2019appartenance au\nmonde \u00e9lectrique, les couleurs d\u2019\u00e9clairage changent, passant du blanc au bleu.<\/p>\n\n\n\n<figure class=\"wp-block-embed-youtube wp-block-embed is-type-video is-provider-youtube wp-embed-aspect-16-9 wp-has-aspect-ratio\"><div class=\"wp-block-embed__wrapper\">\nhttps:\/\/www.youtube.com\/watch?v=FZmy8kRs7Vs\n<\/div><\/figure>\n\n\n\n<p>Dernier d\u00e9tail, on peut apercevoir sur l\u2019\u00e9cran des commandes\npour les phares, laissant pr\u00e9sager que les blocs optiques seront d\u00e9sormais\ncommand\u00e9s par l\u2019\u00e9cran tactile. Peut-\u00eatre y aura-t-il quand m\u00eame des boutons\nphysiques, mais rien n\u2019est confirm\u00e9.<\/p>\n\n\n\n<figure class=\"wp-block-image size-large\"><img loading=\"lazy\" decoding=\"async\" width=\"1024\" height=\"576\" src=\"https:\/\/www.albilegeant.com\/articles\/wp-content\/uploads\/2022\/05\/interieur-equinox-ev-1024x576.jpg\" alt=\"\" class=\"wp-image-16045\" srcset=\"https:\/\/www.albilegeant.com\/articles\/wp-content\/uploads\/2022\/05\/interieur-equinox-ev-1024x576.jpg 1024w, https:\/\/www.albilegeant.com\/articles\/wp-content\/uploads\/2022\/05\/interieur-equinox-ev-300x169.jpg 300w, https:\/\/www.albilegeant.com\/articles\/wp-content\/uploads\/2022\/05\/interieur-equinox-ev-768x432.jpg 768w, https:\/\/www.albilegeant.com\/articles\/wp-content\/uploads\/2022\/05\/interieur-equinox-ev-1536x864.jpg 1536w, https:\/\/www.albilegeant.com\/articles\/wp-content\/uploads\/2022\/05\/interieur-equinox-ev-624x351.jpg 624w, https:\/\/www.albilegeant.com\/articles\/wp-content\/uploads\/2022\/05\/interieur-equinox-ev.jpg 1920w\" sizes=\"auto, (max-width: 1024px) 100vw, 1024px\" \/><\/figure>\n\n\n\n<h4 class=\"wp-block-heading\">L&rsquo;Equinox EV est pour quand?<\/h4>\n\n\n\n<p>Pr\u00e9vu pour un lancement \u00e0 la fin de 2023 comme mod\u00e8le 2024 (et oui, on a h\u00e2te chez ALBI Chevrolet), le Chevrolet Equinox \u00e9lectrique promet d\u2019\u00eatre un VUS abordable et efficace. Mais attention, il affiche une personnalit\u00e9 diff\u00e9rente de celle de sa version \u00e0 essence.<\/p>\n\n\n\n<p>Car en dehors de son nom, l&rsquo;Equinox EV ne partage pas\nbeaucoup de choses avec son fr\u00e8re \u00e0 actuel. Il sera construit, comme tous les\nnouveaux mod\u00e8les \u00e9lectriques de GM, sur la plateforme Ultium. Le design est\n\u00e9galement assez diff\u00e9rent, tant \u00e0 l&rsquo;int\u00e9rieur qu&rsquo;\u00e0 l&rsquo;ext\u00e9rieur \u00c0 en juger par\nles premi\u00e8res images de synth\u00e8se que Chevrolet nous a montr\u00e9es, il semble \u00eatre\nplus petit. <\/p>\n\n\n\n<p>C\u2019est vrai, on a h\u00e2te de voir ce nouveau v\u00e9hicule, et son cousin le <a href=\"https:\/\/www.albilegeant.com\/articles\/blogue\/un-chevrolet-blazer-ev-ss-confirme\/\">Chevrolet Blazer<\/a>, qui devrait aussi se d\u00e9cliner en version \u00e9lectrique. Mais on se doit d\u2019\u00eatre prudent. Car m\u00eame GM, en diffusant sa vid\u00e9o, l\u2019a doubl\u00e9e d\u2019une mention en petits caract\u00e8res nous avertissant que ce que nous voyons sont des \u00ab\u00a0images simul\u00e9es\u00a0\u00bb et que le mod\u00e8le de production r\u00e9el \u00ab\u00a0peut varier\u00a0\u00bb. <\/p>\n\n\n\n<p>Alors patience, et passez nous voir de temps en temps chez <a href=\"http:\/\/albichevrolet.com\" target=\"_blank\" rel=\"noreferrer noopener\" aria-label=\"ALBI Chevrolet (s\u2019ouvre dans un nouvel onglet)\">ALBI Chevrolet<\/a>. On aura bient\u00f4t plus de d\u00e9tails \u00e7\u00e0 vous donner.<\/p>\n","protected":false},"excerpt":{"rendered":"<p>C\u2019est en janvier dernier, lors du Consumer Electronic show, que Chevrolet a d\u00e9voil\u00e9 son intention de remplacer l\u2019actuel VUS compact Equinox par une version plus futuriste, et surtout 100% \u00e9lectrique. M\u00eame si peu de d\u00e9tails r\u00e9els sont connus, le constructeur a tout de m\u00eame laiss\u00e9 entrevoir de quoi aurait l\u2019air l\u2019int\u00e9rieur du v\u00e9hicule. La coutre [&hellip;]<\/p>\n","protected":false},"author":5,"featured_media":16046,"comment_status":"closed","ping_status":"open","sticky":false,"template":"","format":"standard","meta":{"footnotes":""},"categories":[6],"tags":[],"class_list":["post-16044","post","type-post","status-publish","format-standard","has-post-thumbnail","hentry","category-blogue"],"_links":{"self":[{"href":"https:\/\/www.albilegeant.com\/articles\/wp-json\/wp\/v2\/posts\/16044","targetHints":{"allow":["GET"]}}],"collection":[{"href":"https:\/\/www.albilegeant.com\/articles\/wp-json\/wp\/v2\/posts"}],"about":[{"href":"https:\/\/www.albilegeant.com\/articles\/wp-json\/wp\/v2\/types\/post"}],"author":[{"embeddable":true,"href":"https:\/\/www.albilegeant.com\/articles\/wp-json\/wp\/v2\/users\/5"}],"replies":[{"embeddable":true,"href":"https:\/\/www.albilegeant.com\/articles\/wp-json\/wp\/v2\/comments?post=16044"}],"version-history":[{"count":1,"href":"https:\/\/www.albilegeant.com\/articles\/wp-json\/wp\/v2\/posts\/16044\/revisions"}],"predecessor-version":[{"id":16048,"href":"https:\/\/www.albilegeant.com\/articles\/wp-json\/wp\/v2\/posts\/16044\/revisions\/16048"}],"wp:featuredmedia":[{"embeddable":true,"href":"https:\/\/www.albilegeant.com\/articles\/wp-json\/wp\/v2\/media\/16046"}],"wp:attachment":[{"href":"https:\/\/www.albilegeant.com\/articles\/wp-json\/wp\/v2\/media?parent=16044"}],"wp:term":[{"taxonomy":"category","embeddable":true,"href":"https:\/\/www.albilegeant.com\/articles\/wp-json\/wp\/v2\/categories?post=16044"},{"taxonomy":"post_tag","embeddable":true,"href":"https:\/\/www.albilegeant.com\/articles\/wp-json\/wp\/v2\/tags?post=16044"}],"curies":[{"name":"wp","href":"https:\/\/api.w.org\/{rel}","templated":true}]}}