{"id":16077,"date":"2022-06-06T09:43:41","date_gmt":"2022-06-06T13:43:41","guid":{"rendered":"https:\/\/www.albilegeant.com\/articles\/?p=16077"},"modified":"2022-06-06T09:43:45","modified_gmt":"2022-06-06T13:43:45","slug":"un-nouveau-logo-et-un-nouveau-nom-pour-buick","status":"publish","type":"post","link":"https:\/\/www.albilegeant.com\/articles\/blogue\/un-nouveau-logo-et-un-nouveau-nom-pour-buick\/","title":{"rendered":"Un nouveau logo et un nouveau nom pour Buick"},"content":{"rendered":"\n<p>Buick n\u2019avait pas chang\u00e9 depuis 30 ans. C\u2019est aujourd\u2019hui un tout nouveau logo qui, d\u00e8s la prochaine ann\u00e9e mod\u00e8le, ornera le capot des VUS, et des voitures vendues outre-mer, de la compagnie Buick. <\/p>\n\n\n\n<p>Toutefois, le logo de nouvelle g\u00e9n\u00e9ration n\u2019est pas sans rappeler l\u2019ancien. Il conserve les trois boucliers qui sont la signature de Buick depuis des d\u00e9cennies. Mais il est toutefois orn\u00e9 de couleurs plus vives, et n\u2019utilise plus le design en cascade. Les trois boucliers sont d\u00e9sormais align\u00e9s sur un axe horizontal.<\/p>\n\n\n\n<p>Le style est plus moderne, et vise \u00e0 illustrer les efforts\nde la compagnie vers une marque \u00e9lectrifi\u00e9e. <\/p>\n\n\n\n<p>Autre changement, et il est majeur pour les maniaques de la\ncompagnie, le logo ne sera plus appos\u00e9 sur les c\u00f4t\u00e9s des voitures mais sera\nplut\u00f4t log\u00e9 au bout du capot. C\u2019est un changement radical puisque le logo \u00e9tait\nsur les panneaux lat\u00e9raux depuis plus de cinq d\u00e9cennies.<\/p>\n\n\n\n<h4 class=\"wp-block-heading\">Un nouveau nom<\/h4>\n\n\n\n<p>Au-del\u00e0 de l\u2019image, Buick veut aussi manifester son\nchangement en cr\u00e9ant un nouveau nom pour sa gamme de voiture \u00e9lectrique. Il\ns\u2019agit du nom Electra.<\/p>\n\n\n\n<p>Le nom servira \u00e0 identifier toutes les nouvelles voitures \u00e9lectriques de la gamme. Il sera accompagn\u00e9 d\u2019une identification alphanum\u00e9rique propre \u00e0 chaque mod\u00e8le. Un peu comme Hyundai l\u2019a fait avec sa <a href=\"https:\/\/www.albilegeant.com\/articles\/blogue\/cinq-choses-a-savoir-sur-la-ioniq5\/\">Ioniq5<\/a> par exemple, qui sera suivi d\u2019une Ioniq7 bient\u00f4t (on le souhaite..).<\/p>\n\n\n\n<p>Le nom Electra n\u2019est pas nouveau chez Buick. Attribu\u00e9 \u00e0 une voiture de luxe de grande taille qui a \u00e9t\u00e9 fabriqu\u00e9e et commercialis\u00e9e par Buick de 1959 \u00e0 1990. Lanc\u00e9e en remplacement de la Super et de la Roadmaster, l&rsquo;Electra a \u00e9t\u00e9 le fleuron de la gamme des berlines Buick tout au long de sa production. L&rsquo;Electra a \u00e9t\u00e9 propos\u00e9e principalement en tant que berline quatre portes. Elle a \u00e9galement \u00e9t\u00e9 commercialis\u00e9e \u00e0 diverses reprises en tant que berline deux portes, cabriolet deux portes et familiale cinq portes.<\/p>\n\n\n\n<figure class=\"wp-block-image size-large\"><img loading=\"lazy\" decoding=\"async\" width=\"1024\" height=\"523\" src=\"https:\/\/www.albilegeant.com\/articles\/wp-content\/uploads\/2022\/06\/1964_Buick_Electra-1024x523.jpg\" alt=\"\" class=\"wp-image-16078\" srcset=\"https:\/\/www.albilegeant.com\/articles\/wp-content\/uploads\/2022\/06\/1964_Buick_Electra-1024x523.jpg 1024w, https:\/\/www.albilegeant.com\/articles\/wp-content\/uploads\/2022\/06\/1964_Buick_Electra-300x153.jpg 300w, https:\/\/www.albilegeant.com\/articles\/wp-content\/uploads\/2022\/06\/1964_Buick_Electra-768x392.jpg 768w, https:\/\/www.albilegeant.com\/articles\/wp-content\/uploads\/2022\/06\/1964_Buick_Electra-624x318.jpg 624w, https:\/\/www.albilegeant.com\/articles\/wp-content\/uploads\/2022\/06\/1964_Buick_Electra.jpg 1170w\" sizes=\"auto, (max-width: 1024px) 100vw, 1024px\" \/><\/figure>\n\n\n\n<p>Electra, c\u2019est aussi le nom d\u2019une super h\u00e9ro\u00efne de cin\u00e9ma (avec un K cependant, merci Jennifer Garner), mais surtout, un personnage de la mythologie grecque. Elle \u00e9tait la fille du roi Agamemnon et de la reine Clytemnestre. Les amateurs de classique se souviendront de son nom dans l\u2019Iliade de Hom\u00e8re.<\/p>\n\n\n\n<p>C\u2019est un nouveau classique, \u00e9lectrique cette fois, que Buick\ns\u2019appr\u00eate \u00e0 d\u00e9voiler, d\u00e8s l\u2019an prochain.<\/p>\n","protected":false},"excerpt":{"rendered":"<p>Buick n\u2019avait pas chang\u00e9 depuis 30 ans. C\u2019est aujourd\u2019hui un tout nouveau logo qui, d\u00e8s la prochaine ann\u00e9e mod\u00e8le, ornera le capot des VUS, et des voitures vendues outre-mer, de la compagnie Buick. Toutefois, le logo de nouvelle g\u00e9n\u00e9ration n\u2019est pas sans rappeler l\u2019ancien. Il conserve les trois boucliers qui sont la signature de Buick [&hellip;]<\/p>\n","protected":false},"author":5,"featured_media":16079,"comment_status":"closed","ping_status":"open","sticky":false,"template":"","format":"standard","meta":{"footnotes":""},"categories":[6],"tags":[],"class_list":["post-16077","post","type-post","status-publish","format-standard","has-post-thumbnail","hentry","category-blogue"],"_links":{"self":[{"href":"https:\/\/www.albilegeant.com\/articles\/wp-json\/wp\/v2\/posts\/16077","targetHints":{"allow":["GET"]}}],"collection":[{"href":"https:\/\/www.albilegeant.com\/articles\/wp-json\/wp\/v2\/posts"}],"about":[{"href":"https:\/\/www.albilegeant.com\/articles\/wp-json\/wp\/v2\/types\/post"}],"author":[{"embeddable":true,"href":"https:\/\/www.albilegeant.com\/articles\/wp-json\/wp\/v2\/users\/5"}],"replies":[{"embeddable":true,"href":"https:\/\/www.albilegeant.com\/articles\/wp-json\/wp\/v2\/comments?post=16077"}],"version-history":[{"count":3,"href":"https:\/\/www.albilegeant.com\/articles\/wp-json\/wp\/v2\/posts\/16077\/revisions"}],"predecessor-version":[{"id":16096,"href":"https:\/\/www.albilegeant.com\/articles\/wp-json\/wp\/v2\/posts\/16077\/revisions\/16096"}],"wp:featuredmedia":[{"embeddable":true,"href":"https:\/\/www.albilegeant.com\/articles\/wp-json\/wp\/v2\/media\/16079"}],"wp:attachment":[{"href":"https:\/\/www.albilegeant.com\/articles\/wp-json\/wp\/v2\/media?parent=16077"}],"wp:term":[{"taxonomy":"category","embeddable":true,"href":"https:\/\/www.albilegeant.com\/articles\/wp-json\/wp\/v2\/categories?post=16077"},{"taxonomy":"post_tag","embeddable":true,"href":"https:\/\/www.albilegeant.com\/articles\/wp-json\/wp\/v2\/tags?post=16077"}],"curies":[{"name":"wp","href":"https:\/\/api.w.org\/{rel}","templated":true}]}}