{"id":16081,"date":"2022-06-03T15:41:08","date_gmt":"2022-06-03T19:41:08","guid":{"rendered":"https:\/\/www.albilegeant.com\/articles\/?p=16081"},"modified":"2022-06-03T15:41:10","modified_gmt":"2022-06-03T19:41:10","slug":"buick-wildcat-celle-qui-precede-le-changement","status":"publish","type":"post","link":"https:\/\/www.albilegeant.com\/articles\/blogue\/buick-wildcat-celle-qui-precede-le-changement\/","title":{"rendered":"Buick Wildcat, celle qui pr\u00e9c\u00e8de le changement"},"content":{"rendered":"\n<p>C\u2019est maintenant confirm\u00e9, d\u2019ici la fin de la d\u00e9cennie, <a href=\"https:\/\/www.albilegeant.com\/articles\/blogue\/buick-changera-t-elle-de-logo\/\">Buick<\/a> n\u2019offrira plus de voitures \u00e0 essence. Toute sa flotte sera \u00e9lectrique. Et c\u2019est gr\u00e2ce \u00e0 l\u2019architecture Ultium de General Motors que les v\u00e9hicules de la banni\u00e8re de luxe rouleront \u00e9lectrique.<\/p>\n\n\n\n<p>M\u00eame si elle ne sera jamais commercialis\u00e9e, la Buick Wildcat\nest la pr\u00e9curseure de ce changement important pour le constructeur am\u00e9ricain.\nLa voiture concept, d\u00e9voil\u00e9e en m\u00eame temps que la strat\u00e9gie de Buick, est une\ntout simplement magnifique. Et on esp\u00e8re qu\u2019elle indique la nouvelle direction\nde design que compte prendre l\u2019entreprise.<\/p>\n\n\n\n<p>Le fait que GM ait choisi d&rsquo;appeler ce concept Wildcat\nrefl\u00e8te sept d\u00e9cennies d&rsquo;utilisation de ce surnom pour des v\u00e9hicules\nconceptuels Buick au look spectaculaire. Les enthousiastes et passionn\u00e9s\nd\u2019histoire se souviendront que le premier Wildcat a \u00e9t\u00e9 pr\u00e9sent\u00e9 en 1953 comme\nun v\u00e9hicule d&rsquo;exposition qui pr\u00e9figurait le design de la prochaine g\u00e9n\u00e9ration\nde Buick. <\/p>\n\n\n\n<p>D&rsquo;autres concepts du Buick Wildcat ont suivi en 1954 et 1955. Le dernier concept Wildcat a \u00e9t\u00e9 pr\u00e9sent\u00e9 en 1985. Il s&rsquo;agissait d&rsquo;une voiture sportive \u00e0 moteur central, au style futuriste, con\u00e7ue pour pr\u00e9senter les nouvelles technologies de moteur.<\/p>\n\n\n\n<h4 class=\"wp-block-heading\">\u00c9dition 2022<\/h4>\n\n\n\n<p>\u00c9videmment, la Wildcat \u00e9dition 2022 est plus moderne et\nspectaculaire. Ses porti\u00e8res s\u2019ouvrent vers le haut, entrainant une partie du\ntoit. Le design et long et bas, m\u00eame si la voiture n\u2019a que deux porti\u00e8res qui\ns\u2019\u00e9tirent vers l\u2019arri\u00e8re. <\/p>\n\n\n\n<p>L\u2019habitacle est raffin\u00e9, et pr\u00e9sente, comme c\u2019est souvent le\ncas, de nombreux \u00e9crans. On mise aussi sur l\u2019intelligence artificielle, puisque\nla voiture reconnaitra les occupants et apprendra de leurs habitudes pour\npr\u00e9parer le cockpit pour les recevoir de la fa\u00e7on la plus confortable possible.<\/p>\n\n\n\n<p>Du c\u00f4t\u00e9 des dirigeants de Buick, on affirme que les\nprochaines Buick, qu&rsquo;elles soient \u00e0 essence ou \u00e9lectriques, reprendront des\n\u00e9l\u00e9ments de design de ce concept et auront une allure plus futuriste et\nagressive. Le concept Wildcat est dot\u00e9 de jantes \u00e0 18 rayons de type\n\u00ab\u00a0turbine\u00a0\u00bb inspir\u00e9es de l&rsquo;\u00e2ge de l&rsquo;avion, o\u00f9 chaque rayon a \u00e9t\u00e9\nfabriqu\u00e9 \u00e0 la main. <\/p>\n\n\n\n<p>Aucun d\u00e9tail n\u2019a cependant perc\u00e9 quant \u00e0 la motorisation\n\u00e9lectrique. Mais on sait au moins dans quelle direction Buick se dirige pour\nses voitures \u00e9lectriques.<\/p>\n\n\n\n<p>Soyez patients, les premi\u00e8res \u00e9lectriques Buick n\u2019arriveront qu\u2019en 2024 chez votre concessionnaire <a href=\"http:\/\/albichevrolet.com\" target=\"_blank\" rel=\"noreferrer noopener\" aria-label=\"ALBI Chevrolet (s\u2019ouvre dans un nouvel onglet)\">ALBI Chevrolet<\/a>.<\/p>\n","protected":false},"excerpt":{"rendered":"<p>C\u2019est maintenant confirm\u00e9, d\u2019ici la fin de la d\u00e9cennie, Buick n\u2019offrira plus de voitures \u00e0 essence. Toute sa flotte sera \u00e9lectrique. Et c\u2019est gr\u00e2ce \u00e0 l\u2019architecture Ultium de General Motors que les v\u00e9hicules de la banni\u00e8re de luxe rouleront \u00e9lectrique. M\u00eame si elle ne sera jamais commercialis\u00e9e, la Buick Wildcat est la pr\u00e9curseure de ce [&hellip;]<\/p>\n","protected":false},"author":5,"featured_media":16082,"comment_status":"closed","ping_status":"open","sticky":false,"template":"","format":"standard","meta":{"footnotes":""},"categories":[6],"tags":[],"class_list":["post-16081","post","type-post","status-publish","format-standard","has-post-thumbnail","hentry","category-blogue"],"_links":{"self":[{"href":"https:\/\/www.albilegeant.com\/articles\/wp-json\/wp\/v2\/posts\/16081","targetHints":{"allow":["GET"]}}],"collection":[{"href":"https:\/\/www.albilegeant.com\/articles\/wp-json\/wp\/v2\/posts"}],"about":[{"href":"https:\/\/www.albilegeant.com\/articles\/wp-json\/wp\/v2\/types\/post"}],"author":[{"embeddable":true,"href":"https:\/\/www.albilegeant.com\/articles\/wp-json\/wp\/v2\/users\/5"}],"replies":[{"embeddable":true,"href":"https:\/\/www.albilegeant.com\/articles\/wp-json\/wp\/v2\/comments?post=16081"}],"version-history":[{"count":2,"href":"https:\/\/www.albilegeant.com\/articles\/wp-json\/wp\/v2\/posts\/16081\/revisions"}],"predecessor-version":[{"id":16092,"href":"https:\/\/www.albilegeant.com\/articles\/wp-json\/wp\/v2\/posts\/16081\/revisions\/16092"}],"wp:featuredmedia":[{"embeddable":true,"href":"https:\/\/www.albilegeant.com\/articles\/wp-json\/wp\/v2\/media\/16082"}],"wp:attachment":[{"href":"https:\/\/www.albilegeant.com\/articles\/wp-json\/wp\/v2\/media?parent=16081"}],"wp:term":[{"taxonomy":"category","embeddable":true,"href":"https:\/\/www.albilegeant.com\/articles\/wp-json\/wp\/v2\/categories?post=16081"},{"taxonomy":"post_tag","embeddable":true,"href":"https:\/\/www.albilegeant.com\/articles\/wp-json\/wp\/v2\/tags?post=16081"}],"curies":[{"name":"wp","href":"https:\/\/api.w.org\/{rel}","templated":true}]}}