{"id":16310,"date":"2022-09-01T15:14:20","date_gmt":"2022-09-01T19:14:20","guid":{"rendered":"https:\/\/www.albilegeant.com\/articles\/?p=16310"},"modified":"2022-09-01T15:14:23","modified_gmt":"2022-09-01T19:14:23","slug":"le-vus-coupe-envista-de-buick-lance-en-chine","status":"publish","type":"post","link":"https:\/\/www.albilegeant.com\/articles\/blogue\/le-vus-coupe-envista-de-buick-lance-en-chine\/","title":{"rendered":"Le VUS coup\u00e9 Envista de Buick lanc\u00e9 en Chine"},"content":{"rendered":"\n<p>R\u00e9glons la chose tout de suite\u00a0: le mod\u00e8le dont il est question ici ne se retrouvera probablement jamais dans la salle de montre de ALBI Chevrolet. Car le <strong>Buick Envista<\/strong> d\u00e9voil\u00e9 en Chine est r\u00e9serv\u00e9 \u00e0 ce march\u00e9.<\/p>\n\n\n\n<p>Ne soyez pas surpris, cependant, d\u2019en voir certains proches parents, car le Buick Envista est le premier v\u00e9hicule optant pour le nouveau style de design de la marque am\u00e9ricaine. <\/p>\n\n\n\n<p>Le mod\u00e8le avait d\u2019abord \u00e9t\u00e9 pr\u00e9sent\u00e9 sous forme de concept\nsous le nom de Electra-X. Mais la version de production est aujourd\u2019hui offert\ncomme un \u00ab&nbsp;SUV urbain compact \u00e0 l&rsquo;esprit vif, con\u00e7u pour la jeune\ng\u00e9n\u00e9ration progressiste et les familles modernes \u00bb.<\/p>\n\n\n\n<h4 class=\"wp-block-heading\">Le look le plus sportif<\/h4>\n\n\n\n<p>Compte tenu de sa d\u00e9mographie jeune, l&rsquo;Envista est le multisegment au look le plus sportif \u00e0 \u00eatre offert par <a href=\"https:\/\/www.albilegeant.com\/articles\/blogue\/buick-termine-premier-pour-lindice-de-qualite-initiale\/\">Buick<\/a>. Il s\u2019agit d\u2019un coup\u00e9, une d\u00e9clinaison moins courante chez les VUS, qui \u00a0reprend le nouveau langage de design global de Buick.<\/p>\n\n\n\n<p>Et on parle ici de v\u00e9ritable r\u00e9volution en mati\u00e8re de\ndesign. Le mod\u00e8le \u00e9vite la calandre en forme de cascade pour une partie avant plus\naffirm\u00e9e, et une large prise d&rsquo;air avec des barres horizontales. Le toit\ninclin\u00e9 vers l\u2019arri\u00e8re et le pare-brise prolong\u00e9 sont aussi d\u2019importants\n\u00e9l\u00e9ments de design. L&rsquo;Envista poss\u00e8de \u00e9galement des feux arri\u00e8re effil\u00e9s et une\npartie arri\u00e8re verticale avec un spoiler int\u00e9gr\u00e9.<\/p>\n\n\n\n<p>Vous pr\u00e9f\u00e9rez les versions plus sportives? Le Buick Envista\nproposera une version GS, qui ajoute une grille de calandre noire et des coques\nde r\u00e9troviseurs noires brillantes. Des jantes en alliage noir de 18 pouces qui\ncontrastent avec des \u00e9triers de frein rouges viennent compl\u00e9ter le tout.<\/p>\n\n\n\n<p>En termes de dimensions, l&rsquo;Envista mesure 4,6 m de long, 1,8\nm de large et 1,5 m de hauteur, avec un empattement de 2,7 m\u00e8tres. &nbsp;En gros, il est l\u00e9g\u00e8rement plus long que\nl&rsquo;Envision, mais que son empattement est plus court.<\/p>\n\n\n\n<p>Dans l&rsquo;habitacle, les conducteurs trouveront un tableau de\nbord num\u00e9rique autonome de 10,25 pouces et un syst\u00e8me d&rsquo;infodivertissement de\nm\u00eame taille. Ce dernier est dot\u00e9 de la navigation Baidu, d&rsquo;un tout nouveau\nsyst\u00e8me de commande vocale intelligente Baidu, de la compatibilit\u00e9 sans fil\navec Apple CarPlay et de la prise en charge des mises \u00e0 jour par la voie des\nairs.<\/p>\n\n\n\n<h4 class=\"wp-block-heading\">Un int\u00e9rieur luxueux<\/h4>\n\n\n\n<p>Buick poursuit en indiquant que le mod\u00e8le dispose d&rsquo;un\ntableau de bord gain\u00e9 de cuir, de garnitures noires et de touches chrom\u00e9es.\nParmi les autres points forts, citons un volant \u00e0 fond plat, un chargeur de\nsmartphone sans fil et d\u2019un syst\u00e8me de son surround Tune Melody.<\/p>\n\n\n\n<figure class=\"wp-block-image size-large\"><img loading=\"lazy\" decoding=\"async\" width=\"768\" height=\"432\" src=\"https:\/\/www.albilegeant.com\/articles\/wp-content\/uploads\/2022\/09\/buick-envista-2.jpg\" alt=\"\" class=\"wp-image-16312\" srcset=\"https:\/\/www.albilegeant.com\/articles\/wp-content\/uploads\/2022\/09\/buick-envista-2.jpg 768w, https:\/\/www.albilegeant.com\/articles\/wp-content\/uploads\/2022\/09\/buick-envista-2-300x169.jpg 300w, https:\/\/www.albilegeant.com\/articles\/wp-content\/uploads\/2022\/09\/buick-envista-2-624x351.jpg 624w\" sizes=\"auto, (max-width: 768px) 100vw, 768px\" \/><\/figure>\n\n\n\n<p>Buick n&rsquo;a pas approfondi les d\u00e9tails, mais a indiqu\u00e9 que le\nmod\u00e8le repose sur \u00ab&nbsp;la plateforme de nouvelle g\u00e9n\u00e9ration des VUS compacts\nde GM&nbsp;\u00bb (lire Equinox) et dispose d&rsquo;un moteur quatre cylindres 1,5 litre\nturbocompress\u00e9 qui d\u00e9veloppe 181 chevaux. Ce dernier est reli\u00e9 \u00e0 une\ntransmission \u00e0 variation continue.<\/p>\n\n\n\n<p>Pour le moment, aucun plan ne permet de voir l\u2019Envista chez <a href=\"http:\/\/albichevrolet.com\">ALBI Chevrolet<\/a>. Mais surveillez les nouveaux mod\u00e8les Buick, vous y trouverez certainement des traits communs!<\/p>\n","protected":false},"excerpt":{"rendered":"<p>R\u00e9glons la chose tout de suite\u00a0: le mod\u00e8le dont il est question ici ne se retrouvera probablement jamais dans la salle de montre de ALBI Chevrolet. Car le Buick Envista d\u00e9voil\u00e9 en Chine est r\u00e9serv\u00e9 \u00e0 ce march\u00e9. Ne soyez pas surpris, cependant, d\u2019en voir certains proches parents, car le Buick Envista est le premier [&hellip;]<\/p>\n","protected":false},"author":5,"featured_media":16311,"comment_status":"closed","ping_status":"open","sticky":false,"template":"","format":"standard","meta":{"footnotes":""},"categories":[6],"tags":[],"class_list":["post-16310","post","type-post","status-publish","format-standard","has-post-thumbnail","hentry","category-blogue"],"_links":{"self":[{"href":"https:\/\/www.albilegeant.com\/articles\/wp-json\/wp\/v2\/posts\/16310","targetHints":{"allow":["GET"]}}],"collection":[{"href":"https:\/\/www.albilegeant.com\/articles\/wp-json\/wp\/v2\/posts"}],"about":[{"href":"https:\/\/www.albilegeant.com\/articles\/wp-json\/wp\/v2\/types\/post"}],"author":[{"embeddable":true,"href":"https:\/\/www.albilegeant.com\/articles\/wp-json\/wp\/v2\/users\/5"}],"replies":[{"embeddable":true,"href":"https:\/\/www.albilegeant.com\/articles\/wp-json\/wp\/v2\/comments?post=16310"}],"version-history":[{"count":1,"href":"https:\/\/www.albilegeant.com\/articles\/wp-json\/wp\/v2\/posts\/16310\/revisions"}],"predecessor-version":[{"id":16313,"href":"https:\/\/www.albilegeant.com\/articles\/wp-json\/wp\/v2\/posts\/16310\/revisions\/16313"}],"wp:featuredmedia":[{"embeddable":true,"href":"https:\/\/www.albilegeant.com\/articles\/wp-json\/wp\/v2\/media\/16311"}],"wp:attachment":[{"href":"https:\/\/www.albilegeant.com\/articles\/wp-json\/wp\/v2\/media?parent=16310"}],"wp:term":[{"taxonomy":"category","embeddable":true,"href":"https:\/\/www.albilegeant.com\/articles\/wp-json\/wp\/v2\/categories?post=16310"},{"taxonomy":"post_tag","embeddable":true,"href":"https:\/\/www.albilegeant.com\/articles\/wp-json\/wp\/v2\/tags?post=16310"}],"curies":[{"name":"wp","href":"https:\/\/api.w.org\/{rel}","templated":true}]}}