{"id":16348,"date":"2022-09-15T15:33:39","date_gmt":"2022-09-15T19:33:39","guid":{"rendered":"https:\/\/www.albilegeant.com\/articles\/?p=16348"},"modified":"2022-09-15T15:33:41","modified_gmt":"2022-09-15T19:33:41","slug":"vehicules-nord-americains-les-demi-finalistes-connus","status":"publish","type":"post","link":"https:\/\/www.albilegeant.com\/articles\/blogue\/vehicules-nord-americains-les-demi-finalistes-connus\/","title":{"rendered":"V\u00e9hicules nord-am\u00e9ricains : les demi-finalistes connus"},"content":{"rendered":"\n<p>Le changement de date du <em>salon de l\u2019auto de D\u00e9troit<\/em> am\u00e8ne d\u2019autres changements. C\u2019est traditionnellement lors de cet \u00e9v\u00e9nement que les journalistes r\u00e9v\u00e9laient les gagnants du prix des v\u00e9hicules nord-am\u00e9ricains de l\u2019ann\u00e9e. Or, cette ann\u00e9e, le salon international de D\u00e9troit est en septembre. Il a donc fallu se contenter de la nomination des demi-finalistes de l\u2019ann\u00e9e.<\/p>\n\n\n\n<p>Une liste qui nous a bien plu, par ailleurs, puisque plusieurs nouveaux v\u00e9hicules offerts chez ALBI le G\u00e9ant, sont parmi la s\u00e9lection et, \u00e9ventuellement, parmi les gagnants.<\/p>\n\n\n\n<h4 class=\"wp-block-heading\">Demi-finalistes &#8211; Voitures<\/h4>\n\n\n\n<p>Ainsi, du c\u00f4t\u00e9 des voitures, plusieurs de nos v\u00e9hicules sont en nomination. C\u2019est le cas de la <a href=\"https:\/\/www.genesis.com\/ca\/fr\/models\/luxury-suv-genesis\/gv80\/highlights.html\/?pa=31957\" target=\"_blank\" rel=\"noreferrer noopener\" aria-label=\"Genesis G80 EV (s\u2019ouvre dans un nouvel onglet)\">Genesis G80 EV<\/a>, une nouveaut\u00e9 de luxe 100% \u00e9lectrique; la grande berline de grand luxe <a href=\"https:\/\/www.genesis.com\/ca\/fr\/models\/luxury-sedan-genesis\/g90\/highlights.html?pa=31957\" target=\"_blank\" rel=\"noreferrer noopener\" aria-label=\"Genesis G90 (s\u2019ouvre dans un nouvel onglet)\">Genesis G90<\/a>; et la sportive de 400 chevaux, la <a href=\"https:\/\/www.albinissan.com\/neufs\/Nissan-Z-2023.html\" target=\"_blank\" rel=\"noreferrer noopener\" aria-label=\"Nissan Z (s\u2019ouvre dans un nouvel onglet)\">Nissan Z<\/a>. Au total, dix v\u00e9hicules ont \u00e9t\u00e9 retenus dans cette classe. <\/p>\n\n\n\n<h4 class=\"wp-block-heading\">Demi-finalistes &#8211; Camionnettes<\/h4>\n\n\n\n<p>Du c\u00f4t\u00e9 des camionnettes, le <a href=\"https:\/\/www.albilegeant.com\/articles\/blogue\/le-prochain-chevrolet-silverado-zr2-partiellement-devoile\/\">Silverado ZR2<\/a> de Chevrolet est au nombre des trois demi-finalistes, face aux Ford \u00e9lectrique et au Lordstown Endurance, un v\u00e9hicule d\u2019une nouvelle compagnie.<\/p>\n\n\n\n<h4 class=\"wp-block-heading\">Demi-finalistes &#8211; VUS<\/h4>\n\n\n\n<p>Enfin, c\u2019est la cat\u00e9gorie des multisegments et des utilitaires sport qui regroupe le plus grand nombre de nomm\u00e9s, et de nos v\u00e9hicules. On y retrouve notamment le VUS compact 100% \u00e9lectrique <a href=\"https:\/\/www.genesis.com\/ca\/fr\/models\/luxury-suv-genesis\/gv60\/highlights.html\/?pa=31957\" target=\"_blank\" rel=\"noreferrer noopener\" aria-label=\"Genesis GV60 (s\u2019ouvre dans un nouvel onglet)\">Genesis GV60<\/a>, la sportive \u00e9lectrique <a href=\"https:\/\/www.albikia.com\/neufs\/Kia-EV6-2022.html\" target=\"_blank\" rel=\"noreferrer noopener\" aria-label=\"Kia EV6 (s\u2019ouvre dans un nouvel onglet)\">Kia EV6<\/a>, le petit utilitaire sport compact <a href=\"https:\/\/www.albikia.com\/neufs\/Kia-Sportage-2023.html\" target=\"_blank\" rel=\"noreferrer noopener\" aria-label=\"Kia Sportage (s\u2019ouvre dans un nouvel onglet)\">Kia Sportage<\/a>, le multisegment passe-partout <a href=\"https:\/\/www.albimazda.com\/neufs\/Mazda-CX_50-2023.html\" target=\"_blank\" rel=\"noreferrer noopener\" aria-label=\"Mazda CX-50 (s\u2019ouvre dans un nouvel onglet)\">Mazda CX-50<\/a>, le multisegment 100% \u00e9lectrique qui fera son entr\u00e9e chez nous dans quelques semaines, le <a href=\"https:\/\/www.albilegeant.com\/articles\/blogue\/avez-vous-reserve-votre-nissan-ariya\/\">Nissan Ariya<\/a> et le VUS coup\u00e9 su\u00e9dois, le Volvo <a href=\"https:\/\/www.albivolvo.com\/fr\/c40-recharge\" target=\"_blank\" rel=\"noreferrer noopener\" aria-label=\"C40 Recharge (s\u2019ouvre dans un nouvel onglet)\">C40 Recharge<\/a>.<\/p>\n\n\n\n<h4 class=\"wp-block-heading\">D\u00e9voilement des finalistes et gagnants<\/h4>\n\n\n\n<p>Au total, cinquante journalistes du Canada et des \u00c9tats-Unis\nont particip\u00e9 au choix de ces v\u00e9hicules. Leur vote final sera enregistr\u00e9 cet\nautomne, et les finalistes seront annonc\u00e9s en d\u00e9cembre. Il faudra cependant attendre\nle d\u00e9but de la nouvelle ann\u00e9e pour connaitre les gagnants.<\/p>\n\n\n\n<p>En attendant, c\u2019est le moment de venir faire votre choix en essayant certains demi-finalistes de ce prestigieux concours, chez votre concessionnaire ALBI le G\u00e9ant.<\/p>\n","protected":false},"excerpt":{"rendered":"<p>Le changement de date du salon de l\u2019auto de D\u00e9troit am\u00e8ne d\u2019autres changements. C\u2019est traditionnellement lors de cet \u00e9v\u00e9nement que les journalistes r\u00e9v\u00e9laient les gagnants du prix des v\u00e9hicules nord-am\u00e9ricains de l\u2019ann\u00e9e. Or, cette ann\u00e9e, le salon international de D\u00e9troit est en septembre. Il a donc fallu se contenter de la nomination des demi-finalistes de [&hellip;]<\/p>\n","protected":false},"author":5,"featured_media":16349,"comment_status":"closed","ping_status":"open","sticky":false,"template":"","format":"standard","meta":{"footnotes":""},"categories":[6],"tags":[],"class_list":["post-16348","post","type-post","status-publish","format-standard","has-post-thumbnail","hentry","category-blogue"],"_links":{"self":[{"href":"https:\/\/www.albilegeant.com\/articles\/wp-json\/wp\/v2\/posts\/16348","targetHints":{"allow":["GET"]}}],"collection":[{"href":"https:\/\/www.albilegeant.com\/articles\/wp-json\/wp\/v2\/posts"}],"about":[{"href":"https:\/\/www.albilegeant.com\/articles\/wp-json\/wp\/v2\/types\/post"}],"author":[{"embeddable":true,"href":"https:\/\/www.albilegeant.com\/articles\/wp-json\/wp\/v2\/users\/5"}],"replies":[{"embeddable":true,"href":"https:\/\/www.albilegeant.com\/articles\/wp-json\/wp\/v2\/comments?post=16348"}],"version-history":[{"count":1,"href":"https:\/\/www.albilegeant.com\/articles\/wp-json\/wp\/v2\/posts\/16348\/revisions"}],"predecessor-version":[{"id":16350,"href":"https:\/\/www.albilegeant.com\/articles\/wp-json\/wp\/v2\/posts\/16348\/revisions\/16350"}],"wp:featuredmedia":[{"embeddable":true,"href":"https:\/\/www.albilegeant.com\/articles\/wp-json\/wp\/v2\/media\/16349"}],"wp:attachment":[{"href":"https:\/\/www.albilegeant.com\/articles\/wp-json\/wp\/v2\/media?parent=16348"}],"wp:term":[{"taxonomy":"category","embeddable":true,"href":"https:\/\/www.albilegeant.com\/articles\/wp-json\/wp\/v2\/categories?post=16348"},{"taxonomy":"post_tag","embeddable":true,"href":"https:\/\/www.albilegeant.com\/articles\/wp-json\/wp\/v2\/tags?post=16348"}],"curies":[{"name":"wp","href":"https:\/\/api.w.org\/{rel}","templated":true}]}}