{"id":16421,"date":"2022-10-28T09:57:32","date_gmt":"2022-10-28T13:57:32","guid":{"rendered":"https:\/\/www.albilegeant.com\/articles\/?p=16421"},"modified":"2022-10-28T09:57:34","modified_gmt":"2022-10-28T13:57:34","slug":"voici-le-tableau-de-bord-du-volvo-ex90","status":"publish","type":"post","link":"https:\/\/www.albilegeant.com\/articles\/blogue\/voici-le-tableau-de-bord-du-volvo-ex90\/","title":{"rendered":"Voici le tableau de bord du Volvo EX90"},"content":{"rendered":"\n<p>Le manufacturier continue de d\u00e9voiler les caract\u00e9ristiques de son nouveau VUS \u00e9lectrique de luxe, le Volvo EX90, en attendant son d\u00e9voilement complet en novembre prochain. Pour la premi\u00e8re fois, la marque su\u00e9doise montre l&rsquo;int\u00e9rieur dans son int\u00e9gralit\u00e9. Il s\u2019agit d\u2019un tableau de bord tr\u00e8s minimaliste domin\u00e9 par la technologie la plus avanc\u00e9e. Un design r\u00e9volutionnaire qui va identifier le nouveau Volvo EX90.<\/p>\n\n\n\n<p>L&rsquo;ext\u00e9rieur, bien s\u00fbr, n&rsquo;a pas \u00e9t\u00e9 d\u00e9voil\u00e9, mais c&rsquo;est la\npremi\u00e8re fois que la soci\u00e9t\u00e9 su\u00e9doise donne un aper\u00e7u de l&rsquo;int\u00e9rieur. M\u00eame si,\nil y a peu, on avait confirm\u00e9 que les mat\u00e9riaux utilis\u00e9s \u00e0 bord de ce grand VUS\nseraient issus de la fabrication durable.<\/p>\n\n\n\n<h4 class=\"wp-block-heading\">Ma\u00eetriser le minimalisme scandinave<\/h4>\n\n\n\n<p>Le tableau de bord, v\u00e9ritablement r\u00e9volutionnaire, s&rsquo;\u00e9carte de la g\u00e9n\u00e9ration actuelle de mod\u00e8les Volvo et ne comporte aucune caract\u00e9ristique d\u00e9j\u00e0 vue. La marque a port\u00e9 le minimalisme scandinave \u00e0 un nouveau niveau, avec un volant multifonctions plus ergonomique, qui abandonne les boutons traditionnels classiques au profit d&rsquo;un panneau tactile.<\/p>\n\n\n\n<p>La partie centrale am\u00e9lior\u00e9e deux boutons lumineux, un sur\nchaque branche du volant, indiquant l&rsquo;activation du syst\u00e8me de conduite\nsemi-autonome Ride Pilot de Volvo, qui vous permettra de l\u00e2cher le volant. Le\nnouveau SUV \u00e9lectrique se passe totalement de console centrale, occup\u00e9e par un\ngrand \u00e9cran tactile haute r\u00e9solution pour le syst\u00e8me multim\u00e9dia et\nd&rsquo;infodivertissement.<\/p>\n\n\n\n<p>Volvo a mis le paquet, avec un nouveau combin\u00e9 d&rsquo;instruments\nultramoderne situ\u00e9 \u00e0 l&rsquo;ext\u00e9rieur du pare-soleil classique. Il ajoute un \u00e9cran\nnum\u00e9rique haute r\u00e9solution. On assiste aussi \u00e0 la cr\u00e9ation d&rsquo;un environnement\nplus luxueux en int\u00e9grant les buses de climatisation dans une fine bande\nhorizontale qui s&rsquo;\u00e9tend d&rsquo;un bord \u00e0 l&rsquo;autre. Ceux-ci s&rsquo;ouvrent et se ferment\nautomatiquement, en fonction de la vitesse de la climatisation automatique.<\/p>\n\n\n\n<p>Bien s\u00fbr, il reste encore beaucoup \u00e0 d\u00e9couvrir de ce grand EX90, et on a bien h\u00e2te de l\u2019accueillir chez <a href=\"http:\/\/albivolvo.com\" target=\"_blank\" rel=\"noreferrer noopener\" aria-label=\"ALBI Volvo (s\u2019ouvre dans un nouvel onglet)\">ALBI Volvo<\/a> dans sa forme d\u00e9finitive. Il faut quand m\u00eame avouer que les quelques informations disponibles sont prometteuses.<\/p>\n","protected":false},"excerpt":{"rendered":"<p>Le manufacturier continue de d\u00e9voiler les caract\u00e9ristiques de son nouveau VUS \u00e9lectrique de luxe, le Volvo EX90, en attendant son d\u00e9voilement complet en novembre prochain. Pour la premi\u00e8re fois, la marque su\u00e9doise montre l&rsquo;int\u00e9rieur dans son int\u00e9gralit\u00e9. Il s\u2019agit d\u2019un tableau de bord tr\u00e8s minimaliste domin\u00e9 par la technologie la plus avanc\u00e9e. Un design r\u00e9volutionnaire [&hellip;]<\/p>\n","protected":false},"author":5,"featured_media":16422,"comment_status":"closed","ping_status":"open","sticky":false,"template":"","format":"standard","meta":{"footnotes":""},"categories":[6],"tags":[],"class_list":["post-16421","post","type-post","status-publish","format-standard","has-post-thumbnail","hentry","category-blogue"],"_links":{"self":[{"href":"https:\/\/www.albilegeant.com\/articles\/wp-json\/wp\/v2\/posts\/16421","targetHints":{"allow":["GET"]}}],"collection":[{"href":"https:\/\/www.albilegeant.com\/articles\/wp-json\/wp\/v2\/posts"}],"about":[{"href":"https:\/\/www.albilegeant.com\/articles\/wp-json\/wp\/v2\/types\/post"}],"author":[{"embeddable":true,"href":"https:\/\/www.albilegeant.com\/articles\/wp-json\/wp\/v2\/users\/5"}],"replies":[{"embeddable":true,"href":"https:\/\/www.albilegeant.com\/articles\/wp-json\/wp\/v2\/comments?post=16421"}],"version-history":[{"count":1,"href":"https:\/\/www.albilegeant.com\/articles\/wp-json\/wp\/v2\/posts\/16421\/revisions"}],"predecessor-version":[{"id":16423,"href":"https:\/\/www.albilegeant.com\/articles\/wp-json\/wp\/v2\/posts\/16421\/revisions\/16423"}],"wp:featuredmedia":[{"embeddable":true,"href":"https:\/\/www.albilegeant.com\/articles\/wp-json\/wp\/v2\/media\/16422"}],"wp:attachment":[{"href":"https:\/\/www.albilegeant.com\/articles\/wp-json\/wp\/v2\/media?parent=16421"}],"wp:term":[{"taxonomy":"category","embeddable":true,"href":"https:\/\/www.albilegeant.com\/articles\/wp-json\/wp\/v2\/categories?post=16421"},{"taxonomy":"post_tag","embeddable":true,"href":"https:\/\/www.albilegeant.com\/articles\/wp-json\/wp\/v2\/tags?post=16421"}],"curies":[{"name":"wp","href":"https:\/\/api.w.org\/{rel}","templated":true}]}}