{"id":16479,"date":"2022-11-25T11:37:47","date_gmt":"2022-11-25T16:37:47","guid":{"rendered":"https:\/\/www.albilegeant.com\/articles\/?p=16479"},"modified":"2022-11-25T11:37:49","modified_gmt":"2022-11-25T16:37:49","slug":"un-nouveau-plan-delectrification-pour-mazda","status":"publish","type":"post","link":"https:\/\/www.albilegeant.com\/articles\/blogue\/un-nouveau-plan-delectrification-pour-mazda\/","title":{"rendered":"Un nouveau plan d\u2019\u00e9lectrification pour Mazda"},"content":{"rendered":"\n<p>D\u2019ici 2025, Mazda offrira neuf mod\u00e8les \u00e9lectriques ou\n\u00e9lectrifi\u00e9s, et sera sur la voie d\u2019avoir une gamme nettement plus \u00e9cologique.\nCette annonce fait partie du nouveau plan d\u2019\u00e9lectrification de la compagnie,\nd\u00e9voil\u00e9e un peu plus t\u00f4t et qui pr\u00e9voit, notamment, l\u2019investissement de quelque\n11 milliards de dollars par Mazda au cours des prochaines ann\u00e9es.<\/p>\n\n\n\n<p>L&rsquo;entreprise a \u00e9galement relev\u00e9 son objectif de ventes de\nv\u00e9hicules \u00e9lectriques (VE) pour atteindre 40 % de ses ventes totales dans le\nmonde d&rsquo;ici 2030, les constructeurs automobiles du monde entier d\u00e9pensant des\nmilliards de dollars pour augmenter la production de batteries et de VE face \u00e0\ndes r\u00e9glementations environnementales plus strictes.<\/p>\n\n\n\n<p>Au Canada, cette mise \u00e0 jour du plan d\u2019\u00e9lectrification permet donc d\u2019entrevoir de nombreuses nouveaut\u00e9s. Chez <a href=\"http:\/\/albimazda.com\" target=\"_blank\" rel=\"noreferrer noopener\" aria-label=\"ALBI Mazda (s\u2019ouvre dans un nouvel onglet)\">ALBI Mazda<\/a>, nous offrons toujours le v\u00e9hicule 100% \u00e9lectrique Mazda MX-30, mais ce magnifique v\u00e9hicule \u00e9tait jusqu\u2019\u00e0 maintenant r\u00e9serv\u00e9 au Qu\u00e9bec et \u00e0 la Colombie-Britannique. \u00c0 compter de l\u2019an prochain, il sera offert \u00e0 la grandeur du pays.<\/p>\n\n\n\n<h4 class=\"wp-block-heading\">Ajouts \u00e0 la famille V\u00c9 Mazda<\/h4>\n\n\n\n<p>\u00c0 cela s\u2019ajouteront les Mazda CX-70 et CX-90, deux hybrides\nrechargeables qui promettent d\u2019offrir une performance encore in\u00e9dite au pays. Le\nMazda CX-50 sera aussi disponible en version hybride, alors que quatre nouveaux\nv\u00e9hicules hybrides et un nouveau mod\u00e8le \u00e0 batterie s\u2019ajouteront \u00e0 la gamme.<\/p>\n\n\n\n<p>Deux multisegments seront aussi offerts avec une hybridation\nl\u00e9g\u00e8re, capable d\u2019am\u00e9liorer leurs cotes de consommation et de diminuer l\u2019impact\nsur l\u2019environnement.<\/p>\n\n\n\n<p>Parall\u00e8lement \u00e0 cela, Mazda travaille actuellement au\nd\u00e9veloppement d\u2019une toute nouvelle plateforme, appel\u00e9e architecture \u00e9volutive\nSkyActiv, qui servira de base aux nouveaux v\u00e9hicules \u00e9lectriques du\nconstructeur.<\/p>\n\n\n\n<p>Avec ce plan, Mazda pr\u00e9voit offrir, en 2030, une gamme\ncompl\u00e8te de v\u00e9hicules \u00e9lectriques ou \u00e9lectrifi\u00e9s avec un m\u00e9lange de v\u00e9hicules\n\u00e9lectriques \u00e0 batterie et de v\u00e9hicules hybrides, hybrides rechargeables et\nhybrides l\u00e9gers conformes aux exigences r\u00e9glementaires.<\/p>\n\n\n\n<p>En attendant, chez ALBI le G\u00e9ant, le <a href=\"https:\/\/www.albilegeant.com\/articles\/blogue\/la-mazda-mx-30-nommee-citadine-electrique-de-lannee\/\">Mazda MX-30 \u00e9lectrique<\/a> vous attend d\u00e9j\u00e0, et on attend avec impatience la nouvelle g\u00e9n\u00e9ration de v\u00e9hicules hybrides branchables.<\/p>\n","protected":false},"excerpt":{"rendered":"<p>D\u2019ici 2025, Mazda offrira neuf mod\u00e8les \u00e9lectriques ou \u00e9lectrifi\u00e9s, et sera sur la voie d\u2019avoir une gamme nettement plus \u00e9cologique. Cette annonce fait partie du nouveau plan d\u2019\u00e9lectrification de la compagnie, d\u00e9voil\u00e9e un peu plus t\u00f4t et qui pr\u00e9voit, notamment, l\u2019investissement de quelque 11 milliards de dollars par Mazda au cours des prochaines ann\u00e9es. L&rsquo;entreprise [&hellip;]<\/p>\n","protected":false},"author":5,"featured_media":16480,"comment_status":"closed","ping_status":"open","sticky":false,"template":"","format":"standard","meta":{"footnotes":""},"categories":[6],"tags":[],"class_list":["post-16479","post","type-post","status-publish","format-standard","has-post-thumbnail","hentry","category-blogue"],"_links":{"self":[{"href":"https:\/\/www.albilegeant.com\/articles\/wp-json\/wp\/v2\/posts\/16479","targetHints":{"allow":["GET"]}}],"collection":[{"href":"https:\/\/www.albilegeant.com\/articles\/wp-json\/wp\/v2\/posts"}],"about":[{"href":"https:\/\/www.albilegeant.com\/articles\/wp-json\/wp\/v2\/types\/post"}],"author":[{"embeddable":true,"href":"https:\/\/www.albilegeant.com\/articles\/wp-json\/wp\/v2\/users\/5"}],"replies":[{"embeddable":true,"href":"https:\/\/www.albilegeant.com\/articles\/wp-json\/wp\/v2\/comments?post=16479"}],"version-history":[{"count":1,"href":"https:\/\/www.albilegeant.com\/articles\/wp-json\/wp\/v2\/posts\/16479\/revisions"}],"predecessor-version":[{"id":16481,"href":"https:\/\/www.albilegeant.com\/articles\/wp-json\/wp\/v2\/posts\/16479\/revisions\/16481"}],"wp:featuredmedia":[{"embeddable":true,"href":"https:\/\/www.albilegeant.com\/articles\/wp-json\/wp\/v2\/media\/16480"}],"wp:attachment":[{"href":"https:\/\/www.albilegeant.com\/articles\/wp-json\/wp\/v2\/media?parent=16479"}],"wp:term":[{"taxonomy":"category","embeddable":true,"href":"https:\/\/www.albilegeant.com\/articles\/wp-json\/wp\/v2\/categories?post=16479"},{"taxonomy":"post_tag","embeddable":true,"href":"https:\/\/www.albilegeant.com\/articles\/wp-json\/wp\/v2\/tags?post=16479"}],"curies":[{"name":"wp","href":"https:\/\/api.w.org\/{rel}","templated":true}]}}