{"id":16482,"date":"2022-11-25T11:55:15","date_gmt":"2022-11-25T16:55:15","guid":{"rendered":"https:\/\/www.albilegeant.com\/articles\/?p=16482"},"modified":"2022-11-25T11:55:17","modified_gmt":"2022-11-25T16:55:17","slug":"la-successeure-de-la-mx-5-sera-t-elle-100-electrique","status":"publish","type":"post","link":"https:\/\/www.albilegeant.com\/articles\/blogue\/la-successeure-de-la-mx-5-sera-t-elle-100-electrique\/","title":{"rendered":"La successeure de la MX-5 sera-t-elle 100 % \u00e9lectrique?"},"content":{"rendered":"\n<p>Mazda a d\u00e9voil\u00e9 sa <a href=\"https:\/\/www.albilegeant.com\/articles\/blogue\/un-nouveau-plan-delectrification-pour-mazda\/\">nouvelle strat\u00e9gie d\u2019\u00e9lectrification<\/a>, int\u00e9grant une gamme de nouveaux mod\u00e8les \u00e9lectriques et hybrides. Pour le moment, les seules informations disponibles et confirm\u00e9es sont les hybrides rechargeables, notamment le Mazda CX-90 et le CX-70 l\u2019an prochain.<\/p>\n\n\n\n<p>La grande nouvelle cependant, et rien n\u2019est confirm\u00e9, ce\nserait la venue \u00e9ventuelle d\u2019une Mazda MX-5&nbsp;100% \u00e9lectrique. Toute cette\nstrat\u00e9gie globale, annonc\u00e9e avec une vid\u00e9o de 36 minutes, la partie la plus\nsucculente se situe \u00e0 la fin o\u00f9 le MX-5 est la vedette et laisse place \u00e0 un\nconcept : le Mazda Vision Study, un coup\u00e9 \u00e9lectrique qui annonce l&rsquo;avenir du\nclassique roadster japonais.<\/p>\n\n\n\n<h4 class=\"wp-block-heading\">Retour dans le pass\u00e9<\/h4>\n\n\n\n<p>Lanc\u00e9e en 1989, la MX-5 s&rsquo;est av\u00e9r\u00e9e \u00eatre un succ\u00e8s. La\nquatri\u00e8me g\u00e9n\u00e9ration, qui a fait ses d\u00e9buts en 2014, a d\u00e9j\u00e0 besoin d&rsquo;\u00eatre\nremplac\u00e9e et ce concept pourrait donner les indices de son style. On peut\nsurtout la consid\u00e9rer comme la rempla\u00e7ante de la MX-5 actuelle, car elle est\npetite, avec des lignes simples et a les proportions de la voiture de sport\nclassique \u00e0 moteur avant et \u00e0 roues arri\u00e8re motrices.<\/p>\n\n\n\n<p>Mazda a d\u00e9clar\u00e9 son intention de conserver la formule de la\npropulsion arri\u00e8re et du moteur \u00e0 combustion pour la cinqui\u00e8me g\u00e9n\u00e9ration, mais\navec la progression des r\u00e9glementations anti-pollution sur les principaux\nmarch\u00e9s o\u00f9 elle est propos\u00e9e, il n&rsquo;est pas surprenant qu&rsquo;elle embrasse\nl&rsquo;\u00e9lectrification.<\/p>\n\n\n\n<p>Pour en revenir \u00e0 l&rsquo;\u00e9tude de vision Mazda, il est probable que si elle est mise en production, elle ne conservera pas les portes \u00e0 guillotine. Les caract\u00e9ristiques notables sont le pare-brise et les ailes \u00e9vas\u00e9es et les lignes simples. Reste \u00e0 savoir si un quatre cylindres positionn\u00e9 longitudinalement permet un capot aussi bas. <\/p>\n\n\n\n<p>Enfin, une question demeure : la marque restera-t-elle\nfid\u00e8le au format deux places \u00e0 toit ouvert ou adoptera-t-elle un toit fixe de\ns\u00e9rie pour la prochaine MX-5 Miata ?<\/p>\n\n\n\n<p>La Mazda MX-5 est une v\u00e9ritable vedette chez <a href=\"http:\/\/albimazda.com\" target=\"_blank\" rel=\"noreferrer noopener\" aria-label=\"ALBI Mazda (s\u2019ouvre dans un nouvel onglet)\">ALBI Mazda<\/a>. On peut croire qu\u2019elle aurait le m\u00eame succ\u00e8s, et encore plus, en version \u00e9lectrique!<\/p>\n","protected":false},"excerpt":{"rendered":"<p>Mazda a d\u00e9voil\u00e9 sa nouvelle strat\u00e9gie d\u2019\u00e9lectrification, int\u00e9grant une gamme de nouveaux mod\u00e8les \u00e9lectriques et hybrides. Pour le moment, les seules informations disponibles et confirm\u00e9es sont les hybrides rechargeables, notamment le Mazda CX-90 et le CX-70 l\u2019an prochain. La grande nouvelle cependant, et rien n\u2019est confirm\u00e9, ce serait la venue \u00e9ventuelle d\u2019une Mazda MX-5&nbsp;100% \u00e9lectrique. [&hellip;]<\/p>\n","protected":false},"author":5,"featured_media":16484,"comment_status":"closed","ping_status":"open","sticky":false,"template":"","format":"standard","meta":{"footnotes":""},"categories":[6],"tags":[],"class_list":["post-16482","post","type-post","status-publish","format-standard","has-post-thumbnail","hentry","category-blogue"],"_links":{"self":[{"href":"https:\/\/www.albilegeant.com\/articles\/wp-json\/wp\/v2\/posts\/16482","targetHints":{"allow":["GET"]}}],"collection":[{"href":"https:\/\/www.albilegeant.com\/articles\/wp-json\/wp\/v2\/posts"}],"about":[{"href":"https:\/\/www.albilegeant.com\/articles\/wp-json\/wp\/v2\/types\/post"}],"author":[{"embeddable":true,"href":"https:\/\/www.albilegeant.com\/articles\/wp-json\/wp\/v2\/users\/5"}],"replies":[{"embeddable":true,"href":"https:\/\/www.albilegeant.com\/articles\/wp-json\/wp\/v2\/comments?post=16482"}],"version-history":[{"count":2,"href":"https:\/\/www.albilegeant.com\/articles\/wp-json\/wp\/v2\/posts\/16482\/revisions"}],"predecessor-version":[{"id":16485,"href":"https:\/\/www.albilegeant.com\/articles\/wp-json\/wp\/v2\/posts\/16482\/revisions\/16485"}],"wp:featuredmedia":[{"embeddable":true,"href":"https:\/\/www.albilegeant.com\/articles\/wp-json\/wp\/v2\/media\/16484"}],"wp:attachment":[{"href":"https:\/\/www.albilegeant.com\/articles\/wp-json\/wp\/v2\/media?parent=16482"}],"wp:term":[{"taxonomy":"category","embeddable":true,"href":"https:\/\/www.albilegeant.com\/articles\/wp-json\/wp\/v2\/categories?post=16482"},{"taxonomy":"post_tag","embeddable":true,"href":"https:\/\/www.albilegeant.com\/articles\/wp-json\/wp\/v2\/tags?post=16482"}],"curies":[{"name":"wp","href":"https:\/\/api.w.org\/{rel}","templated":true}]}}