{"id":16486,"date":"2022-11-25T15:23:03","date_gmt":"2022-11-25T20:23:03","guid":{"rendered":"https:\/\/www.albilegeant.com\/articles\/?p=16486"},"modified":"2022-11-25T15:23:05","modified_gmt":"2022-11-25T20:23:05","slug":"le-buick-envista-arrivera-chez-nous","status":"publish","type":"post","link":"https:\/\/www.albilegeant.com\/articles\/blogue\/le-buick-envista-arrivera-chez-nous\/","title":{"rendered":"Le Buick Envista arrivera chez nous"},"content":{"rendered":"\n<p>Buick a annonc\u00e9 que le multisegment Envista, lanc\u00e9 en Chine\ncette ann\u00e9e, sera \u00e9tendu au march\u00e9 nord-am\u00e9ricain. Ce qui signifie que ce\nnouveau v\u00e9hicule de la gamme fera son entr\u00e9e chez Albi le G\u00e9ant d\u2019ici quelques\nmois. <\/p>\n\n\n\n<p>C\u2019est ce que le grand patron de General Motors, Mark Reuss,\na confirm\u00e9 au site Autoblog. \u00ab&nbsp;La Buick Envista a \u00e9t\u00e9 produite en Chine \u00e0\npartir du design de la Buick Wildcat. Ce crossover sera lanc\u00e9 sur le march\u00e9\nam\u00e9ricain pour compl\u00e9ter la gamme Buick&nbsp;\u00bb.<\/p>\n\n\n\n<p>On ne sait pas encore quand ce nouveau VUS de fabrication\nchinoise fera ses d\u00e9buts au Canada. Les rumeurs disent cependant qu\u2019il sera\noffert chez nous comme mod\u00e8le 2024, ce qui signifie qu\u2019il pourrait arriver\naussit\u00f4t que dans un an.<\/p>\n\n\n\n<p>\u00c9quip\u00e9 d&rsquo;un moteur quatre cylindres turbo de 1,5 litre\nd\u00e9veloppant 181 chevaux et d&rsquo;une transmission \u00e0 variation continue (CVT), le\nBuick Envista 2022 est dot\u00e9 de deux \u00e9crans de 10,25 pouces, d&rsquo;un syst\u00e8me audio haut\nde gamme et d&rsquo;un look sportif.<\/p>\n\n\n\n<h4 class=\"wp-block-heading\">Et si on comparait<\/h4>\n\n\n\n<p>Plus gros que le Buick Encore GX, il pourrait s\u2019associer au\nChevrolet Trax en mati\u00e8re de dimension, et se situerait dans la gamme de luxe,\nau-dessus des v\u00e9hicules comme le Chevrolet TrailBlazer.<\/p>\n\n\n\n<p>Sous le capot, l&rsquo;Envista dont les ventes d\u00e9buteront en Chine\nau d\u00e9but de 2023, est anim\u00e9 par un moteur \u00e0 essence 4 cylindres 1.5L\nturbocompress\u00e9 de 181 chevaux, qui s\u2019associe \u00e0 une transmission automatique \u00e0\nvariation continue (CVT). Sous les panneaux de carrosserie, la Buick Envista\nrepose sur une nouvelle variante de la plateforme GM VSS-F, la m\u00eame qui\nsous-tend le tout nouveau Chevrolet Trax 2024.<\/p>\n\n\n\n<p>Si on se fie aux commentaires des dirigeants de GM, le\nnouveau Buick Envista aurait comme mission d\u2019attirer les jeunes conducteurs\nvers la marque aux boucliers. On peut donc supposer qu\u2019il sera dot\u00e9 des\nnouvelles technologies les plus efficaces, tant en mati\u00e8re d\u2019infodivertissement\nque dans le domaine de l\u2019assistance \u00e0 la conduite.<\/p>\n\n\n\n<p>Chose certaine, on a bien h\u00e2te de pouvoir vous offrir le Envista chez <a href=\"http:\/\/albichevrolet.com\" target=\"_blank\" rel=\"noreferrer noopener\" aria-label=\"ALBI Chevrolet (s\u2019ouvre dans un nouvel onglet)\">ALBI Chevrolet<\/a>.<\/p>\n","protected":false},"excerpt":{"rendered":"<p>Buick a annonc\u00e9 que le multisegment Envista, lanc\u00e9 en Chine cette ann\u00e9e, sera \u00e9tendu au march\u00e9 nord-am\u00e9ricain. Ce qui signifie que ce nouveau v\u00e9hicule de la gamme fera son entr\u00e9e chez Albi le G\u00e9ant d\u2019ici quelques mois. C\u2019est ce que le grand patron de General Motors, Mark Reuss, a confirm\u00e9 au site Autoblog. \u00ab&nbsp;La Buick [&hellip;]<\/p>\n","protected":false},"author":5,"featured_media":16487,"comment_status":"closed","ping_status":"open","sticky":false,"template":"","format":"standard","meta":{"footnotes":""},"categories":[6],"tags":[],"class_list":["post-16486","post","type-post","status-publish","format-standard","has-post-thumbnail","hentry","category-blogue"],"_links":{"self":[{"href":"https:\/\/www.albilegeant.com\/articles\/wp-json\/wp\/v2\/posts\/16486","targetHints":{"allow":["GET"]}}],"collection":[{"href":"https:\/\/www.albilegeant.com\/articles\/wp-json\/wp\/v2\/posts"}],"about":[{"href":"https:\/\/www.albilegeant.com\/articles\/wp-json\/wp\/v2\/types\/post"}],"author":[{"embeddable":true,"href":"https:\/\/www.albilegeant.com\/articles\/wp-json\/wp\/v2\/users\/5"}],"replies":[{"embeddable":true,"href":"https:\/\/www.albilegeant.com\/articles\/wp-json\/wp\/v2\/comments?post=16486"}],"version-history":[{"count":1,"href":"https:\/\/www.albilegeant.com\/articles\/wp-json\/wp\/v2\/posts\/16486\/revisions"}],"predecessor-version":[{"id":16488,"href":"https:\/\/www.albilegeant.com\/articles\/wp-json\/wp\/v2\/posts\/16486\/revisions\/16488"}],"wp:featuredmedia":[{"embeddable":true,"href":"https:\/\/www.albilegeant.com\/articles\/wp-json\/wp\/v2\/media\/16487"}],"wp:attachment":[{"href":"https:\/\/www.albilegeant.com\/articles\/wp-json\/wp\/v2\/media?parent=16486"}],"wp:term":[{"taxonomy":"category","embeddable":true,"href":"https:\/\/www.albilegeant.com\/articles\/wp-json\/wp\/v2\/categories?post=16486"},{"taxonomy":"post_tag","embeddable":true,"href":"https:\/\/www.albilegeant.com\/articles\/wp-json\/wp\/v2\/tags?post=16486"}],"curies":[{"name":"wp","href":"https:\/\/api.w.org\/{rel}","templated":true}]}}