{"id":16505,"date":"2022-12-13T13:32:05","date_gmt":"2022-12-13T18:32:05","guid":{"rendered":"https:\/\/www.albilegeant.com\/articles\/?p=16505"},"modified":"2022-12-13T13:32:07","modified_gmt":"2022-12-13T18:32:07","slug":"le-prochain-petit-volvo-sera-le-ex30","status":"publish","type":"post","link":"https:\/\/www.albilegeant.com\/articles\/blogue\/le-prochain-petit-volvo-sera-le-ex30\/","title":{"rendered":"Le prochain petit Volvo sera le EX30"},"content":{"rendered":"\n<p>Vous connaissez le<a href=\"https:\/\/www.albilegeant.com\/articles\/blogue\/voici-enfin-le-volvo-ex90\/\"> EX90<\/a>? Du moins, vous devriez puisque nous vous l\u2019avons pr\u00e9sent\u00e9 lors de son d\u00e9voilement chez Volvo, il y a quelques semaines. Il s\u2019agit d\u2019un grand utilitaire sport, totalement \u00e9lectrique, qui fera son entr\u00e9e chez ALBI le G\u00e9ant au cours des prochains mois.<\/p>\n\n\n\n<p>Mais l\u00e0 ne s\u2019arr\u00eate pas les projets d\u2019\u00e9lectrification de\nVolvo, bien au contraire. Le constructeur su\u00e9dois veut, en effet, \u00e9lectrifier\nla totalit\u00e9 de ses v\u00e9hicules d\u2019ici 2030. Ce projet, il passera par la venue de\nnouveaux mod\u00e8les, et le prochain sur la liste pourrait bien \u00eatre le Volvo EX30.<\/p>\n\n\n\n<p>Le nom de vous dit rien, et c\u2019est totalement normal. Il s\u2019agit d\u2019un petit VUS sous-compact, plus petit que le <a href=\"https:\/\/www.albilegeant.com\/articles\/actualites\/volvo-xc40-recharge-vus-electrique-de-luxe\/\">XC40 Recharge<\/a> actuel, et dont l\u2019appellation vient tout juste d\u2019\u00eatre confirm\u00e9 par les repr\u00e9sentants de Volvo.<\/p>\n\n\n\n<p>Si les propos rapport\u00e9s dans les m\u00e9dias sont vrais, ce petit\nVUS sous-compact sera assembl\u00e9 en Chine, et misera sur la plateforme SEA pour Sustainable\nExperience Architecture (ou Architecture d&rsquo;exp\u00e9rience durable) d\u00e9velopp\u00e9e par\nla compagnie Geely pour ses propres mod\u00e8les \u00e9lectriques.<\/p>\n\n\n\n<h4 class=\"wp-block-heading\">Un mod\u00e8le moins dispendieux<\/h4>\n\n\n\n<p>La bonne nouvelle, c\u2019est que ce partage de connaissances\npermettra de diminuer les co\u00fbts de fabrication, et d\u2019ainsi offrir le EX30 \u00e0 un\nco\u00fbt moins \u00e9lev\u00e9. En fait, en misant sur un v\u00e9hicule 100% \u00e9lectrique plus\n\u00e9conomique, Volvo souhaite attirer les jeunes acheteurs, entre 18 et 25 ans,\nattir\u00e9 par la motorisation \u00e9lectrique.<\/p>\n\n\n\n<p>On ne sait pas si la strat\u00e9gie sera retenue mondialement,\nmais les informations actuelles pr\u00e9voient que Volvo proposera l&rsquo;EX30 dans le\ncadre d&rsquo;un abonnement qui comprendra le prix du v\u00e9hicule, l&rsquo;assurance et\nl&rsquo;assistance routi\u00e8re pour un montant mensuel unique. Contrairement \u00e0 un\ncontrat de location traditionnel, les conditions de l&rsquo;abonnement seront plus\nsouples, avec un engagement minimum de seulement trois mois.<\/p>\n\n\n\n<p>Tout cela, en profitant du luxe, de la s\u00e9curit\u00e9 et de la technologie propres \u00e0 Volvo. Disons qu\u2019on a h\u00e2te que le EX30 arrive chez <a href=\"http:\/\/albivolvo.com\" target=\"_blank\" rel=\"noreferrer noopener\" aria-label=\"ALBI Volvo (s\u2019ouvre dans un nouvel onglet)\">ALBI Volvo<\/a>, quelque part en 2023.<\/p>\n","protected":false},"excerpt":{"rendered":"<p>Vous connaissez le EX90? Du moins, vous devriez puisque nous vous l\u2019avons pr\u00e9sent\u00e9 lors de son d\u00e9voilement chez Volvo, il y a quelques semaines. Il s\u2019agit d\u2019un grand utilitaire sport, totalement \u00e9lectrique, qui fera son entr\u00e9e chez ALBI le G\u00e9ant au cours des prochains mois. Mais l\u00e0 ne s\u2019arr\u00eate pas les projets d\u2019\u00e9lectrification de Volvo, [&hellip;]<\/p>\n","protected":false},"author":5,"featured_media":16506,"comment_status":"closed","ping_status":"open","sticky":false,"template":"","format":"standard","meta":{"footnotes":""},"categories":[6],"tags":[],"class_list":["post-16505","post","type-post","status-publish","format-standard","has-post-thumbnail","hentry","category-blogue"],"_links":{"self":[{"href":"https:\/\/www.albilegeant.com\/articles\/wp-json\/wp\/v2\/posts\/16505","targetHints":{"allow":["GET"]}}],"collection":[{"href":"https:\/\/www.albilegeant.com\/articles\/wp-json\/wp\/v2\/posts"}],"about":[{"href":"https:\/\/www.albilegeant.com\/articles\/wp-json\/wp\/v2\/types\/post"}],"author":[{"embeddable":true,"href":"https:\/\/www.albilegeant.com\/articles\/wp-json\/wp\/v2\/users\/5"}],"replies":[{"embeddable":true,"href":"https:\/\/www.albilegeant.com\/articles\/wp-json\/wp\/v2\/comments?post=16505"}],"version-history":[{"count":1,"href":"https:\/\/www.albilegeant.com\/articles\/wp-json\/wp\/v2\/posts\/16505\/revisions"}],"predecessor-version":[{"id":16507,"href":"https:\/\/www.albilegeant.com\/articles\/wp-json\/wp\/v2\/posts\/16505\/revisions\/16507"}],"wp:featuredmedia":[{"embeddable":true,"href":"https:\/\/www.albilegeant.com\/articles\/wp-json\/wp\/v2\/media\/16506"}],"wp:attachment":[{"href":"https:\/\/www.albilegeant.com\/articles\/wp-json\/wp\/v2\/media?parent=16505"}],"wp:term":[{"taxonomy":"category","embeddable":true,"href":"https:\/\/www.albilegeant.com\/articles\/wp-json\/wp\/v2\/categories?post=16505"},{"taxonomy":"post_tag","embeddable":true,"href":"https:\/\/www.albilegeant.com\/articles\/wp-json\/wp\/v2\/tags?post=16505"}],"curies":[{"name":"wp","href":"https:\/\/api.w.org\/{rel}","templated":true}]}}