{"id":16585,"date":"2023-01-18T14:19:36","date_gmt":"2023-01-18T19:19:36","guid":{"rendered":"https:\/\/www.albilegeant.com\/articles\/?p=16585"},"modified":"2023-01-18T14:19:38","modified_gmt":"2023-01-18T19:19:38","slug":"six-cylindres-et-electrique-du-nouveau-chez-mazda","status":"publish","type":"post","link":"https:\/\/www.albilegeant.com\/articles\/blogue\/six-cylindres-et-electrique-du-nouveau-chez-mazda\/","title":{"rendered":"Six cylindres et \u00e9lectrique, du nouveau chez Mazda"},"content":{"rendered":"\n<p>\u00c7a bouge du c\u00f4t\u00e9 de Mazda, puisque le constructeur japonais a fait deux annonces importantes r\u00e9cemment concernant l&rsquo;\u00e9lectrique. Le seul souci, c\u2019est qu\u2019il est bien possible que l\u2019une d\u2019entre elle ne soit pas disponible, du moins \u00e0 court terme, chez <a rel=\"noreferrer noopener\" aria-label=\"ALBI Mazda (s\u2019ouvre dans un nouvel onglet)\" href=\"http:\/\/albimazda.com\" target=\"_blank\">ALBI Mazda<\/a>.<\/p>\n\n\n\n<p>La premi\u00e8re grande nouveaut\u00e9, et elle sera plus compl\u00e8te quand le CX-90 sera officiellement d\u00e9voil\u00e9, c\u2019est l\u2019annonce des d\u00e9tails du nouveau moteur 6 cylindres de la compagnie. Car pour le CX-90, ce sera une des motorisations disponibles.<\/p>\n\n\n\n<p>En r\u00e9sum\u00e9, ce nouveau moteur mise sur les forces et les\ntechnologies maitris\u00e9es par Mazda au fil des ans. Ce 6-en-ligne turbo affiche\nune cylindr\u00e9e de 3,3-litres, tandis que la puissance est de 340 chevaux et le\ncouple, de 369 lb-pi. Il sera aussi dot\u00e9 d\u2019une hybridation l\u00e9g\u00e8re, avec une\nbatterie 48 volants. Baptis\u00e9 e-SkyActiv Turbo, ce 6 cylindres atteint ces\nchiffres lorsqu\u2019il est abreuv\u00e9 \u00e0 l\u2019essence super. <\/p>\n\n\n\n<p>Petit d\u00e9tail int\u00e9ressant, une autre motorisation, hybride\nbranchable celle-l\u00e0, sera aussi disponible. Elle consiste en un 4-cylindres\n2,5-litres atmosph\u00e9rique mari\u00e9 \u00e0 un moteur-g\u00e9n\u00e9rateur \u00e9lectrique de 129 kW et\nune batterie au lithium-ion de 17,8 kWh. Au total, cette motorisation livrera\nune puissance totale de 327 chevaux et un couple maximal de 378 lb-pi.<\/p>\n\n\n\n<p>Il faudra attendre quelques semaines pour avoir tous les d\u00e9tails du look du <a href=\"https:\/\/www.albilegeant.com\/articles\/blogue\/a-surveiller-en-2023\/\">Mazda CX-90<\/a>, mais Mazda a laiss\u00e9 couler une photo partielle. Nous on a bien h\u00e2te de voir le produit fini!<\/p>\n\n\n\n<h4 class=\"wp-block-heading\">Et une MX-30 plus efficace<\/h4>\n\n\n\n<p>Dans la foul\u00e9e de son \u00e9lectrification, Mazda a aussi d\u00e9voil\u00e9 une <a href=\"https:\/\/www.albimazda.com\/neufs\/Mazda-MX_30_EV-2023.html\" target=\"_blank\" rel=\"noreferrer noopener\" aria-label=\"Mazda MX-30 (s\u2019ouvre dans un nouvel onglet)\">Mazda MX-30<\/a> avec un nouveau groupe motopropulseur. En fait, la version \u00e9lectrique s\u2019enrichit d\u00e9sormais d\u2019un prolongateur d\u2019autonomie, sous la forme d\u2019un petit moteur rotatif. Mais pour le moment, cette version est r\u00e9serv\u00e9e \u00e0 l\u2019Europe.<\/p>\n\n\n\n<p>Cette nouvelle d\u00e9clinaison diminue de moiti\u00e9, \u00e0 17,8 kWh, la\ntaille de sa batterie, mais elle est jumel\u00e9e \u00e0 un petit moteur qui permet une\nautonomie globale de 600 kilom\u00e8tres.<\/p>\n\n\n\n<p>Le moteur \u00e9lectrique produit une puissance de 164 chevaux et\nun couple de 192 lb-pi, ce qui diff\u00e8re l\u00e9g\u00e8rement de la version purement\n\u00e9lectrique dont la puissance est de 143 chevaux et le couple de 200 lb-pi. Il\nne propulse jamais les roues cependant, puisqu\u2019il ne sert qu\u2019\u00e0 recharger la\nbatterie.<\/p>\n\n\n\n<p>Cette version, le e-Skyactiv, n\u2019est pas annonc\u00e9 pour le\nCanada. Mais il est permis d\u2019esp\u00e9rer!<\/p>\n","protected":false},"excerpt":{"rendered":"<p>\u00c7a bouge du c\u00f4t\u00e9 de Mazda, puisque le constructeur japonais a fait deux annonces importantes r\u00e9cemment concernant l&rsquo;\u00e9lectrique. Le seul souci, c\u2019est qu\u2019il est bien possible que l\u2019une d\u2019entre elle ne soit pas disponible, du moins \u00e0 court terme, chez ALBI Mazda. La premi\u00e8re grande nouveaut\u00e9, et elle sera plus compl\u00e8te quand le CX-90 sera [&hellip;]<\/p>\n","protected":false},"author":5,"featured_media":16586,"comment_status":"closed","ping_status":"open","sticky":false,"template":"","format":"standard","meta":{"footnotes":""},"categories":[6],"tags":[],"class_list":["post-16585","post","type-post","status-publish","format-standard","has-post-thumbnail","hentry","category-blogue"],"_links":{"self":[{"href":"https:\/\/www.albilegeant.com\/articles\/wp-json\/wp\/v2\/posts\/16585","targetHints":{"allow":["GET"]}}],"collection":[{"href":"https:\/\/www.albilegeant.com\/articles\/wp-json\/wp\/v2\/posts"}],"about":[{"href":"https:\/\/www.albilegeant.com\/articles\/wp-json\/wp\/v2\/types\/post"}],"author":[{"embeddable":true,"href":"https:\/\/www.albilegeant.com\/articles\/wp-json\/wp\/v2\/users\/5"}],"replies":[{"embeddable":true,"href":"https:\/\/www.albilegeant.com\/articles\/wp-json\/wp\/v2\/comments?post=16585"}],"version-history":[{"count":1,"href":"https:\/\/www.albilegeant.com\/articles\/wp-json\/wp\/v2\/posts\/16585\/revisions"}],"predecessor-version":[{"id":16587,"href":"https:\/\/www.albilegeant.com\/articles\/wp-json\/wp\/v2\/posts\/16585\/revisions\/16587"}],"wp:featuredmedia":[{"embeddable":true,"href":"https:\/\/www.albilegeant.com\/articles\/wp-json\/wp\/v2\/media\/16586"}],"wp:attachment":[{"href":"https:\/\/www.albilegeant.com\/articles\/wp-json\/wp\/v2\/media?parent=16585"}],"wp:term":[{"taxonomy":"category","embeddable":true,"href":"https:\/\/www.albilegeant.com\/articles\/wp-json\/wp\/v2\/categories?post=16585"},{"taxonomy":"post_tag","embeddable":true,"href":"https:\/\/www.albilegeant.com\/articles\/wp-json\/wp\/v2\/tags?post=16585"}],"curies":[{"name":"wp","href":"https:\/\/api.w.org\/{rel}","templated":true}]}}