{"id":16595,"date":"2023-01-31T15:19:03","date_gmt":"2023-01-31T20:19:03","guid":{"rendered":"https:\/\/www.albilegeant.com\/articles\/?p=16595"},"modified":"2023-01-31T15:19:06","modified_gmt":"2023-01-31T20:19:06","slug":"le-mazda-cx-90-2024-officiellement-devoile","status":"publish","type":"post","link":"https:\/\/www.albilegeant.com\/articles\/blogue\/le-mazda-cx-90-2024-officiellement-devoile\/","title":{"rendered":"Le Mazda CX-90 2024 officiellement d\u00e9voil\u00e9"},"content":{"rendered":"\n<p>On l\u2019attendait depuis longtemps, et voil\u00e0 qu\u2019enfin Mazda a d\u00e9voil\u00e9 son grand VUS trois rang\u00e9es qui fera son entr\u00e9e chez votre concessionnaire <a rel=\"noreferrer noopener\" aria-label=\"ALBI Mazda (s\u2019ouvre dans un nouvel onglet)\" href=\"http:\/\/albimazda.com\" target=\"_blank\">ALBI Mazda<\/a> et partout au pays. Le successeur du CX-9 s\u2019est montr\u00e9 dans sa totalit\u00e9, mettant en \u00e9vidence son style raffin\u00e9, la motorisation spectaculaire et innovatrice, et la toute nouvelle couleur du CX-90 2024.<\/p>\n\n\n\n<p>Le Mazda CX-90 mise sur l\u2019\u00e9volution du style de <a href=\"https:\/\/www.albilegeant.com\/articles\/actualites\/mazda-et-son-design-kodo\/\">design Kodo<\/a> qui a fait la renomm\u00e9e de Mazda. Il conserve son long nez, mais adoucit un peu les lignes, et pr\u00e9sente un capot plus plat, surmontant une calandre au dessin plus \u00e9pur\u00e9. <\/p>\n\n\n\n<p>En fait, toute la silhouette a subi ce changement,\nadoucissant l\u2019ensemble de l\u2019allure. Quant \u00e0 la nouvelle couleur, baptis\u00e9e\nTakuminuri (ou rouage artisan en fran\u00e7ais), elle a \u00e9t\u00e9 cr\u00e9\u00e9e sp\u00e9cialement pour\nle v\u00e9hicule. Multicouches, elle donne une v\u00e9ritable impression de profondeur et\nrefl\u00e8te la lumi\u00e8re de fa\u00e7on unique.<\/p>\n\n\n\n<h4 class=\"wp-block-heading\">Un nouveau-n\u00e9<\/h4>\n\n\n\n<p>M\u00eame s\u2019il a des allures un peu famili\u00e8res, proches de\nl\u2019h\u00e9ritage Mazda, le nouveau CX-90 est un nouveau-n\u00e9, construit sur la nouvelle\nplate-forme de grands v\u00e9hicules de Mazda. Plus rigide, elle r\u00e9siste mieux \u00e0 la\ntorsion et offre une meilleure dynamique de conduite, peu importe les\nconditions.<\/p>\n\n\n\n<p>Elle sert de base aux nouveaux v\u00e9hicules Mazda, incluant le\nCX-60 r\u00e9serv\u00e9 \u00e0 l\u2019Europe et au CX-70 qui arrivera plus tard cette ann\u00e9e. Con\u00e7u\npour recevoir un rouage int\u00e9gral, il dispose quand m\u00eame d\u2019une modalit\u00e9\nfavorisant les roues arri\u00e8re, pour une conduite offrant plus de sportivit\u00e9\nmalgr\u00e9 les dimensions du v\u00e9hicule.<\/p>\n\n\n\n<p>La vraie nouveaut\u00e9 cependant, c\u2019est sous le capot qu\u2019elle se\nretrouve. Un tout nouveau moteur de 6 cylindres en ligne jumel\u00e9 \u00e0 une\nhybridation l\u00e9g\u00e8re permettra d\u2019offrir le maximum de puissance d\u2019un v\u00e9hicule\nMazda \u00e0 ce jour. Il d\u00e9veloppera quelque 340 chevaux et 369 livres-pied de\ncouple.<\/p>\n\n\n\n<p>C\u2019est aussi avec le CX-90 2024 que Mazda d\u00e9bute en mati\u00e8re\nd\u2019hybridation branchable au Canada. Le nouveau VUS recevra un moteur 4\ncylindres 2,5 litres SkyActiv, jumel\u00e9 \u00e0 une motorisation \u00e9lectrique et \u00e0 une\nbatterie lithium-ion de 17,8 kWh. La puissance totale sera de 323\nchevaux-vapeur, et 369 livres-pied de couple.<\/p>\n\n\n\n<p>M\u00eame si on sait que le moteur \u00e9lectrique pourra fonctionner\ntout seul pour propulser la voiture, Mazda n\u2019a pas encore d\u00e9voil\u00e9 l\u2019autonomie\nofficielle. Si on se fie \u00e0 la m\u00eame m\u00e9canique offerte en Europe, on peut estimer\n\u00e0 plus de 50 kilom\u00e8tres la capacit\u00e9 du v\u00e9hicule.<\/p>\n\n\n\n<p>Avec une capacit\u00e9 de remorquage de 5 000 livres, un affichage num\u00e9rique am\u00e9lior\u00e9, des si\u00e8ges et des boiseries de haute qualit\u00e9, le Mazda CX-90 2024 sera la nouvelle vedette de la famille. On l\u2019attend chez ALBI Mazda avec impatience !<\/p>\n","protected":false},"excerpt":{"rendered":"<p>On l\u2019attendait depuis longtemps, et voil\u00e0 qu\u2019enfin Mazda a d\u00e9voil\u00e9 son grand VUS trois rang\u00e9es qui fera son entr\u00e9e chez votre concessionnaire ALBI Mazda et partout au pays. Le successeur du CX-9 s\u2019est montr\u00e9 dans sa totalit\u00e9, mettant en \u00e9vidence son style raffin\u00e9, la motorisation spectaculaire et innovatrice, et la toute nouvelle couleur du CX-90 [&hellip;]<\/p>\n","protected":false},"author":5,"featured_media":16596,"comment_status":"closed","ping_status":"open","sticky":false,"template":"","format":"standard","meta":{"footnotes":""},"categories":[6],"tags":[],"class_list":["post-16595","post","type-post","status-publish","format-standard","has-post-thumbnail","hentry","category-blogue"],"_links":{"self":[{"href":"https:\/\/www.albilegeant.com\/articles\/wp-json\/wp\/v2\/posts\/16595","targetHints":{"allow":["GET"]}}],"collection":[{"href":"https:\/\/www.albilegeant.com\/articles\/wp-json\/wp\/v2\/posts"}],"about":[{"href":"https:\/\/www.albilegeant.com\/articles\/wp-json\/wp\/v2\/types\/post"}],"author":[{"embeddable":true,"href":"https:\/\/www.albilegeant.com\/articles\/wp-json\/wp\/v2\/users\/5"}],"replies":[{"embeddable":true,"href":"https:\/\/www.albilegeant.com\/articles\/wp-json\/wp\/v2\/comments?post=16595"}],"version-history":[{"count":1,"href":"https:\/\/www.albilegeant.com\/articles\/wp-json\/wp\/v2\/posts\/16595\/revisions"}],"predecessor-version":[{"id":16597,"href":"https:\/\/www.albilegeant.com\/articles\/wp-json\/wp\/v2\/posts\/16595\/revisions\/16597"}],"wp:featuredmedia":[{"embeddable":true,"href":"https:\/\/www.albilegeant.com\/articles\/wp-json\/wp\/v2\/media\/16596"}],"wp:attachment":[{"href":"https:\/\/www.albilegeant.com\/articles\/wp-json\/wp\/v2\/media?parent=16595"}],"wp:term":[{"taxonomy":"category","embeddable":true,"href":"https:\/\/www.albilegeant.com\/articles\/wp-json\/wp\/v2\/categories?post=16595"},{"taxonomy":"post_tag","embeddable":true,"href":"https:\/\/www.albilegeant.com\/articles\/wp-json\/wp\/v2\/tags?post=16595"}],"curies":[{"name":"wp","href":"https:\/\/api.w.org\/{rel}","templated":true}]}}