{"id":16625,"date":"2023-02-10T12:17:15","date_gmt":"2023-02-10T17:17:15","guid":{"rendered":"https:\/\/www.albilegeant.com\/articles\/?p=16625"},"modified":"2023-02-10T12:17:16","modified_gmt":"2023-02-10T17:17:16","slug":"tout-ce-quil-faut-savoir-du-genesis-gv70-electrifie","status":"publish","type":"post","link":"https:\/\/www.albilegeant.com\/articles\/blogue\/tout-ce-quil-faut-savoir-du-genesis-gv70-electrifie\/","title":{"rendered":"Tout ce qu\u2019il faut savoir du Genesis GV70 \u00e9lectrifi\u00e9"},"content":{"rendered":"\n<p>Il s\u2019appelle \u00e9lectrifi\u00e9 et pas \u00e9lectrique, mais le Genesis GV70 \u00e9lectrifi\u00e9 qui vient d\u2019\u00eatre pr\u00e9sent\u00e9 chez ALBI le G\u00e9ant a toutes les qualit\u00e9s d\u2019un v\u00e9hicule totalement \u00e9lectrique. S\u2019il porte un nom diff\u00e9rent, c\u2019est qu\u2019il partage la plateforme du GV70 \u00e0 essence, mais avec une motorisation \u00e9cologique.<\/p>\n\n\n\n<p>Cette nouvelle variante \u00e9lectrifi\u00e9e suit les traces de la <a href=\"https:\/\/www.albilegeant.com\/articles\/blogue\/ce-quil-faut-savoir-de-la-genesis-g80-electrique\/\">Genesis G80<\/a>. Il s&rsquo;agit du troisi\u00e8me mod\u00e8le 100% \u00e9lectrique pr\u00e9sent\u00e9 par la marque premium cor\u00e9enne appartenant \u00e0 Hyundai, qui cherche \u00e0 \u00e9tendre ses possibilit\u00e9s dans de nouvelles niches.<\/p>\n\n\n\n<h4 class=\"wp-block-heading\">GV70 \u00e9lectrifi\u00e9 et \u00e0 essence<\/h4>\n\n\n\n<p>Sans diff\u00e9rence majeure par rapport \u00e0 la GV70 \u00e0 essence,\ncette version \u00e9lectrifi\u00e9e pr\u00e9sente des \u00e9l\u00e9ments de style uniques tels qu&rsquo;une\ngrande calandre en relief avec une prise \u00e9lectrique camoufl\u00e9e. Il faut\nd\u2019ailleurs un \u0153il observateur pour la trouver au premier regard.<\/p>\n\n\n\n<p>Elle ajoute aussi un nouveau diffuseur arri\u00e8re sans sortie\nd&rsquo;\u00e9chappement et des roues sp\u00e9cialement con\u00e7ues pour am\u00e9liorer l&rsquo;a\u00e9rodynamisme.\n\u00c0 l&rsquo;int\u00e9rieur, Genesis a opt\u00e9 pour une combinaison raffin\u00e9e et compl\u00e8te de\nmat\u00e9riaux spectaculaires, dans un environnement s\u00e9duisant.<\/p>\n\n\n\n<p>Le groupe motopropulseur du GV70 Electrifi\u00e9 se compose de deux moteurs \u00e9lectriques, un sur chaque essieu, d\u00e9veloppant une puissance maximale de 483 chevaux. Gr\u00e2ce \u00e0 cette puissance, le GV70 \u00e9lectrifi\u00e9 est capable de passer de 0 \u00e0 100 km\/h en 4,5 secondes. <\/p>\n\n\n\n<p>La capacit\u00e9 de la batterie permet d\u2019atteindre une autonomie\nde 383 kilom\u00e8tres, gra\u0109e \u00e0 une architecture compatible 400 et 800 volts.<\/p>\n\n\n\n<p>Pour la recharge, le Genesis GV70 Electrifi\u00e9 disposera d&rsquo;un\nchargeur CCS compatible avec une puissance maximale de 350 kW. Ainsi, il pourra\npasser de 10 \u00e0 80% en 18 minutes. Dans la lign\u00e9e de la Ioniq 5 et du GV60, ce\nGV70 sera \u00e9galement dot\u00e9 d&rsquo;une recharge bidirectionnelle, offrant jusqu&rsquo;\u00e0 3,6\nkW de puissance pour connecter des appareils au v\u00e9hicule.<\/p>\n\n\n\n<p>Le Genesis GV70 \u00e9lectrifi\u00e9 arrivera chez votre concessionnaire <a rel=\"noreferrer noopener\" aria-label=\"ALBI Genesis Laval  (s\u2019ouvre dans un nouvel onglet)\" href=\"http:\/\/genesislaval.ca\" target=\"_blank\">Genesis Laval <\/a>au cours des prochaines semaines. Il marque un pas de plus dans l\u2019\u00e9lectrification de la gamme du manufacturier qui grandit le plus rapidement au monde.<\/p>\n","protected":false},"excerpt":{"rendered":"<p>Il s\u2019appelle \u00e9lectrifi\u00e9 et pas \u00e9lectrique, mais le Genesis GV70 \u00e9lectrifi\u00e9 qui vient d\u2019\u00eatre pr\u00e9sent\u00e9 chez ALBI le G\u00e9ant a toutes les qualit\u00e9s d\u2019un v\u00e9hicule totalement \u00e9lectrique. S\u2019il porte un nom diff\u00e9rent, c\u2019est qu\u2019il partage la plateforme du GV70 \u00e0 essence, mais avec une motorisation \u00e9cologique. Cette nouvelle variante \u00e9lectrifi\u00e9e suit les traces de la [&hellip;]<\/p>\n","protected":false},"author":5,"featured_media":16626,"comment_status":"closed","ping_status":"open","sticky":false,"template":"","format":"standard","meta":{"footnotes":""},"categories":[6],"tags":[],"class_list":["post-16625","post","type-post","status-publish","format-standard","has-post-thumbnail","hentry","category-blogue"],"_links":{"self":[{"href":"https:\/\/www.albilegeant.com\/articles\/wp-json\/wp\/v2\/posts\/16625","targetHints":{"allow":["GET"]}}],"collection":[{"href":"https:\/\/www.albilegeant.com\/articles\/wp-json\/wp\/v2\/posts"}],"about":[{"href":"https:\/\/www.albilegeant.com\/articles\/wp-json\/wp\/v2\/types\/post"}],"author":[{"embeddable":true,"href":"https:\/\/www.albilegeant.com\/articles\/wp-json\/wp\/v2\/users\/5"}],"replies":[{"embeddable":true,"href":"https:\/\/www.albilegeant.com\/articles\/wp-json\/wp\/v2\/comments?post=16625"}],"version-history":[{"count":1,"href":"https:\/\/www.albilegeant.com\/articles\/wp-json\/wp\/v2\/posts\/16625\/revisions"}],"predecessor-version":[{"id":16627,"href":"https:\/\/www.albilegeant.com\/articles\/wp-json\/wp\/v2\/posts\/16625\/revisions\/16627"}],"wp:featuredmedia":[{"embeddable":true,"href":"https:\/\/www.albilegeant.com\/articles\/wp-json\/wp\/v2\/media\/16626"}],"wp:attachment":[{"href":"https:\/\/www.albilegeant.com\/articles\/wp-json\/wp\/v2\/media?parent=16625"}],"wp:term":[{"taxonomy":"category","embeddable":true,"href":"https:\/\/www.albilegeant.com\/articles\/wp-json\/wp\/v2\/categories?post=16625"},{"taxonomy":"post_tag","embeddable":true,"href":"https:\/\/www.albilegeant.com\/articles\/wp-json\/wp\/v2\/tags?post=16625"}],"curies":[{"name":"wp","href":"https:\/\/api.w.org\/{rel}","templated":true}]}}