{"id":16664,"date":"2023-03-01T12:01:59","date_gmt":"2023-03-01T17:01:59","guid":{"rendered":"https:\/\/www.albilegeant.com\/articles\/?p=16664"},"modified":"2023-03-01T12:02:01","modified_gmt":"2023-03-01T17:02:01","slug":"la-kia-ev9-sortira-de-lusine-avant-la-fin-de-lete","status":"publish","type":"post","link":"https:\/\/www.albilegeant.com\/articles\/blogue\/la-kia-ev9-sortira-de-lusine-avant-la-fin-de-lete\/","title":{"rendered":"La Kia EV9 sortira de l\u2019usine avant la fin de l\u2019\u00e9t\u00e9"},"content":{"rendered":"\n<p>Il faudra attendre d\u2019ici quelques semaines, pour que le constructeur cor\u00e9en Kia d\u00e9voile la version finale de son grand EV9, l\u2019<a href=\"https:\/\/www.albilegeant.com\/articles\/blogue\/le-kia-ev9-officiellement-au-programme\/\">utilitaire sport grand format 100% \u00e9lectrique<\/a> qui fera partie de la famille. Il devrait tout de m\u00eame \u00eatre commercialis\u00e9 seulement quelques mois apr\u00e8s sa pr\u00e9sentation.<\/p>\n\n\n\n<p>Selon plusieurs m\u00e9dias sud-cor\u00e9ens, Kia a conclu un accord avec les syndicats du pays qui lui permettra de lancer la production de son nouveau VUS \u00e9lectrique bas\u00e9 sur la plateforme E-GMP au cours du premier semestre de cette ann\u00e9e. <\/p>\n\n\n\n<p>Si tout se passe comme pr\u00e9vu, Kia pr\u00e9voit d&rsquo;ouvrir les r\u00e9servations pour le VUS \u00e9lectrique sur son march\u00e9 national en avril, peu apr\u00e8s sa pr\u00e9sentation officielle en mars. Les r\u00e9servations chez ALBI Kia viendront toutefois un peu plus tard.<\/p>\n\n\n\n<p>Autre nouvelle d\u2019importance, alors que les premi\u00e8res unit\u00e9s du EV9 seront assembl\u00e9es directement en Cor\u00e9e, le grand VUS Kia sortira \u00e9galement \u00e0 partir de 2025 d&rsquo;une nouvelle usine que Hyundai Motor Group est en train de construire dans l&rsquo;\u00c9tat am\u00e9ricain de Georgie. La construction de cette usine a d\u00e9but\u00e9 en octobre dernier.<\/p>\n\n\n\n<h4 class=\"wp-block-heading\">Que pouvons-nous attendre du nouveau Kia EV9 ?<\/h4>\n\n\n\n<p>En ce qui concerne les sp\u00e9cifications techniques de ce\nnouveau VUS \u00e9lectrique, et en attendant que tous les d\u00e9tails soient\nofficiellement annonc\u00e9s lors de son d\u00e9voilement, on ne peut que pr\u00e9sumer de ce\nqui nous attend. Selon les rumeurs, Kia proposera cinq versions avec diff\u00e9rents\nniveaux d&rsquo;\u00e9quipement et d&rsquo;autonomie, qui varieront entre 354 et 467 km. <\/p>\n\n\n\n<p>Les versions \u00e0 propulsion arri\u00e8re offriront une puissance de\nmoteur \u00e9lectrique unique d&rsquo;environ 150kW. Alors que celles \u00e9quip\u00e9es de deux\nmoteurs \u00e9lectriques et d&rsquo;une transmission int\u00e9grale pourraient fournir une\npuissance combin\u00e9e d&rsquo;environ 300 kW. On soup\u00e7onne cependant que seules versions\nint\u00e9grales seront offertes chez nous.<\/p>\n\n\n\n<p>Les m\u00eames m\u00e9dias sud-cor\u00e9ens affirment \u00e9galement que Kia pr\u00e9voit de produire d&rsquo;autres mod\u00e8les \u00e9lectriques dans les ann\u00e9es \u00e0 venir dans la m\u00eame usine de Gwangmyeong qui produira l&rsquo;EV9 au d\u00e9but. En fait, ils sp\u00e9culent m\u00eame que ces mod\u00e8les \u00e9lectriques pourraient \u00eatre les EV3 et EV4.<\/p>\n\n\n\n<p>Bien que l&rsquo;on ne sache pas pour l&rsquo;instant \u00e0 quel segment de march\u00e9 ils appartiendraient, d&rsquo;apr\u00e8s la nomenclature utilis\u00e9e, on peut imaginer qu&rsquo;il pourrait s&rsquo;agir de deux \u00e9lectriques urbaines de plus petite taille. Disons que si c\u2019est le cas, <a href=\"http:\/\/albikia.com\" target=\"_blank\" rel=\"noreferrer noopener\" aria-label=\"ALBI Kia (s\u2019ouvre dans un nouvel onglet)\">ALBI Kia<\/a> sera plus que content de vous les offrir.<\/p>\n","protected":false},"excerpt":{"rendered":"<p>Il faudra attendre d\u2019ici quelques semaines, pour que le constructeur cor\u00e9en Kia d\u00e9voile la version finale de son grand EV9, l\u2019utilitaire sport grand format 100% \u00e9lectrique qui fera partie de la famille. Il devrait tout de m\u00eame \u00eatre commercialis\u00e9 seulement quelques mois apr\u00e8s sa pr\u00e9sentation. Selon plusieurs m\u00e9dias sud-cor\u00e9ens, Kia a conclu un accord avec [&hellip;]<\/p>\n","protected":false},"author":5,"featured_media":16665,"comment_status":"closed","ping_status":"open","sticky":false,"template":"","format":"standard","meta":{"footnotes":""},"categories":[6],"tags":[],"class_list":["post-16664","post","type-post","status-publish","format-standard","has-post-thumbnail","hentry","category-blogue"],"_links":{"self":[{"href":"https:\/\/www.albilegeant.com\/articles\/wp-json\/wp\/v2\/posts\/16664","targetHints":{"allow":["GET"]}}],"collection":[{"href":"https:\/\/www.albilegeant.com\/articles\/wp-json\/wp\/v2\/posts"}],"about":[{"href":"https:\/\/www.albilegeant.com\/articles\/wp-json\/wp\/v2\/types\/post"}],"author":[{"embeddable":true,"href":"https:\/\/www.albilegeant.com\/articles\/wp-json\/wp\/v2\/users\/5"}],"replies":[{"embeddable":true,"href":"https:\/\/www.albilegeant.com\/articles\/wp-json\/wp\/v2\/comments?post=16664"}],"version-history":[{"count":1,"href":"https:\/\/www.albilegeant.com\/articles\/wp-json\/wp\/v2\/posts\/16664\/revisions"}],"predecessor-version":[{"id":16666,"href":"https:\/\/www.albilegeant.com\/articles\/wp-json\/wp\/v2\/posts\/16664\/revisions\/16666"}],"wp:featuredmedia":[{"embeddable":true,"href":"https:\/\/www.albilegeant.com\/articles\/wp-json\/wp\/v2\/media\/16665"}],"wp:attachment":[{"href":"https:\/\/www.albilegeant.com\/articles\/wp-json\/wp\/v2\/media?parent=16664"}],"wp:term":[{"taxonomy":"category","embeddable":true,"href":"https:\/\/www.albilegeant.com\/articles\/wp-json\/wp\/v2\/categories?post=16664"},{"taxonomy":"post_tag","embeddable":true,"href":"https:\/\/www.albilegeant.com\/articles\/wp-json\/wp\/v2\/tags?post=16664"}],"curies":[{"name":"wp","href":"https:\/\/api.w.org\/{rel}","templated":true}]}}