{"id":16667,"date":"2023-03-07T10:08:16","date_gmt":"2023-03-07T15:08:16","guid":{"rendered":"https:\/\/www.albilegeant.com\/articles\/?p=16667"},"modified":"2023-03-07T10:08:19","modified_gmt":"2023-03-07T15:08:19","slug":"buick-presente-linterieur-de-son-luxueux-electra-e5","status":"publish","type":"post","link":"https:\/\/www.albilegeant.com\/articles\/blogue\/buick-presente-linterieur-de-son-luxueux-electra-e5\/","title":{"rendered":"Buick pr\u00e9sente l\u2019int\u00e9rieur de son luxueux Electra E5"},"content":{"rendered":"\n<p>Le constructeur automobile am\u00e9ricain Buick a montr\u00e9 pour la premi\u00e8re fois l&rsquo;int\u00e9rieur de l&rsquo;Electra E5, son <a href=\"https:\/\/www.albilegeant.com\/articles\/blogue\/la-buick-electrique-sera-une-electra\/\">premier v\u00e9hicule \u00e9lectrique<\/a>, dont le concept a \u00e9t\u00e9 d\u00e9voil\u00e9 l\u2019ann\u00e9e derni\u00e8re. Il ne faut cependant pas esp\u00e9rer voir ce v\u00e9hicule chez ALBI Chevrolet pour le moment, puisqu\u2019il sera disponible d\u2019abord sur le march\u00e9 chinois, avant une arriv\u00e9e chez nous dans deux ans.<\/p>\n\n\n\n<p>Sur les images partag\u00e9es, la voiture \u00e9lectrique Electra E5\npr\u00e9sente un int\u00e9rieur tapiss\u00e9 de mat\u00e9riaux de haute qualit\u00e9. Les si\u00e8ges du\nv\u00e9hicule \u00e9lectrique semblent \u00e9galement tr\u00e8s confortables, offrant support et\nconfort avec des cuirs de grande qualit\u00e9.<\/p>\n\n\n\n<h4 class=\"wp-block-heading\">Un \u00e9cran impressionnant<\/h4>\n\n\n\n<p>Un certain nombre de caract\u00e9ristiques \u00e0 l&rsquo;int\u00e9rieur de la\nBuick Electra E5 pourraient impressionner les consommateurs, notamment l&rsquo;\u00e9cran\nOLED de 30 pouces de large, un des plus grands jamais install\u00e9 dans un\nv\u00e9hicule.<\/p>\n\n\n\n<p>L&rsquo;\u00e9cran incurv\u00e9 6K peut afficher 1 milliard de couleurs et\nest livr\u00e9 avec le dernier syst\u00e8me Buick Virtual Cockpit combin\u00e9 \u00e0 un affichage\nt\u00eate haute couleur de 12,6 pouces, offrant une exp\u00e9rience totalement nouvelle.\nDes commandes vocales am\u00e9lior\u00e9es viendront compl\u00e9ter le tout.<\/p>\n\n\n\n<p>La Buick Electra E5 est dot\u00e9e des derni\u00e8res technologies,\nnotamment du syst\u00e8me Apple CarPlay et Android auto sans fil int\u00e9gr\u00e9 avec\nchargement sans fil du t\u00e9l\u00e9phone. La fonction iKey permet \u00e9galement aux\npropri\u00e9taires d&rsquo;utiliser leur t\u00e9l\u00e9phone portable comme cl\u00e9 et offre \u00e9galement\nun diagnostic \u00e0 distance du v\u00e9hicule.<\/p>\n\n\n\n<p>En outre, Buick a int\u00e9gr\u00e9 un syst\u00e8me audio Bose dans la\nvoiture \u00e9lectrique, transformant l\u2019habitacle ultrasilencieux du v\u00e9hicule en\nsalle de concert symphonique. La connectivit\u00e9 5G est int\u00e9gr\u00e9e et des mises \u00e0\njour par la voie des airs sont disponibles pour plusieurs modules\nsimultan\u00e9ment.<\/p>\n\n\n\n<p>Selon Buick, le VUS 100% \u00e9lectrique dont les\ncaract\u00e9ristiques sont inconnues, aura un empattement de 2,9 m\u00e8tres offrira un\nlarge espace pour les passagers \u00e0 l&rsquo;arri\u00e8re et ne g\u00eanera pas la capacit\u00e9 de\nbagages qui peut contenir jusqu&rsquo;\u00e0 1 658 litres de marchandises.<\/p>\n\n\n\n<p>Si on se fie au calendrier Buick, l\u2019Electra E5 arrivera chez <a href=\"http:\/\/albichevrolet.com\" target=\"_blank\" rel=\"noreferrer noopener\" aria-label=\"ALBI Chevrolet (s\u2019ouvre dans un nouvel onglet)\">ALBI Chevrolet<\/a> et partout au pays en 2025. Avouez que vous avez d\u00e9j\u00e0 envie de commander le v\u00f4tre!<\/p>\n","protected":false},"excerpt":{"rendered":"<p>Le constructeur automobile am\u00e9ricain Buick a montr\u00e9 pour la premi\u00e8re fois l&rsquo;int\u00e9rieur de l&rsquo;Electra E5, son premier v\u00e9hicule \u00e9lectrique, dont le concept a \u00e9t\u00e9 d\u00e9voil\u00e9 l\u2019ann\u00e9e derni\u00e8re. Il ne faut cependant pas esp\u00e9rer voir ce v\u00e9hicule chez ALBI Chevrolet pour le moment, puisqu\u2019il sera disponible d\u2019abord sur le march\u00e9 chinois, avant une arriv\u00e9e chez nous [&hellip;]<\/p>\n","protected":false},"author":5,"featured_media":16669,"comment_status":"closed","ping_status":"open","sticky":false,"template":"","format":"standard","meta":{"footnotes":""},"categories":[6],"tags":[],"class_list":["post-16667","post","type-post","status-publish","format-standard","has-post-thumbnail","hentry","category-blogue"],"_links":{"self":[{"href":"https:\/\/www.albilegeant.com\/articles\/wp-json\/wp\/v2\/posts\/16667","targetHints":{"allow":["GET"]}}],"collection":[{"href":"https:\/\/www.albilegeant.com\/articles\/wp-json\/wp\/v2\/posts"}],"about":[{"href":"https:\/\/www.albilegeant.com\/articles\/wp-json\/wp\/v2\/types\/post"}],"author":[{"embeddable":true,"href":"https:\/\/www.albilegeant.com\/articles\/wp-json\/wp\/v2\/users\/5"}],"replies":[{"embeddable":true,"href":"https:\/\/www.albilegeant.com\/articles\/wp-json\/wp\/v2\/comments?post=16667"}],"version-history":[{"count":2,"href":"https:\/\/www.albilegeant.com\/articles\/wp-json\/wp\/v2\/posts\/16667\/revisions"}],"predecessor-version":[{"id":16674,"href":"https:\/\/www.albilegeant.com\/articles\/wp-json\/wp\/v2\/posts\/16667\/revisions\/16674"}],"wp:featuredmedia":[{"embeddable":true,"href":"https:\/\/www.albilegeant.com\/articles\/wp-json\/wp\/v2\/media\/16669"}],"wp:attachment":[{"href":"https:\/\/www.albilegeant.com\/articles\/wp-json\/wp\/v2\/media?parent=16667"}],"wp:term":[{"taxonomy":"category","embeddable":true,"href":"https:\/\/www.albilegeant.com\/articles\/wp-json\/wp\/v2\/categories?post=16667"},{"taxonomy":"post_tag","embeddable":true,"href":"https:\/\/www.albilegeant.com\/articles\/wp-json\/wp\/v2\/tags?post=16667"}],"curies":[{"name":"wp","href":"https:\/\/api.w.org\/{rel}","templated":true}]}}