{"id":16714,"date":"2023-03-21T12:29:33","date_gmt":"2023-03-21T16:29:33","guid":{"rendered":"https:\/\/www.albilegeant.com\/articles\/?p=16714"},"modified":"2023-03-21T12:33:35","modified_gmt":"2023-03-21T16:33:35","slug":"kia-ev5-concept-bientot-une-realite-en-chine","status":"publish","type":"post","link":"https:\/\/www.albilegeant.com\/articles\/blogue\/kia-ev5-concept-bientot-une-realite-en-chine\/","title":{"rendered":"Kia EV5 Concept : bient\u00f4t une r\u00e9alit\u00e9 en Chine"},"content":{"rendered":"\n<p>Pour le <em>Kia Chinese EV Day<\/em>, Kia a d\u00e9voil\u00e9 ce qui pourrait devenir le premier VUS interm\u00e9diaire \u00e9lectrique de la marque. Voici le Kia EV5 Concept. Sans surprise, il reprend le style et les lignes devenues famili\u00e8res avec la pr\u00e9sentation du <a href=\"https:\/\/www.albilegeant.com\/articles\/blogue\/et-voici-le-kia-ev9\/\">EV9<\/a>. <\/p>\n\n\n\n<p>\u00c0 l&rsquo;avant, on retrouve le nouveau nez de tigre de Kia, avec une subtile signature lumineuse sur deux niveaux. Le capot plat comporte deux nervures transparentes qui donnent du relief \u00e0 l\u2019ensemble. De profil, outre la garde au sol g\u00e9n\u00e9reuse, on remarque les passages de roues carr\u00e9s avec des protections en plastique, les jantes de 21 pouces et le becquet de toit. \u00c0 l&rsquo;arri\u00e8re, les feux ont une forme de \u00ab\u00a0C\u00a0\u00bb et sont reli\u00e9s entre eux par un bandeau de LED.<\/p>\n\n\n\n<h4 class=\"wp-block-heading\">Un int\u00e9rieur pur et calme<\/h4>\n\n\n\n<p>\u00c0 l&rsquo;int\u00e9rieur du Kia EV5 Concept, les designers on d\u00e9velopp\u00e9 davantage l&rsquo;environnement de l&rsquo;EV9, avec un vaste espace \u00e0 bord. Les couleurs ont \u00e9t\u00e9 choisies pour inspirer calme et puret\u00e9. Il y a \u00e9galement deux \u00e9crans c\u00f4te \u00e0 c\u00f4te, l&rsquo;un pour les instruments principaux et l&rsquo;autre pour le syst\u00e8me multim\u00e9dia. <\/p>\n\n\n\n<p>L&rsquo;espace int\u00e9rieur est tr\u00e8s flexible gr\u00e2ce aux si\u00e8ges pivotants, qui permettent aux occupants de profiter d&rsquo;une vue sur le paysage. Le Kia EV5 Concept est \u00e9quip\u00e9 d&rsquo;un grand toit ouvrant panoramique sur toute la longueur. Sachez aussi que ce toit ouvrant fait \u00e9galement office de panneau solaire. La technologie d&rsquo;\u00e9clairage avanc\u00e9e \u00e0 l&rsquo;int\u00e9rieur peut \u00eatre r\u00e9gl\u00e9e pour refl\u00e9ter l&rsquo;humeur des occupants.<\/p>\n\n\n\n<p>Aucune donn\u00e9e technique sur la puissance ou l\u2019autonomie pour le moment, puisqu&rsquo;elles n\u2019ont pas \u00e9t\u00e9 d\u00e9voil\u00e9es. On n\u2019a pas non plus discut\u00e9 des dimensions exactes de ce qui pourrait devenir une version de production. Sachant ce que Kia a fait avec la EV9 et son application dans la vraie vie, on a h\u00e2te d\u2019en savoir plus.<\/p>\n\n\n\n<p>Le Kia EV5 n\u2019est pas pr\u00e9vu pour arriver chez <a rel=\"noreferrer noopener\" aria-label=\"ALBI Kia (s\u2019ouvre dans un nouvel onglet)\" href=\"http:\/\/albikia.com\" target=\"_blank\">ALBI Kia<\/a> avant au minimum deux ans. Il faudra donc rester patients.<\/p>\n","protected":false},"excerpt":{"rendered":"<p>Pour le Kia Chinese EV Day, Kia a d\u00e9voil\u00e9 ce qui pourrait devenir le premier VUS interm\u00e9diaire \u00e9lectrique de la marque. Voici le Kia EV5 Concept. Sans surprise, il reprend le style et les lignes devenues famili\u00e8res avec la pr\u00e9sentation du EV9. \u00c0 l&rsquo;avant, on retrouve le nouveau nez de tigre de Kia, avec une [&hellip;]<\/p>\n","protected":false},"author":5,"featured_media":16715,"comment_status":"closed","ping_status":"open","sticky":false,"template":"","format":"standard","meta":{"footnotes":""},"categories":[6],"tags":[],"class_list":["post-16714","post","type-post","status-publish","format-standard","has-post-thumbnail","hentry","category-blogue"],"_links":{"self":[{"href":"https:\/\/www.albilegeant.com\/articles\/wp-json\/wp\/v2\/posts\/16714","targetHints":{"allow":["GET"]}}],"collection":[{"href":"https:\/\/www.albilegeant.com\/articles\/wp-json\/wp\/v2\/posts"}],"about":[{"href":"https:\/\/www.albilegeant.com\/articles\/wp-json\/wp\/v2\/types\/post"}],"author":[{"embeddable":true,"href":"https:\/\/www.albilegeant.com\/articles\/wp-json\/wp\/v2\/users\/5"}],"replies":[{"embeddable":true,"href":"https:\/\/www.albilegeant.com\/articles\/wp-json\/wp\/v2\/comments?post=16714"}],"version-history":[{"count":6,"href":"https:\/\/www.albilegeant.com\/articles\/wp-json\/wp\/v2\/posts\/16714\/revisions"}],"predecessor-version":[{"id":16721,"href":"https:\/\/www.albilegeant.com\/articles\/wp-json\/wp\/v2\/posts\/16714\/revisions\/16721"}],"wp:featuredmedia":[{"embeddable":true,"href":"https:\/\/www.albilegeant.com\/articles\/wp-json\/wp\/v2\/media\/16715"}],"wp:attachment":[{"href":"https:\/\/www.albilegeant.com\/articles\/wp-json\/wp\/v2\/media?parent=16714"}],"wp:term":[{"taxonomy":"category","embeddable":true,"href":"https:\/\/www.albilegeant.com\/articles\/wp-json\/wp\/v2\/categories?post=16714"},{"taxonomy":"post_tag","embeddable":true,"href":"https:\/\/www.albilegeant.com\/articles\/wp-json\/wp\/v2\/tags?post=16714"}],"curies":[{"name":"wp","href":"https:\/\/api.w.org\/{rel}","templated":true}]}}