{"id":16728,"date":"2023-03-27T10:16:13","date_gmt":"2023-03-27T14:16:13","guid":{"rendered":"https:\/\/www.albilegeant.com\/articles\/?p=16728"},"modified":"2023-03-27T10:16:15","modified_gmt":"2023-03-27T14:16:15","slug":"la-chevrolet-camaro-seteint","status":"publish","type":"post","link":"https:\/\/www.albilegeant.com\/articles\/blogue\/la-chevrolet-camaro-seteint\/","title":{"rendered":"La Chevrolet Camaro s\u2019\u00e9teint"},"content":{"rendered":"\n<p>Il est temps pour la Chevrolet Camaro de repartir. L\u2019ann\u00e9e 2024 sera la derni\u00e8re ann\u00e9e de la Camaro de sixi\u00e8me g\u00e9n\u00e9ration. M\u00eame si on ignore encore si une nouvelle version sera commercialis\u00e9e \u2013 GM a annonc\u00e9 que le nom demeurerait- il fallait souligner la disparition de la b\u00eate. Pour ce faire, on a cr\u00e9\u00e9 une \u00e9dition toute sp\u00e9ciale.<\/p>\n\n\n\n<p>Chevrolet proposera l\u2019ensemble <em>Collector&rsquo;s Edition<\/em> sur les mod\u00e8les RS et SS, dont les derniers mod\u00e8les sortiront de l\u2019usine en janvier 2024. Quelques versions de la surpuissante ZL1 et ses 650 chevaux seront aussi trait\u00e9s de cette fa\u00e7on.<\/p>\n\n\n\n<p>Mais que comprendra exactement l\u2019\u00e9dition de collection? Le doute subsiste encore, puisque General Motors demeure encore discret sur la question. La seule chose que l&rsquo;on sait, c&rsquo;est que la voiture sera un hommage aux Camaro qui l&rsquo;ont pr\u00e9c\u00e9d\u00e9e. Une partie du th\u00e8me sera li\u00e9e \u00e0 la toute premi\u00e8re Camaro et \u00e0 son nom de code Panther.<\/p>\n\n\n\n<p>Pour le moment, seule une silhouette de la version ZL1 de la voiture <em>Collector&rsquo;s Edition<\/em> a \u00e9t\u00e9 aper\u00e7ue. Elle semble avoir sa propre peinture et ses propres jantes. Le badge Camaro a \u00e9galement \u00e9t\u00e9 redessin\u00e9.<\/p>\n\n\n\n<p>Les commandes de la <em>Chevrolet Camaro Collector&rsquo;s Edition 2024<\/em> seront ouvertes chez ALBI Chevrolet au cours des prochains mois. \u00c0 ce moment, nous aurons \u00e9videmment tous les d\u00e9tails de cette nouvelle \u00e9dition sp\u00e9ciale.<\/p>\n\n\n\n<h4 class=\"wp-block-heading\">Pas le dernier mot<\/h4>\n\n\n\n<p>Attention cependant, si la version actuelle de la Camaro disparait l\u2019an prochain, GM affirme que ce n&rsquo;est <a href=\"https:\/\/www.albilegeant.com\/articles\/actualites\/la-chevrolet-camaro-disparait-pas-de-panique\/\">pas le dernier chapitre<\/a> pour la marque Camaro. Il faudra cependant \u00eatre encore patient pour en savoir davantage sur la suite.<\/p>\n\n\n\n<p>On peut quand m\u00eame se permettre de r\u00eaver un peu! &nbsp;Selon des rapports ant\u00e9rieurs, il semble que Chevrolet envisage une approche plus r\u00e9volutionnaire. Le constructeur automobile aurait l&rsquo;intention de transformer la Camaro en v\u00e9hicule \u00e9lectrique, en utilisant sa plateforme Ultium.&nbsp;<\/p>\n\n\n\n<p>Imaginez, une super sportive \u00e9lectrique, pas trop dispendieuse. N\u2019appelez pas tout de suite <a href=\"http:\/\/albichevrolet.com\" target=\"_blank\" rel=\"noreferrer noopener\" aria-label=\"ALBI Chevrolet (s\u2019ouvre dans un nouvel onglet)\">ALBI Chevrolet<\/a> pour r\u00e9server, mais tenez-vous pr\u00eat. On ne sait jamais!<\/p>\n","protected":false},"excerpt":{"rendered":"<p>Il est temps pour la Chevrolet Camaro de repartir. L\u2019ann\u00e9e 2024 sera la derni\u00e8re ann\u00e9e de la Camaro de sixi\u00e8me g\u00e9n\u00e9ration. M\u00eame si on ignore encore si une nouvelle version sera commercialis\u00e9e \u2013 GM a annonc\u00e9 que le nom demeurerait- il fallait souligner la disparition de la b\u00eate. Pour ce faire, on a cr\u00e9\u00e9 une [&hellip;]<\/p>\n","protected":false},"author":5,"featured_media":16729,"comment_status":"closed","ping_status":"open","sticky":false,"template":"","format":"standard","meta":{"footnotes":""},"categories":[6],"tags":[],"class_list":["post-16728","post","type-post","status-publish","format-standard","has-post-thumbnail","hentry","category-blogue"],"_links":{"self":[{"href":"https:\/\/www.albilegeant.com\/articles\/wp-json\/wp\/v2\/posts\/16728","targetHints":{"allow":["GET"]}}],"collection":[{"href":"https:\/\/www.albilegeant.com\/articles\/wp-json\/wp\/v2\/posts"}],"about":[{"href":"https:\/\/www.albilegeant.com\/articles\/wp-json\/wp\/v2\/types\/post"}],"author":[{"embeddable":true,"href":"https:\/\/www.albilegeant.com\/articles\/wp-json\/wp\/v2\/users\/5"}],"replies":[{"embeddable":true,"href":"https:\/\/www.albilegeant.com\/articles\/wp-json\/wp\/v2\/comments?post=16728"}],"version-history":[{"count":1,"href":"https:\/\/www.albilegeant.com\/articles\/wp-json\/wp\/v2\/posts\/16728\/revisions"}],"predecessor-version":[{"id":16730,"href":"https:\/\/www.albilegeant.com\/articles\/wp-json\/wp\/v2\/posts\/16728\/revisions\/16730"}],"wp:featuredmedia":[{"embeddable":true,"href":"https:\/\/www.albilegeant.com\/articles\/wp-json\/wp\/v2\/media\/16729"}],"wp:attachment":[{"href":"https:\/\/www.albilegeant.com\/articles\/wp-json\/wp\/v2\/media?parent=16728"}],"wp:term":[{"taxonomy":"category","embeddable":true,"href":"https:\/\/www.albilegeant.com\/articles\/wp-json\/wp\/v2\/categories?post=16728"},{"taxonomy":"post_tag","embeddable":true,"href":"https:\/\/www.albilegeant.com\/articles\/wp-json\/wp\/v2\/tags?post=16728"}],"curies":[{"name":"wp","href":"https:\/\/api.w.org\/{rel}","templated":true}]}}