{"id":1675,"date":"2014-10-30T14:30:54","date_gmt":"2014-10-30T18:30:54","guid":{"rendered":"http:\/\/www.albilegeant.com\/articles\/?p=1675"},"modified":"2020-10-05T16:28:23","modified_gmt":"2020-10-05T20:28:23","slug":"kia-du-velo-lauto","status":"publish","type":"post","link":"https:\/\/www.albilegeant.com\/articles\/blogue\/kia-du-velo-lauto\/","title":{"rendered":"Kia : du v\u00e9lo \u00e0 l\u2019auto!"},"content":{"rendered":"<p>Avant d\u2019\u00eatre la marque que l\u2019on connait, Kia a d\u00e9but\u00e9 ses activit\u00e9s dans le domaine du v\u00e9lo! \u00c0 ses d\u00e9buts en 1944, l\u2019entreprise fabriquait \u00e0 la main des cadres, des selles, des p\u00e9dales et des garde-boue en p\u00e9riph\u00e9rie de S\u00e9oul, en Cor\u00e9e du Sud. En 1957, elle produit son premier v\u00e9lo au complet, en plus d\u2019un mod\u00e8le de scooter \u00e0 moteur. Cinq ans plus tard, l\u2019entreprise lance le premier triporteur (voiture \u00e0 trois roues) de la Cor\u00e9e. Il faut attendre 1974 avant que Kia pr\u00e9sente sa premi\u00e8re voiture \u00e0 quatre roues, la Kia Brisa, qu\u2019elle produira pendant sept ans \u00e0 son usine de Sohari.<!--more--><\/p>\n<p><a href=\"http:\/\/www.albilegeant.com\/articles\/wp-content\/uploads\/2014\/10\/1974-01.jpg\"><img loading=\"lazy\" decoding=\"async\" class=\"alignnone wp-image-1677 size-full\" src=\"http:\/\/www.albilegeant.com\/articles\/wp-content\/uploads\/2014\/10\/1974-01.jpg\" alt=\"1974-01\" width=\"337\" height=\"226\" srcset=\"https:\/\/www.albilegeant.com\/articles\/wp-content\/uploads\/2014\/10\/1974-01.jpg 337w, https:\/\/www.albilegeant.com\/articles\/wp-content\/uploads\/2014\/10\/1974-01-300x201.jpg 300w\" sizes=\"auto, (max-width: 337px) 100vw, 337px\" \/><\/a><\/p>\n<p>Entre 1970 et 1980, Kia r\u00e9ussit \u00e0 cro\u00eetre consid\u00e9rablement en <strong>augmentant ses r\u00e9sultats d\u2019environ 40 % par ann\u00e9e<\/strong>. Les d\u00e9cennies 80 et 90 sont celles de<strong> l\u2019internationalisation<\/strong>. Une \u00e9tape franchie avec succ\u00e8s, car l\u2019entreprise est maintenant <strong>pr\u00e9sente dans 172 pays<\/strong> et <strong>emploie 40\u00a0000 personnes \u00e0 travers le monde<\/strong>! \u00c9videmment, la marque s\u2019adapte aux besoins et aux particularit\u00e9s de chaque territoire. Il est d\u2019ailleurs assez amusant de constater qu\u2019en Italie, le constructeur organise le concours Miss KIA!<\/p>\n<p><a href=\"http:\/\/www.albilegeant.com\/articles\/wp-content\/uploads\/2014\/10\/banner-sito-940x365_1.jpg\"><img loading=\"lazy\" decoding=\"async\" class=\"alignnone wp-image-1683 size-full\" src=\"http:\/\/www.albilegeant.com\/articles\/wp-content\/uploads\/2014\/10\/banner-sito-940x365_1.jpg\" alt=\"Miss_Kia\" width=\"940\" height=\"365\" srcset=\"https:\/\/www.albilegeant.com\/articles\/wp-content\/uploads\/2014\/10\/banner-sito-940x365_1.jpg 940w, https:\/\/www.albilegeant.com\/articles\/wp-content\/uploads\/2014\/10\/banner-sito-940x365_1-300x116.jpg 300w, https:\/\/www.albilegeant.com\/articles\/wp-content\/uploads\/2014\/10\/banner-sito-940x365_1-624x242.jpg 624w\" sizes=\"auto, (max-width: 940px) 100vw, 940px\" \/><\/a><\/p>\n<p>Un des bons coups de <strong>Kia fut d\u2019embaucher Peter Schreyer, en 2006, comme <em>Chief Designer Officer<\/em> (dessinateur en chef)<\/strong>. Auparavant chez Audi et Volkswagen, M.Schreyer a insuffl\u00e9 \u00e0 la marque un vent nouveau, en plus de la faire rayonner dans les hautes sph\u00e8res du design automobile. Il a compl\u00e8tement renouvel\u00e9 l\u2019identit\u00e9 des voitures Kia, ce qui a eu un impact consid\u00e9rable sur les ventes et la popularit\u00e9 du constructeur. Peter Schreyer est m\u00eame all\u00e9 jusqu\u2019\u00e0 appara\u00eetre dans une publicit\u00e9 du mod\u00e8le <a title=\"Kia Optima\" href=\"https:\/\/www.albioccasion.com\/inventaire\/kia-optima\/?utm_source=blog&amp;utm_medium=referral&amp;utm_campaign=Blog_ALBI\" target=\"_blank\" rel=\"noopener noreferrer\">Kia Optima<\/a> o\u00f9 les passagers expriment leur appr\u00e9ciation de la voiture.<\/p>\n<p><iframe loading=\"lazy\" title=\"Peter Schreyer - Kia&#039;s Chief Design Officer\" width=\"625\" height=\"469\" src=\"https:\/\/www.youtube.com\/embed\/ZhYGqZL2mpQ?feature=oembed\" frameborder=\"0\" allow=\"accelerometer; autoplay; clipboard-write; encrypted-media; gyroscope; picture-in-picture; web-share\" referrerpolicy=\"strict-origin-when-cross-origin\" allowfullscreen><\/iframe><\/p>\n<h2>Kia arrive au Canada<\/h2>\n<p><strong>Kia Canada, pour sa part, a \u00e9t\u00e9 fond\u00e9e en 1999<\/strong> et poss\u00e8de un si\u00e8ge social \u00e0 Mississauga, en plus de quatre bureaux r\u00e9gionaux r\u00e9partis d\u2019un bout \u00e0 l\u2019autre du pays.<\/p>\n<p>Dates importantes<\/p>\n<ul>\n<li>1944\u00a0: Fondation de l\u2019entreprise sous le nom de \u00ab\u00a0Kyungsung\u00a0\u00bb.<\/li>\n<li>1951\u00a0: L\u2019entreprise prend le nom \u00ab\u00a0Kia Industries\u00a0\u00bb.<\/li>\n<li>1957\u00a0: La fabrication des premiers v\u00e9los pour le march\u00e9 cor\u00e9en et des premiers scooters C-100.<\/li>\n<li>1962\u00a0: Le lancement du triporteur K-360.<\/li>\n<li>1974\u00a0: Kia commence \u00e0 fabriquer la Kia Brisa, premier mod\u00e8le de voiture de tourisme.<\/li>\n<li>1975\u00a0: Le constructeur ouvre ses march\u00e9s et commence \u00e0 exporter la Brisa B-1000.<\/li>\n<li>1986\u00a0: Le mod\u00e8le Pride prend son envol! Cette voiture \u00e0 hayon sera la plus vendue de Kia (on la connait aussi sous le nom de Ford Fiesta et Mazda 161).<\/li>\n<li>1990\u00a0: L\u2019entreprise change son nom pour \u00ab\u00a0Kia Motors\u00a0\u00bb.<\/li>\n<li>1994\u00a0: La marque a 50 ans!<\/li>\n<li>1995\u00a0: Kia a atteint le cap des 4 millions de voitures produits et du million en exportation.<\/li>\n<li>1996\u00a0: la production annuelle atteint 750\u00a0000 v\u00e9hicules.<\/li>\n<li>1998\u00a0: La crise en Asie du Sud-est qui a frapp\u00e9 l\u2019ann\u00e9e pr\u00e9c\u00e9dente a fragilis\u00e9 Kia. L\u2019entreprise est rachet\u00e9e par Hyundai Motors.<\/li>\n<li>1999\u00a0: la premi\u00e8re voiture Kia fait son entr\u00e9e au Canada!<\/li>\n<\/ul>\n<p><strong>D\u2019o\u00f9 vient le nom?<\/strong><\/p>\n<p>Le nom \u00ab\u00a0Kia \u00bb vient de deux mots\u00a0: <strong>\u00ab\u00a0KI\u00a0\u00bb qui signifie s\u2019\u00e9lever ou surgir de (en cor\u00e9en), et \u00ab\u00a0A\u00a0\u00bb pour Asie<\/strong>. Pr\u00e9sente dans 172 pays, on peut dire que Kia a r\u00e9ellement \u00e9merg\u00e9 d\u2019Asie!<\/p>\n<p>Comme slogan, le constructeur cor\u00e9en utilise<strong> \u00ab\u00a0Le pouvoir de surprendre\u00a0\u00bb<\/strong> (<em>The power to surprise<\/em>) pour refl\u00e9ter son engagement \u00e0 surpasser les attentes de ses clients avec des innovations constantes. Et pour surprendre, ils surprennent! Connaissez-vous Razy, Enzy Tory, Laito et Aqu? Ce sont les cinq personnages que Kia a cr\u00e9\u00e9s pour int\u00e9resser les enfants \u00e0 la m\u00e9canique automobile. La s\u00e9rie \u00ab\u00a0<em>Enzy in the hood\u00a0<\/em>\u00bb tente ainsi de faire mieux conna\u00eetre diff\u00e9rentes composantes automobiles\u00a0de fa\u00e7on ludique et amusante. D\u00e9couvrez-les ici!<\/p>\n<p><a href=\"http:\/\/www.albilegeant.com\/articles\/wp-content\/uploads\/2014\/10\/img_kiacharacter01.png\"><img loading=\"lazy\" decoding=\"async\" class=\"alignnone size-full wp-image-1694\" src=\"http:\/\/www.albilegeant.com\/articles\/wp-content\/uploads\/2014\/10\/img_kiacharacter01.png\" alt=\"kiacharacter\" width=\"578\" height=\"374\" srcset=\"https:\/\/www.albilegeant.com\/articles\/wp-content\/uploads\/2014\/10\/img_kiacharacter01.png 578w, https:\/\/www.albilegeant.com\/articles\/wp-content\/uploads\/2014\/10\/img_kiacharacter01-300x194.png 300w\" sizes=\"auto, (max-width: 578px) 100vw, 578px\" \/><\/a><\/p>\n<p><strong>KIA et ALBI Le G\u00e9ant<\/strong><\/p>\n<p>C\u2019est<strong> en 2002<\/strong> qu\u2019ALBI Le G\u00e9ant\u00a0se lance dans la vente des mod\u00e8les Kia. Pour l\u2019occasion, un nouveau garage est construit afin d\u2019accueillir cette nouvelle concession. Il faudra moins de dix ans pour qu\u2019<strong>ALBI Le G\u00e9ant\u00a0Kia de Mascouche<\/strong> devienne le num\u00e9ro un au Qu\u00e9bec et au Canada!<strong>\u00a0En 2009, ALBI Kia de Laval<\/strong> s&rsquo;ajoute \u00e0 la grande famille ALBI Le G\u00e9ant.<\/p>\n<p>Ian Marcoux, le directeur des ventes de ALBI Le G\u00e9ant\u00a0Kia de Mascouche, nous parle du constructeur cor\u00e9en\u00a0:<\/p>\n<p>\u00ab\u00a0Depuis 2010, le nouveau design des mod\u00e8les Kia a donn\u00e9 de l\u2019\u00e9lan \u00e0 la marque et l\u2019a rendue plus comp\u00e9titive dans le march\u00e9. Beaucoup d\u2019innovations ont \u00e9t\u00e9 apport\u00e9es au niveau du moteur et des options. Les Kia offrent beaucoup d\u2019\u00e9quipement pour leur prix, sans parler de la garantie de 7 ans! La Kia Sedona 2015 remporte un grand succ\u00e8s et la Kia Soul EV 2015 risque de cr\u00e9er le m\u00eame effet en arrivant.\u00a0\u00bb<\/p>\n<p>\u00ab\u00a0Quand les gens viennent magasiner leur prochain v\u00e9hicule chez nous, ils se sentent vraiment \u00e0 l\u2019aise. L\u2019ambiance est chaleureuse et familiale. Ils appr\u00e9cient \u00e9norm\u00e9ment notre connaissance des diff\u00e9rents mod\u00e8les et les conseils que nous pouvons leur donner. C\u2019est toujours avec plaisir que nous les accueillons!\u00a0\u00bb<\/p>\n<p>Curieux d\u2019en conna\u00eetre plus? Visitez le site d\u2019<a title=\"ALBI Le G\u00e9ant Kia de Mascouche et ALBI Kia de Laval\" href=\"http:\/\/www.albikia.com\" target=\"_blank\" rel=\"noopener noreferrer\">ALBI\u00a0Kia<\/a>.<\/p>\n\n\t\t<style type=\"text\/css\">\n\t\t\t#gallery-1 {\n\t\t\t\tmargin: auto;\n\t\t\t}\n\t\t\t#gallery-1 .gallery-item {\n\t\t\t\tfloat: left;\n\t\t\t\tmargin-top: 10px;\n\t\t\t\ttext-align: center;\n\t\t\t\twidth: 33%;\n\t\t\t}\n\t\t\t#gallery-1 img {\n\t\t\t\tborder: 2px solid #cfcfcf;\n\t\t\t}\n\t\t\t#gallery-1 .gallery-caption {\n\t\t\t\tmargin-left: 0;\n\t\t\t}\n\t\t\t\/* see gallery_shortcode() in wp-includes\/media.php *\/\n\t\t<\/style>\n\t\t<div id='gallery-1' class='gallery galleryid-1675 gallery-columns-3 gallery-size-thumbnail'><dl class='gallery-item'>\n\t\t\t<dt class='gallery-icon landscape'>\n\t\t\t\t<a href='https:\/\/www.albilegeant.com\/articles\/blogue\/kia-du-velo-lauto\/attachment\/forte-gallery-exterior-12-l\/'><img loading=\"lazy\" decoding=\"async\" width=\"150\" height=\"150\" src=\"https:\/\/www.albilegeant.com\/articles\/wp-content\/uploads\/2014\/10\/forte-gallery-exterior-12-l-150x150.jpg\" class=\"attachment-thumbnail size-thumbnail\" alt=\"\" \/><\/a>\n\t\t\t<\/dt><\/dl><dl class='gallery-item'>\n\t\t\t<dt class='gallery-icon landscape'>\n\t\t\t\t<a href='https:\/\/www.albilegeant.com\/articles\/blogue\/kia-du-velo-lauto\/attachment\/optima-gallery-exterior-05-l\/'><img loading=\"lazy\" decoding=\"async\" width=\"150\" height=\"150\" src=\"https:\/\/www.albilegeant.com\/articles\/wp-content\/uploads\/2014\/10\/optima-gallery-exterior-05-l-150x150.jpg\" class=\"attachment-thumbnail size-thumbnail\" alt=\"\" \/><\/a>\n\t\t\t<\/dt><\/dl><dl class='gallery-item'>\n\t\t\t<dt class='gallery-icon landscape'>\n\t\t\t\t<a href='https:\/\/www.albilegeant.com\/articles\/blogue\/kia-du-velo-lauto\/attachment\/rio5door-gallery-exterior-10-l\/'><img loading=\"lazy\" decoding=\"async\" width=\"150\" height=\"150\" src=\"https:\/\/www.albilegeant.com\/articles\/wp-content\/uploads\/2014\/10\/rio5door-gallery-exterior-10-l-150x150.jpg\" class=\"attachment-thumbnail size-thumbnail\" alt=\"\" \/><\/a>\n\t\t\t<\/dt><\/dl><br style=\"clear: both\" \/><dl class='gallery-item'>\n\t\t\t<dt class='gallery-icon landscape'>\n\t\t\t\t<a href='https:\/\/www.albilegeant.com\/articles\/blogue\/kia-du-velo-lauto\/attachment\/soul-gallery-exterior-06-l\/'><img loading=\"lazy\" decoding=\"async\" width=\"150\" height=\"150\" src=\"https:\/\/www.albilegeant.com\/articles\/wp-content\/uploads\/2014\/10\/soul-gallery-exterior-06-l-150x150.jpg\" class=\"attachment-thumbnail size-thumbnail\" alt=\"\" \/><\/a>\n\t\t\t<\/dt><\/dl>\n\t\t\t<br style='clear: both' \/>\n\t\t<\/div>\n\n","protected":false},"excerpt":{"rendered":"<p>Avant d\u2019\u00eatre la marque que l\u2019on connait, Kia a d\u00e9but\u00e9 ses activit\u00e9s dans le domaine du v\u00e9lo! \u00c0 ses d\u00e9buts en 1944, l\u2019entreprise fabriquait \u00e0 la main des cadres, des selles, des p\u00e9dales et des garde-boue en p\u00e9riph\u00e9rie de S\u00e9oul, en Cor\u00e9e du Sud. En 1957, elle produit son premier v\u00e9lo au complet, en plus [&hellip;]<\/p>\n","protected":false},"author":5,"featured_media":1684,"comment_status":"open","ping_status":"open","sticky":false,"template":"","format":"standard","meta":{"footnotes":""},"categories":[6],"tags":[71,51],"class_list":["post-1675","post","type-post","status-publish","format-standard","has-post-thumbnail","hentry","category-blogue","tag-historique","tag-kia"],"_links":{"self":[{"href":"https:\/\/www.albilegeant.com\/articles\/wp-json\/wp\/v2\/posts\/1675","targetHints":{"allow":["GET"]}}],"collection":[{"href":"https:\/\/www.albilegeant.com\/articles\/wp-json\/wp\/v2\/posts"}],"about":[{"href":"https:\/\/www.albilegeant.com\/articles\/wp-json\/wp\/v2\/types\/post"}],"author":[{"embeddable":true,"href":"https:\/\/www.albilegeant.com\/articles\/wp-json\/wp\/v2\/users\/5"}],"replies":[{"embeddable":true,"href":"https:\/\/www.albilegeant.com\/articles\/wp-json\/wp\/v2\/comments?post=1675"}],"version-history":[{"count":17,"href":"https:\/\/www.albilegeant.com\/articles\/wp-json\/wp\/v2\/posts\/1675\/revisions"}],"predecessor-version":[{"id":14289,"href":"https:\/\/www.albilegeant.com\/articles\/wp-json\/wp\/v2\/posts\/1675\/revisions\/14289"}],"wp:featuredmedia":[{"embeddable":true,"href":"https:\/\/www.albilegeant.com\/articles\/wp-json\/wp\/v2\/media\/1684"}],"wp:attachment":[{"href":"https:\/\/www.albilegeant.com\/articles\/wp-json\/wp\/v2\/media?parent=1675"}],"wp:term":[{"taxonomy":"category","embeddable":true,"href":"https:\/\/www.albilegeant.com\/articles\/wp-json\/wp\/v2\/categories?post=1675"},{"taxonomy":"post_tag","embeddable":true,"href":"https:\/\/www.albilegeant.com\/articles\/wp-json\/wp\/v2\/tags?post=1675"}],"curies":[{"name":"wp","href":"https:\/\/api.w.org\/{rel}","templated":true}]}}