{"id":16865,"date":"2023-05-30T10:41:51","date_gmt":"2023-05-30T14:41:51","guid":{"rendered":"https:\/\/www.albilegeant.com\/articles\/?p=16865"},"modified":"2023-05-30T10:41:53","modified_gmt":"2023-05-30T14:41:53","slug":"volvo-ex30-la-volvo-la-plus-propre-a-ce-jour","status":"publish","type":"post","link":"https:\/\/www.albilegeant.com\/articles\/blogue\/volvo-ex30-la-volvo-la-plus-propre-a-ce-jour\/","title":{"rendered":"Volvo EX30 : La Volvo la plus propre \u00e0 ce jour"},"content":{"rendered":"\n<p>Volvo est connu pour <a href=\"https:\/\/www.albilegeant.com\/articles\/blogue\/detectez-les-passagers-dans-votre-volvo-ex90\/\">sa s\u00e9curit\u00e9<\/a> et ses v\u00e9hicules de luxe, et le nouveau Volvo EX30, le petit VUS \u00e9lectrique qui sera bient\u00f4t d\u00e9voil\u00e9, ne fera pas exception \u00e0 la r\u00e8gle. Mais le EX30 \u00e9tablira \u00e9galement une nouvelle norme en mati\u00e8re de durabilit\u00e9 environnementale.<\/p>\n\n\n\n<p>Le EX30 sera un VUS enti\u00e8rement \u00e9lectrique con\u00e7u pour avoir une faible empreinte carbone. Volvo a pris en compte les \u00e9missions tout au long de la production et du cycle de vie de le EX30, et a r\u00e9ussi \u00e0 r\u00e9duire son empreinte carbone totale sur 200 000 km de conduite \u00e0 moins de 30 tonnes. Il s&rsquo;agit d&rsquo;une r\u00e9duction de 25 % par rapport aux mod\u00e8les C40 et XC40 enti\u00e8rement \u00e9lectriques.<\/p>\n\n\n\n<p>En tant que voiture enti\u00e8rement \u00e9lectrique, le EX30 n&rsquo;\u00e9met pas de gaz d&rsquo;\u00e9chappement, ce qui contribue non seulement \u00e0 r\u00e9duire l&#8217;empreinte carbone, mais aussi \u00e0 am\u00e9liorer la qualit\u00e9 de l&rsquo;air. La r\u00e9duction de l\u2019impact environnemental, c\u2019est aussi dans la fabrication et l\u2019assemblage qu\u2019on la retrouve. Il y a donc de nombreux efforts \u00e0 investir pour assurer une meilleure qualit\u00e9 environnementale.<\/p>\n\n\n\n<p>Voici quelques-uns des moyens mis en \u0153uvre par Volvo pour r\u00e9duire l&#8217;empreinte carbone du Volvo EX30 :<\/p>\n\n\n\n<h4 class=\"wp-block-heading\"><strong>Conception d&rsquo;une voiture plus petite<\/strong><\/h4>\n\n\n\n<p>Une voiture plus petite signifie qu&rsquo;il faut moins de mat\u00e9riaux pour la produire. Le Volvo EX30 est environ 20 % plus petit que le XC40, ce qui permet d&rsquo;\u00e9conomiser une quantit\u00e9 importante de mat\u00e9riaux et d&rsquo;\u00e9nergie.<\/p>\n\n\n\n<h4 class=\"wp-block-heading\"><strong>Utilisation de mat\u00e9riaux recycl\u00e9s<\/strong><\/h4>\n\n\n\n<p>Le Volvo EX30 est fabriqu\u00e9 avec un pourcentage \u00e9lev\u00e9 de mat\u00e9riaux recycl\u00e9s, notamment de l&rsquo;aluminium et de l&rsquo;acier recycl\u00e9s. Cela permet de r\u00e9duire l&rsquo;impact environnemental de la production de la voiture.<\/p>\n\n\n\n<h4 class=\"wp-block-heading\"><strong>Alimentation du processus de fabrication avec de l&rsquo;\u00e9nergie propre<\/strong><\/h4>\n\n\n\n<p>Le Volvo EX30 est fabriqu\u00e9 dans une usine aliment\u00e9e en \u00e9nergie propre. Cela permet de r\u00e9duire les \u00e9missions li\u00e9es \u00e0 la production de la voiture.<\/p>\n\n\n\n<h4 class=\"wp-block-heading\"><strong>Conception pour \u00eatre r\u00e9cup\u00e9rable \u00e0 95 %<\/strong><\/h4>\n\n\n\n<p>Le Volvo EX30 est con\u00e7u pour \u00eatre r\u00e9cup\u00e9rable \u00e0 95 % \u00e0 la fin de sa vie. Cela signifie que la plupart des mat\u00e9riaux de la voiture peuvent \u00eatre recycl\u00e9s ou r\u00e9utilis\u00e9s, ce qui contribue \u00e0 r\u00e9duire l&rsquo;impact environnemental de la mise au rebut de la voiture.<\/p>\n\n\n\n<p>Outre ses avantages environnementaux, le Volvo EX30 offrira\n\u00e9galement un certain nombre d&rsquo;autres caract\u00e9ristiques qui en font un choix\nconvaincant pour les acheteurs.<\/p>\n\n\n\n<p>Le Volvo EX30 constituera un excellent choix pour les acheteurs qui recherchent un VUS s\u00fbr, \u00e9l\u00e9gant et respectueux de l&rsquo;environnement. Le EX30 offre un certain nombre de caract\u00e9ristiques qui en font un choix convaincant, et il est certain qu&rsquo;il sera une voiture populaire dans les ann\u00e9es \u00e0 venir. C\u2019est le genre de choix que nous aimons bien vous offrir, chez <a href=\"http:\/\/albivolvo.com\" target=\"_blank\" rel=\"noreferrer noopener\" aria-label=\"ALBI Volvo Ste-Agathe (s\u2019ouvre dans un nouvel onglet)\">ALBI Volvo Ste-Agathe<\/a>.<\/p>\n","protected":false},"excerpt":{"rendered":"<p>Volvo est connu pour sa s\u00e9curit\u00e9 et ses v\u00e9hicules de luxe, et le nouveau Volvo EX30, le petit VUS \u00e9lectrique qui sera bient\u00f4t d\u00e9voil\u00e9, ne fera pas exception \u00e0 la r\u00e8gle. Mais le EX30 \u00e9tablira \u00e9galement une nouvelle norme en mati\u00e8re de durabilit\u00e9 environnementale. Le EX30 sera un VUS enti\u00e8rement \u00e9lectrique con\u00e7u pour avoir une [&hellip;]<\/p>\n","protected":false},"author":5,"featured_media":16866,"comment_status":"closed","ping_status":"open","sticky":false,"template":"","format":"standard","meta":{"footnotes":""},"categories":[6],"tags":[],"class_list":["post-16865","post","type-post","status-publish","format-standard","has-post-thumbnail","hentry","category-blogue"],"_links":{"self":[{"href":"https:\/\/www.albilegeant.com\/articles\/wp-json\/wp\/v2\/posts\/16865","targetHints":{"allow":["GET"]}}],"collection":[{"href":"https:\/\/www.albilegeant.com\/articles\/wp-json\/wp\/v2\/posts"}],"about":[{"href":"https:\/\/www.albilegeant.com\/articles\/wp-json\/wp\/v2\/types\/post"}],"author":[{"embeddable":true,"href":"https:\/\/www.albilegeant.com\/articles\/wp-json\/wp\/v2\/users\/5"}],"replies":[{"embeddable":true,"href":"https:\/\/www.albilegeant.com\/articles\/wp-json\/wp\/v2\/comments?post=16865"}],"version-history":[{"count":3,"href":"https:\/\/www.albilegeant.com\/articles\/wp-json\/wp\/v2\/posts\/16865\/revisions"}],"predecessor-version":[{"id":16870,"href":"https:\/\/www.albilegeant.com\/articles\/wp-json\/wp\/v2\/posts\/16865\/revisions\/16870"}],"wp:featuredmedia":[{"embeddable":true,"href":"https:\/\/www.albilegeant.com\/articles\/wp-json\/wp\/v2\/media\/16866"}],"wp:attachment":[{"href":"https:\/\/www.albilegeant.com\/articles\/wp-json\/wp\/v2\/media?parent=16865"}],"wp:term":[{"taxonomy":"category","embeddable":true,"href":"https:\/\/www.albilegeant.com\/articles\/wp-json\/wp\/v2\/categories?post=16865"},{"taxonomy":"post_tag","embeddable":true,"href":"https:\/\/www.albilegeant.com\/articles\/wp-json\/wp\/v2\/tags?post=16865"}],"curies":[{"name":"wp","href":"https:\/\/api.w.org\/{rel}","templated":true}]}}