{"id":16871,"date":"2023-06-01T08:57:43","date_gmt":"2023-06-01T12:57:43","guid":{"rendered":"https:\/\/www.albilegeant.com\/articles\/?p=16871"},"modified":"2023-06-01T08:57:45","modified_gmt":"2023-06-01T12:57:45","slug":"une-camionnette-kia-oui-en-australie","status":"publish","type":"post","link":"https:\/\/www.albilegeant.com\/articles\/blogue\/une-camionnette-kia-oui-en-australie\/","title":{"rendered":"Une camionnette Kia? Oui\u2026 en Australie!"},"content":{"rendered":"\n<p>La gamme Kia est plut\u00f4t vaste et remplit pratiquement toutes les niches. Mais il semble qu\u2019une cat\u00e9gorie reste encore et toujours manquante chez le fabricant cor\u00e9en: la camionnette. Qu\u2019\u00e0 cela ne tienne, nous affirme la fili\u00e8re australienne de la marque qui vient de confirmer l\u2019arriv\u00e9e d\u2019un nouveau mod\u00e8le grandement attendue en 2025. Pour le moment, on ne sait pas quand &#8211; ou m\u00eame si &#8211; le v\u00e9hicule fera son entr\u00e9e en Am\u00e9rique du Nord. C\u2019est une occasion parfaite pour faire le bilan sur le futur du constructeur automobile.<\/p>\n\n\n\n<h4 class=\"wp-block-heading\">Une construction ultra-robuste<\/h4>\n\n\n\n<p>Pour faire son entr\u00e9e dans la cat\u00e9gorie des camionnettes interm\u00e9diaires, la toute nouvelle Kia se devra d\u2019\u00eatre diff\u00e9rente des autres mod\u00e8les de la marque. Par exemple, pour augmenter sa robustesse, on envisage de la construire sur un ch\u00e2ssis en \u00e9chelle, plus solide que la structure monocoque conventionnelle. Cependant, Kia reste plut\u00f4t avare de d\u00e9tails et les sp\u00e9cifications exactes ne sont pas encore connues. Dans tous les cas, difficile de se faire une id\u00e9e nette de ce que pourrait avoir l\u2019air le mod\u00e8le nord-am\u00e9ricain. Ce dernier, s\u2019il entre en production, sera sans doute bien diff\u00e9rent de son cousin oc\u00e9anien!<\/p>\n\n\n\n<p>Si nous ne savons pas encore si nous allons recevoir la nouvelle camionnette australienne, une chose est certaine: Kia ne nous a pas oubli\u00e9s. Son Plan S, pr\u00e9sent\u00e9 par le pr\u00e9sident de la compagnie en mars 2022, bat encore son plein. D\u2019ici 2027, ce sont 14 nouveaux v\u00e9hicules 100% \u00e9lectriques qui devraient faire leur entr\u00e9e. Dont au moins une camionnette d\u00e9di\u00e9e au march\u00e9 nord-am\u00e9ricain pr\u00e9vu.\u00a0<\/p>\n\n\n\n<p>D\u00e9j\u00e0 amorc\u00e9e par les mod\u00e8les <a href=\"https:\/\/www.albilegeant.com\/articles\/blogue\/le-kia-ev6-vus-de-lannee\/\">EV6<\/a> et <a href=\"https:\/\/www.albilegeant.com\/articles\/blogue\/cette-fois-voici-vraiment-le-kia-ev9-2024\/\">EV9<\/a>, <a href=\"https:\/\/www.albikia.com\/neufs\/electrique.html\" target=\"_blank\" rel=\"noreferrer noopener\" aria-label=\"la r\u00e9volution \u00e9lectrique de Kia (s\u2019ouvre dans un nouvel onglet)\">la r\u00e9volution \u00e9lectrique de Kia<\/a> est \u00e0 peine commenc\u00e9e et le meilleur reste encore \u00e0 venir. Dans les 7 prochaines ann\u00e9es, la compagnie esp\u00e8re r\u00e9ussir \u00e0 r\u00e9duire les co\u00fbts de leurs batteries de 40% en plus d\u2019en augmenter l\u2019autonomie. Oui, il faudra attendre encore pour en profiter, mais en attendant, peu importe le mod\u00e8le Kia qui vous int\u00e9resse, ALBI le G\u00e9ant peut vous aider!\u00a0<\/p>\n","protected":false},"excerpt":{"rendered":"<p>La gamme Kia est plut\u00f4t vaste et remplit pratiquement toutes les niches. Mais il semble qu\u2019une cat\u00e9gorie reste encore et toujours manquante chez le fabricant cor\u00e9en: la camionnette. Qu\u2019\u00e0 cela ne tienne, nous affirme la fili\u00e8re australienne de la marque qui vient de confirmer l\u2019arriv\u00e9e d\u2019un nouveau mod\u00e8le grandement attendue en 2025. Pour le moment, [&hellip;]<\/p>\n","protected":false},"author":5,"featured_media":16872,"comment_status":"closed","ping_status":"open","sticky":false,"template":"","format":"standard","meta":{"footnotes":""},"categories":[6],"tags":[],"class_list":["post-16871","post","type-post","status-publish","format-standard","has-post-thumbnail","hentry","category-blogue"],"_links":{"self":[{"href":"https:\/\/www.albilegeant.com\/articles\/wp-json\/wp\/v2\/posts\/16871","targetHints":{"allow":["GET"]}}],"collection":[{"href":"https:\/\/www.albilegeant.com\/articles\/wp-json\/wp\/v2\/posts"}],"about":[{"href":"https:\/\/www.albilegeant.com\/articles\/wp-json\/wp\/v2\/types\/post"}],"author":[{"embeddable":true,"href":"https:\/\/www.albilegeant.com\/articles\/wp-json\/wp\/v2\/users\/5"}],"replies":[{"embeddable":true,"href":"https:\/\/www.albilegeant.com\/articles\/wp-json\/wp\/v2\/comments?post=16871"}],"version-history":[{"count":1,"href":"https:\/\/www.albilegeant.com\/articles\/wp-json\/wp\/v2\/posts\/16871\/revisions"}],"predecessor-version":[{"id":16873,"href":"https:\/\/www.albilegeant.com\/articles\/wp-json\/wp\/v2\/posts\/16871\/revisions\/16873"}],"wp:featuredmedia":[{"embeddable":true,"href":"https:\/\/www.albilegeant.com\/articles\/wp-json\/wp\/v2\/media\/16872"}],"wp:attachment":[{"href":"https:\/\/www.albilegeant.com\/articles\/wp-json\/wp\/v2\/media?parent=16871"}],"wp:term":[{"taxonomy":"category","embeddable":true,"href":"https:\/\/www.albilegeant.com\/articles\/wp-json\/wp\/v2\/categories?post=16871"},{"taxonomy":"post_tag","embeddable":true,"href":"https:\/\/www.albilegeant.com\/articles\/wp-json\/wp\/v2\/tags?post=16871"}],"curies":[{"name":"wp","href":"https:\/\/api.w.org\/{rel}","templated":true}]}}