{"id":16890,"date":"2023-06-14T08:24:05","date_gmt":"2023-06-14T12:24:05","guid":{"rendered":"https:\/\/www.albilegeant.com\/articles\/?p=16890"},"modified":"2023-06-14T08:24:07","modified_gmt":"2023-06-14T12:24:07","slug":"les-ve-de-gm-se-chargeront-sur-les-chargeurs-tesla","status":"publish","type":"post","link":"https:\/\/www.albilegeant.com\/articles\/blogue\/les-ve-de-gm-se-chargeront-sur-les-chargeurs-tesla\/","title":{"rendered":"Les V\u00c9 de GM se chargeront sur les chargeurs Tesla"},"content":{"rendered":"\n<p>La nouvelle a pris tout le monde par surprise. Apr\u00e8s Ford, c\u2019est au tour de General Motors de permettre \u00e0 ses V\u00c9 de profiter du r\u00e9seau Tesla. Si la chose n\u2019est pas effective tout de suite, elle entrera quand m\u00eame en vigueur rapidement.<\/p>\n\n\n\n<p>L&rsquo;un des d\u00e9fis de l&rsquo;\u00e9lectrification est la question de la recharge. Dans certaines r\u00e9gions, il n&rsquo;y a pas assez de stations de recharge. Ou celles-ci ne sont pas compatibles avec la marque de la voiture que chacun conduit. C&rsquo;est un peu comme si un utilisateur d&rsquo;iPhone voulait utiliser un chargeur Samsung.\u00a0<\/p>\n\n\n\n<h4 class=\"wp-block-heading\">Un r\u00e9seau exclusif<\/h4>\n\n\n\n<p>Tesla \u00e9tait l&rsquo;une des marques les plus limit\u00e9es en mati\u00e8re d&rsquo;utilisation de chargeurs. Leurs Superchargers \u00e9taient exclusifs aux voitures Tesla jusqu&rsquo;\u00e0 pr\u00e9sent. Dans le but de faciliter l&rsquo;\u00e9lectrification pour tous les utilisateurs de voitures \u00e9lectriques, GM pourra \u00e9galement utiliser leur r\u00e9seau.<\/p>\n\n\n\n<p>Pour comprendre la question des types de chargeurs, l&rsquo;analogie ci-dessus entre l&rsquo;iPhone et Samsung en termes de type d&rsquo;entr\u00e9e et de c\u00e2ble utilis\u00e9 par chacun peut \u00eatre utile. Tesla, par exemple, utilise le connecteur North American Charging Standard (NACS).<\/p>\n\n\n\n<p>Du c\u00f4t\u00e9 de General Motors, ses v\u00e9hicules \u00e9lectriques pourront utiliser le r\u00e9seau de recharge de Tesla \u00e0 partir de 2024, o\u00f9 les marques du grand constructeur am\u00e9ricain ajouteront un adaptateur NACS pour rendre cela possible. Toutefois, \u00e0 partir de 2025, les voitures disposeront d\u00e9j\u00e0 d&rsquo;une entr\u00e9e directe.<\/p>\n\n\n\n<p>Pour l&rsquo;instant, les principaux march\u00e9s de cette initiative sont les \u00c9tats-Unis et le Canada, des territoires o\u00f9 l&rsquo;on compte d\u00e9j\u00e0 plus de 12 000 stations de recharge rapide Tesla qui facilitent les longs trajets en voiture \u00e9lectrique.<\/p>\n\n\n\n<p>D&rsquo;autre part, General Motors inclura les emplacements des Superchargeurs dans les applications et les cartes de ses voitures \u00e9lectriques, ce qui facilitera la logistique et l&rsquo;organisation lors de la conduite. Quelle que soit la marque, GM s&rsquo;efforce constamment d&rsquo;augmenter le nombre de leurs stations de recharge.<\/p>\n\n\n\n<p>En r\u00e9sum\u00e9, il sera d\u00e9sormais plus facile que jamais de recharger votre <a href=\"https:\/\/www.albilegeant.com\/articles\/blogue\/cest-termine-pour-la-chevrolet-bolt\/\">Chevrolet Bolt<\/a>. Mieux encore, quand vous recevrez votre <a href=\"https:\/\/www.albilegeant.com\/articles\/blogue\/tous-les-details-sur-le-chevrolet-equinox-ev-2024\/\">Chevrolet Equinox EV<\/a> ou votre Silverado \u00e9lectrique de votre concessionnaire <a rel=\"noreferrer noopener\" aria-label=\"ALBI Chevrolet (s\u2019ouvre dans un nouvel onglet)\" href=\"http:\/\/albichevrolet.com\" target=\"_blank\">ALBI Chevrolet<\/a>. Il sera probablement d\u00e9j\u00e0 \u00e9quip\u00e9 des outils pour utiliser les chargeurs de Tesla. De quoi vous rendre encore plus loin, plus facilement.<\/p>\n","protected":false},"excerpt":{"rendered":"<p>La nouvelle a pris tout le monde par surprise. Apr\u00e8s Ford, c\u2019est au tour de General Motors de permettre \u00e0 ses V\u00c9 de profiter du r\u00e9seau Tesla. Si la chose n\u2019est pas effective tout de suite, elle entrera quand m\u00eame en vigueur rapidement. L&rsquo;un des d\u00e9fis de l&rsquo;\u00e9lectrification est la question de la recharge. Dans [&hellip;]<\/p>\n","protected":false},"author":5,"featured_media":16891,"comment_status":"closed","ping_status":"open","sticky":false,"template":"","format":"standard","meta":{"footnotes":""},"categories":[6],"tags":[],"class_list":["post-16890","post","type-post","status-publish","format-standard","has-post-thumbnail","hentry","category-blogue"],"_links":{"self":[{"href":"https:\/\/www.albilegeant.com\/articles\/wp-json\/wp\/v2\/posts\/16890","targetHints":{"allow":["GET"]}}],"collection":[{"href":"https:\/\/www.albilegeant.com\/articles\/wp-json\/wp\/v2\/posts"}],"about":[{"href":"https:\/\/www.albilegeant.com\/articles\/wp-json\/wp\/v2\/types\/post"}],"author":[{"embeddable":true,"href":"https:\/\/www.albilegeant.com\/articles\/wp-json\/wp\/v2\/users\/5"}],"replies":[{"embeddable":true,"href":"https:\/\/www.albilegeant.com\/articles\/wp-json\/wp\/v2\/comments?post=16890"}],"version-history":[{"count":1,"href":"https:\/\/www.albilegeant.com\/articles\/wp-json\/wp\/v2\/posts\/16890\/revisions"}],"predecessor-version":[{"id":16892,"href":"https:\/\/www.albilegeant.com\/articles\/wp-json\/wp\/v2\/posts\/16890\/revisions\/16892"}],"wp:featuredmedia":[{"embeddable":true,"href":"https:\/\/www.albilegeant.com\/articles\/wp-json\/wp\/v2\/media\/16891"}],"wp:attachment":[{"href":"https:\/\/www.albilegeant.com\/articles\/wp-json\/wp\/v2\/media?parent=16890"}],"wp:term":[{"taxonomy":"category","embeddable":true,"href":"https:\/\/www.albilegeant.com\/articles\/wp-json\/wp\/v2\/categories?post=16890"},{"taxonomy":"post_tag","embeddable":true,"href":"https:\/\/www.albilegeant.com\/articles\/wp-json\/wp\/v2\/tags?post=16890"}],"curies":[{"name":"wp","href":"https:\/\/api.w.org\/{rel}","templated":true}]}}