{"id":16905,"date":"2023-06-16T12:27:31","date_gmt":"2023-06-16T16:27:31","guid":{"rendered":"https:\/\/www.albilegeant.com\/articles\/?p=16905"},"modified":"2023-06-16T12:27:33","modified_gmt":"2023-06-16T16:27:33","slug":"place-aux-nouvelles-mazda-suna","status":"publish","type":"post","link":"https:\/\/www.albilegeant.com\/articles\/blogue\/place-aux-nouvelles-mazda-suna\/","title":{"rendered":"Place aux nouvelles Mazda Suna"},"content":{"rendered":"\n<p>La salle de montre chez <a href=\"http:\/\/albimazda.com\" target=\"_blank\" rel=\"noreferrer noopener\" aria-label=\"ALBI Mazda (s\u2019ouvre dans un nouvel onglet)\">ALBI Mazda<\/a> recevra bient\u00f4t de nouveaux mod\u00e8les ou plut\u00f4t, de nouvelles \u00e9ditions des mod\u00e8les Mazda les plus populaires. Ces nouvelles versions appel\u00e9es Suna, offriront une nouvelle personnalit\u00e9 \u00e0 des mod\u00e8les d\u00e9j\u00e0 bien aim\u00e9s du public.<\/p>\n\n\n\n<p>Les mod\u00e8les touch\u00e9s auront une allure plus dynamique et plus radicale. Ils profiteront notamment d\u2019une nouvelle couleur de peinture, sable zircon m\u00e9tallis\u00e9, offrant des reflets uniques \u00e0 la lumi\u00e8re et une profondeur comme <a href=\"https:\/\/www.albilegeant.com\/articles\/blogue\/mazda-developpe-un-nouveau-blanc\/\">les nouvelles couleurs Mazda<\/a> le font.<\/p>\n\n\n\n<p>Les v\u00e9hicules auront aussi des \u00e9l\u00e9ments ext\u00e9rieurs noirs brillants, des jantes en alliage d\u2019aluminium noir m\u00e9tallique, ainsi que des r\u00e9troviseurs lat\u00e9raux et une calandre avant noir m\u00e9tallique.<\/p>\n\n\n\n<p>L\u2019int\u00e9rieur n\u2019\u00e9chappe pas aux changements, puisque de nouveaux mat\u00e9riaux et de nouvelles couleurs seront aussi \u00e0&nbsp;l\u2019honneur. Les versions Suna afficheront par exemple une sellerie de couleur terracotta avec des appliques de daim noires. Des surpiqures terracotta ajouteront encore plus de charme.<\/p>\n\n\n\n<h4 class=\"wp-block-heading\">Les Suna au Canada<\/h4>\n\n\n\n<p>Au Canada, quatre mod\u00e8les recevront le traitement Suna. Le mod\u00e8le 100% \u00e9lectrique de Mazda, le <a href=\"https:\/\/www.albilegeant.com\/articles\/blogue\/la-mazda-mx-30-nommee-citadine-electrique-de-lannee\/\">MX-30<\/a>, sera du nombre et conservera ses qualit\u00e9s m\u00e9caniques, sans changement.<\/p>\n\n\n\n<p>Trois autres mod\u00e8les offriront aussi la version Suna. Il s\u2019agit du <strong>Mazda CX-5<\/strong>, de la <strong>Mazda3 Sport<\/strong> et du <strong>CX-30<\/strong>. Dans tous les cas, les versions Suna seront jumel\u00e9es au moteur 4 cylindres 2,5 litres SkyActiv Turbo qui d\u00e9veloppe 256 chevaux et 320 livres-pieds de couple avec de l\u2019essence \u00e0 indice d\u2019octane 93. Autrement, avec du carburant r\u00e9gulier, la prestation est de 227 chevaux et 310 livres-pieds de couple. Une bo\u00eete automatique \u00e0 six rapports, rapide en enthousiaste, est jumel\u00e9e \u00e0 cette m\u00e9canique d\u00e9j\u00e0 connue.<\/p>\n\n\n\n<p>Pour le moment, les prix et les autres d\u00e9tails ne sont pas encore connus. Toutes les \u00e9ditions Suna seront offertes chez ALBI le G\u00e9ant comme mod\u00e8le 2024. Il faudra donc attendre un peu plus tard dans l\u2019ann\u00e9e pour en savoir davantage.<\/p>\n","protected":false},"excerpt":{"rendered":"<p>La salle de montre chez ALBI Mazda recevra bient\u00f4t de nouveaux mod\u00e8les ou plut\u00f4t, de nouvelles \u00e9ditions des mod\u00e8les Mazda les plus populaires. Ces nouvelles versions appel\u00e9es Suna, offriront une nouvelle personnalit\u00e9 \u00e0 des mod\u00e8les d\u00e9j\u00e0 bien aim\u00e9s du public. Les mod\u00e8les touch\u00e9s auront une allure plus dynamique et plus radicale. Ils profiteront notamment d\u2019une [&hellip;]<\/p>\n","protected":false},"author":5,"featured_media":16906,"comment_status":"closed","ping_status":"open","sticky":false,"template":"","format":"standard","meta":{"footnotes":""},"categories":[6],"tags":[],"class_list":["post-16905","post","type-post","status-publish","format-standard","has-post-thumbnail","hentry","category-blogue"],"_links":{"self":[{"href":"https:\/\/www.albilegeant.com\/articles\/wp-json\/wp\/v2\/posts\/16905","targetHints":{"allow":["GET"]}}],"collection":[{"href":"https:\/\/www.albilegeant.com\/articles\/wp-json\/wp\/v2\/posts"}],"about":[{"href":"https:\/\/www.albilegeant.com\/articles\/wp-json\/wp\/v2\/types\/post"}],"author":[{"embeddable":true,"href":"https:\/\/www.albilegeant.com\/articles\/wp-json\/wp\/v2\/users\/5"}],"replies":[{"embeddable":true,"href":"https:\/\/www.albilegeant.com\/articles\/wp-json\/wp\/v2\/comments?post=16905"}],"version-history":[{"count":1,"href":"https:\/\/www.albilegeant.com\/articles\/wp-json\/wp\/v2\/posts\/16905\/revisions"}],"predecessor-version":[{"id":16907,"href":"https:\/\/www.albilegeant.com\/articles\/wp-json\/wp\/v2\/posts\/16905\/revisions\/16907"}],"wp:featuredmedia":[{"embeddable":true,"href":"https:\/\/www.albilegeant.com\/articles\/wp-json\/wp\/v2\/media\/16906"}],"wp:attachment":[{"href":"https:\/\/www.albilegeant.com\/articles\/wp-json\/wp\/v2\/media?parent=16905"}],"wp:term":[{"taxonomy":"category","embeddable":true,"href":"https:\/\/www.albilegeant.com\/articles\/wp-json\/wp\/v2\/categories?post=16905"},{"taxonomy":"post_tag","embeddable":true,"href":"https:\/\/www.albilegeant.com\/articles\/wp-json\/wp\/v2\/tags?post=16905"}],"curies":[{"name":"wp","href":"https:\/\/api.w.org\/{rel}","templated":true}]}}