{"id":17061,"date":"2023-08-30T11:50:40","date_gmt":"2023-08-30T15:50:40","guid":{"rendered":"https:\/\/www.albilegeant.com\/articles\/?p=17061"},"modified":"2023-08-30T11:50:42","modified_gmt":"2023-08-30T15:50:42","slug":"voici-la-version-finale-du-kia-ev5","status":"publish","type":"post","link":"https:\/\/www.albilegeant.com\/articles\/blogue\/voici-la-version-finale-du-kia-ev5\/","title":{"rendered":"Voici la version finale du Kia EV5"},"content":{"rendered":"\n<p>On vous en a parl\u00e9 il y a quelque temps, mais cette fois, c\u2019est vrai.\u00a0Kia a profit\u00e9 du Salon de Chengdu en Chine pour d\u00e9voiler la version d\u00e9finitive de le <strong>Kia EV5<\/strong>. Il s&rsquo;agit d&rsquo;un nouveau VUS 100% \u00e9lectrique qui repr\u00e9sentera le constructeur dans le segment des v\u00e9hicules compacts. Il arrivera d\u2019abord en Chine et en Europe. Son arriv\u00e9e au Canada, et chez ALBI le G\u00e9ant, fait toujours l\u2019objet de sp\u00e9culations.<\/p>\n\n\n\n<p>Le nouveau <strong>Kia EV5<\/strong> sera commercialis\u00e9 dans le g\u00e9ant pays asiatique \u00e0 partir de l&rsquo;automne prochain. Soit \u00e0 peu pr\u00e8s en m\u00eame temps que le <strong><a href=\"https:\/\/www.albilegeant.com\/articles\/blogue\/plus-de-details-sur-le-kia-ev9-2024\/\">Kia EV9<\/a> <\/strong>qui fera ses d\u00e9buts sur le march\u00e9 canadien. Son design, comme on peut le constater en regardant les photos, est tr\u00e8s proche de celui du VUS \u00e9lectrique grand format. Avec un niveau d&rsquo;avant-gardisme plus recherch\u00e9, mais avec sa propre personnalit\u00e9.<\/p>\n\n\n\n<p>Ses phares ne sont qu\u2019une forme triangulaire minimaliste et sont parfaitement int\u00e9gr\u00e9s \u00e0 la face avant. Des bandes lumineuses s&rsquo;\u00e9l\u00e8vent et s&rsquo;\u00e9tendent sur la largeur de l\u2019avant en suivant la ligne du capot. Lui donnant une image plus reconnaissable. La grille d&rsquo;a\u00e9ration unique du <strong>Kia EV5<\/strong> est situ\u00e9e au bas du pare-chocs.<\/p>\n\n\n\n<p>La partie arri\u00e8re reprend le m\u00eame style avec un toit qui flotte au-dessus d&rsquo;un pare-brise inclin\u00e9. (Car oui, cela s\u2019appelle un toit flottant, parlez-en aux gens de Nissan.) Ainsi que des poign\u00e9es de porte encastr\u00e9es dans les panneaux, question d\u2019am\u00e9liorer l&rsquo;a\u00e9rodynamisme.\u00a0<\/p>\n\n\n\n<h3 class=\"wp-block-heading\">Un design minimaliste r\u00e9fl\u00e9chi<\/h3>\n\n\n\n<p>\u00c0 l&rsquo;int\u00e9rieur, le <strong>Kia EV5<\/strong> h\u00e9rite de l&rsquo;\u00e9norme arsenal technologique de ses grands fr\u00e8res, avec un grand \u00e9cran num\u00e9rique occupant un tableau de bord \u00e9pur\u00e9. Le minimalisme est \u00e9galement \u00e9vident dans le tunnel de transmission raccourci, laissant plus d&rsquo;espace aux places avant et arri\u00e8re. Avec seulement cinq places, il offrira un volume de coffre g\u00e9n\u00e9reux. Le <strong>Kia EV5<\/strong> dispose aussi d&rsquo;un \u00e9clairage d&rsquo;ambiance \u00e0 64 couleurs qui s&rsquo;adapte aux modes de conduite. Mais attention, il s\u2019illumine aussi lorsqu\u2019on d\u00e9passe les limites de vitesse!<\/p>\n\n\n\n<p>\u00c0 ce stade, les d\u00e9tails techniques sur sa motorisation n\u2019ont pas \u00e9t\u00e9 d\u00e9voil\u00e9s. Ils seront annonc\u00e9s par Kia dans les semaines \u00e0 venir. Ce que l&rsquo;on sait, c&rsquo;est qu&rsquo;il comprendra diff\u00e9rentes options de propulsion et une option plus sportive de transmission int\u00e9grale. Ainsi qu&rsquo;une batterie entre les essieux qui assurera une autonomie de plus de 500 kilom\u00e8tres, \u00e0 l\u2019instar de la <a href=\"https:\/\/www.albilegeant.com\/articles\/blogue\/le-kia-ev6-vus-de-lannee\/\"><strong>EV6<\/strong><\/a>.<\/p>\n\n\n\n<p>On ignore si le v\u00e9hicule sera offert chez <a href=\"http:\/\/albikia.com\" target=\"_blank\" rel=\"noreferrer noopener\" aria-label=\"ALBI Kia (s\u2019ouvre dans un nouvel onglet)\"><strong>ALBI Kia<\/strong><\/a>, mais on sait qu\u2019il aurait un vif succ\u00e8s!<\/p>\n","protected":false},"excerpt":{"rendered":"<p>On vous en a parl\u00e9 il y a quelque temps, mais cette fois, c\u2019est vrai.\u00a0Kia a profit\u00e9 du Salon de Chengdu en Chine pour d\u00e9voiler la version d\u00e9finitive de le Kia EV5. Il s&rsquo;agit d&rsquo;un nouveau VUS 100% \u00e9lectrique qui repr\u00e9sentera le constructeur dans le segment des v\u00e9hicules compacts. Il arrivera d\u2019abord en Chine et [&hellip;]<\/p>\n","protected":false},"author":5,"featured_media":17062,"comment_status":"closed","ping_status":"open","sticky":false,"template":"","format":"standard","meta":{"footnotes":""},"categories":[6],"tags":[],"class_list":["post-17061","post","type-post","status-publish","format-standard","has-post-thumbnail","hentry","category-blogue"],"_links":{"self":[{"href":"https:\/\/www.albilegeant.com\/articles\/wp-json\/wp\/v2\/posts\/17061","targetHints":{"allow":["GET"]}}],"collection":[{"href":"https:\/\/www.albilegeant.com\/articles\/wp-json\/wp\/v2\/posts"}],"about":[{"href":"https:\/\/www.albilegeant.com\/articles\/wp-json\/wp\/v2\/types\/post"}],"author":[{"embeddable":true,"href":"https:\/\/www.albilegeant.com\/articles\/wp-json\/wp\/v2\/users\/5"}],"replies":[{"embeddable":true,"href":"https:\/\/www.albilegeant.com\/articles\/wp-json\/wp\/v2\/comments?post=17061"}],"version-history":[{"count":1,"href":"https:\/\/www.albilegeant.com\/articles\/wp-json\/wp\/v2\/posts\/17061\/revisions"}],"predecessor-version":[{"id":17063,"href":"https:\/\/www.albilegeant.com\/articles\/wp-json\/wp\/v2\/posts\/17061\/revisions\/17063"}],"wp:featuredmedia":[{"embeddable":true,"href":"https:\/\/www.albilegeant.com\/articles\/wp-json\/wp\/v2\/media\/17062"}],"wp:attachment":[{"href":"https:\/\/www.albilegeant.com\/articles\/wp-json\/wp\/v2\/media?parent=17061"}],"wp:term":[{"taxonomy":"category","embeddable":true,"href":"https:\/\/www.albilegeant.com\/articles\/wp-json\/wp\/v2\/categories?post=17061"},{"taxonomy":"post_tag","embeddable":true,"href":"https:\/\/www.albilegeant.com\/articles\/wp-json\/wp\/v2\/tags?post=17061"}],"curies":[{"name":"wp","href":"https:\/\/api.w.org\/{rel}","templated":true}]}}