{"id":17272,"date":"2023-11-07T16:56:28","date_gmt":"2023-11-07T21:56:28","guid":{"rendered":"https:\/\/www.albilegeant.com\/articles\/?p=17272"},"modified":"2023-11-07T16:56:31","modified_gmt":"2023-11-07T21:56:31","slug":"volvo-ex30-5-choses-a-savoir","status":"publish","type":"post","link":"https:\/\/www.albilegeant.com\/articles\/blogue\/volvo-ex30-5-choses-a-savoir\/","title":{"rendered":"Volvo EX30 : 5 choses \u00e0 savoir"},"content":{"rendered":"\n<p>Le <strong>Volvo EX30<\/strong> est le tout nouveau VUS sous-compact \u00e9lectrique de la marque su\u00e9doise. Il arrive chez votre concessionnaire <strong>ALBI Volvo<\/strong> d\u2019ici quelques mois, soit au milieu de l\u2019ann\u00e9e 2024, incluant une foule de caract\u00e9ristiques et de technologies innovantes. <\/p>\n\n\n\n<p>On sait qu\u2019on vous en a d\u00e9j\u00e0 parl\u00e9, mais histoire de vous mettre l\u2019eau \u00e0 la bouche, voici cinq choses importantes \u00e0 savoir sur ce nouveau mod\u00e8le.<\/p>\n\n\n\n<h3 class=\"wp-block-heading\">1. Le Volvo EX30 est abordable<\/h3>\n\n\n\n<p>Le <strong>Volvo EX30<\/strong> est le <a href=\"https:\/\/www.albilegeant.com\/articles\/blogue\/volvo-ex30-petit-mais-surprenant\/\">VUS \u00e9lectrique de luxe le plus abordable du march\u00e9 canadien<\/a>. Les prix commencent \u00e0 partir de 53 990 $ pour la version de base, et peuvent atteindre 62 100 $ pour la version Ultra. Ces prix ne comprennent pas les rabais gouvernementaux applicables.<\/p>\n\n\n\n<h3 class=\"wp-block-heading\">2. L&rsquo;EX30 est spacieux<\/h3>\n\n\n\n<p>L&rsquo;<strong>EX30<\/strong> est un VUS compact, mais il offre un espace int\u00e9rieur g\u00e9n\u00e9reux pour les passagers et les bagages. Le volume de chargement est de 423 litres avec les si\u00e8ges arri\u00e8re en place, et de 903 litres avec les si\u00e8ges rabattus.<\/p>\n\n\n\n<h3 class=\"wp-block-heading\">3. Le Volvo EX30 est performant<\/h3>\n\n\n\n<p>L&rsquo;<strong>EX30<\/strong> est disponible avec deux options de motorisation \u00e9lectrique : un moteur \u00e9lectrique de 272 ch et 330 lb-pi de couple, qui permet au VUS d&rsquo;acc\u00e9l\u00e9rer de 0 \u00e0 100 km\/h en 5,7 secondes et un moteur \u00e9lectrique de 428 ch et 502 lb-pi de couple, qui permet au VUS d&rsquo;acc\u00e9l\u00e9rer de 0 \u00e0 100 km\/h en 3,6 secondes.<\/p>\n\n\n\n<h3 class=\"wp-block-heading\">4. L&rsquo;EX30 est \u00e9coresponsable<\/h3>\n\n\n\n<p>Le <strong>Volvo EX30<\/strong> est un VUS tr\u00e8s \u00e9coresponsable. Il est \u00e9quip\u00e9 d&rsquo;une batterie lithium-ion de 69 kWh, qui offre une autonomie de 442 kilom\u00e8tres, selon les pr\u00e9visions.<\/p>\n\n\n\n<h3 class=\"wp-block-heading\">5. C&rsquo;est un Volvo, il est donc s\u00e9curitaire<\/h3>\n\n\n\n<p>Comme pour tous les v\u00e9hicules Volvo, la s\u00e9curit\u00e9 a \u00e9t\u00e9 au c\u0153ur de son d\u00e9veloppement. Ainsi, le <strong>Volvo EX30<\/strong> est \u00e9quip\u00e9 de nombreuses technologies de s\u00e9curit\u00e9 de pointe, notamment :<\/p>\n\n\n\n<p>Le syst\u00e8me de freinage automatique d&rsquo;urgence avec d\u00e9tection\ndes pi\u00e9tons et des cyclistes, e syst\u00e8me de maintien de voie, le syst\u00e8me de\nsurveillance des angles morts et le syst\u00e8me d&rsquo;alerte de trafic transversal\narri\u00e8re<\/p>\n\n\n\n<p>Le <strong>Volvo EX30<\/strong> est un VUS \u00e9lectrique compact qui offre une foule de caract\u00e9ristiques et de technologies innovantes. Il est abordable, spacieux, performant, \u00e9coresponsable et \u00e9quip\u00e9 de nombreuses technologies de s\u00e9curit\u00e9. Si vous recherchez un VUS \u00e9lectrique de luxe qui offre un excellent rapport qualit\u00e9-prix, le <strong>Volvo EX30<\/strong> est une excellente option \u00e0 consid\u00e9rer. Avez-vous r\u00e9serv\u00e9 le v\u00f4tre chez <a href=\"http:\/\/albivolvo.com\" target=\"_blank\" rel=\"noreferrer noopener\" aria-label=\"ALBI Volvo Ste-Agathe (s\u2019ouvre dans un nouvel onglet)\">ALBI Volvo Ste-Agathe<\/a>?<\/p>\n","protected":false},"excerpt":{"rendered":"<p>Le Volvo EX30 est le tout nouveau VUS sous-compact \u00e9lectrique de la marque su\u00e9doise. Il arrive chez votre concessionnaire ALBI Volvo d\u2019ici quelques mois, soit au milieu de l\u2019ann\u00e9e 2024, incluant une foule de caract\u00e9ristiques et de technologies innovantes. On sait qu\u2019on vous en a d\u00e9j\u00e0 parl\u00e9, mais histoire de vous mettre l\u2019eau \u00e0 la [&hellip;]<\/p>\n","protected":false},"author":5,"featured_media":17273,"comment_status":"closed","ping_status":"open","sticky":false,"template":"","format":"standard","meta":{"footnotes":""},"categories":[6],"tags":[],"class_list":["post-17272","post","type-post","status-publish","format-standard","has-post-thumbnail","hentry","category-blogue"],"_links":{"self":[{"href":"https:\/\/www.albilegeant.com\/articles\/wp-json\/wp\/v2\/posts\/17272","targetHints":{"allow":["GET"]}}],"collection":[{"href":"https:\/\/www.albilegeant.com\/articles\/wp-json\/wp\/v2\/posts"}],"about":[{"href":"https:\/\/www.albilegeant.com\/articles\/wp-json\/wp\/v2\/types\/post"}],"author":[{"embeddable":true,"href":"https:\/\/www.albilegeant.com\/articles\/wp-json\/wp\/v2\/users\/5"}],"replies":[{"embeddable":true,"href":"https:\/\/www.albilegeant.com\/articles\/wp-json\/wp\/v2\/comments?post=17272"}],"version-history":[{"count":1,"href":"https:\/\/www.albilegeant.com\/articles\/wp-json\/wp\/v2\/posts\/17272\/revisions"}],"predecessor-version":[{"id":17274,"href":"https:\/\/www.albilegeant.com\/articles\/wp-json\/wp\/v2\/posts\/17272\/revisions\/17274"}],"wp:featuredmedia":[{"embeddable":true,"href":"https:\/\/www.albilegeant.com\/articles\/wp-json\/wp\/v2\/media\/17273"}],"wp:attachment":[{"href":"https:\/\/www.albilegeant.com\/articles\/wp-json\/wp\/v2\/media?parent=17272"}],"wp:term":[{"taxonomy":"category","embeddable":true,"href":"https:\/\/www.albilegeant.com\/articles\/wp-json\/wp\/v2\/categories?post=17272"},{"taxonomy":"post_tag","embeddable":true,"href":"https:\/\/www.albilegeant.com\/articles\/wp-json\/wp\/v2\/tags?post=17272"}],"curies":[{"name":"wp","href":"https:\/\/api.w.org\/{rel}","templated":true}]}}