{"id":17287,"date":"2023-11-15T14:03:30","date_gmt":"2023-11-15T19:03:30","guid":{"rendered":"https:\/\/www.albilegeant.com\/articles\/?p=17287"},"modified":"2023-11-15T14:03:32","modified_gmt":"2023-11-15T19:03:32","slug":"le-gv80-restyle-et-le-gv80-coupe-devoiles","status":"publish","type":"post","link":"https:\/\/www.albilegeant.com\/articles\/blogue\/le-gv80-restyle-et-le-gv80-coupe-devoiles\/","title":{"rendered":"Le GV80 restyl\u00e9 et le GV80 coup\u00e9 d\u00e9voil\u00e9s"},"content":{"rendered":"\n<p>Genesis, la marque de luxe cor\u00e9enne, a d\u00e9voil\u00e9 ses nouveaux VUS lors du Salon de l&rsquo;Auto de Los Angeles. L&rsquo;occasion pour la marque de pr\u00e9senter le GV80 restyl\u00e9, ainsi que sa version coup\u00e9, une nouvelle variante plus sportive.<\/p>\n\n\n\n<h3 class=\"wp-block-heading\">Le GV80 restyl\u00e9 : un luxe raffin\u00e9<\/h3>\n\n\n\n<p>Le GV80 restyl\u00e9 conserve les deux motorisations disponibles sur le mod\u00e8le actuel, \u00e0 savoir un moteur 2,5 litres turbo de 300 chevaux et un moteur 3,5 litres biturbo de 375 chevaux. En revanche, l&rsquo;ext\u00e9rieur a \u00e9t\u00e9 l\u00e9g\u00e8rement modernis\u00e9.<\/p>\n\n\n\n<p>La partie avant a \u00e9t\u00e9 redessin\u00e9e, avec des phares \u00e0 deux\nrang\u00e9es red\u00e9finis et une calandre l\u00e9g\u00e8rement remani\u00e9e. Ces modifications\ndonnent au GV80 un look plus \u00e9l\u00e9gant et raffin\u00e9.<\/p>\n\n\n\n<p>On note \u00e9galement de nouveaux designs de jantes, une moulure\nchrom\u00e9e entourant le v\u00e9hicule et des entr\u00e9es d&rsquo;air avant redessin\u00e9es.<\/p>\n\n\n\n<p>L&rsquo;habitacle du GV80 restyl\u00e9 a \u00e9t\u00e9 mis \u00e0 jour de mani\u00e8re plus\nsignificative. Genesis a pouss\u00e9 le luxe jusqu&rsquo;au moindre d\u00e9tail, en repensant\nnotamment la bo\u00eete \u00e0 gants et en proposant de nouveaux mat\u00e9riaux, notamment un\nvolant bicolore.<\/p>\n\n\n\n<p>La pi\u00e8ce ma\u00eetresse de l&rsquo;habitacle est l&rsquo;\u00e9cran OLED de 27 pouces qui traverse le tableau de bord. Il affiche toutes les informations de conduite et de divertissement dans un design horizontal plus raffin\u00e9, qui rappelle celui du <a href=\"https:\/\/www.genesislaval.ca\/fr\/models\/luxury-suv-genesis\/gv60\/overview\" target=\"_blank\" rel=\"noreferrer noopener\" aria-label=\"GV60 (s\u2019ouvre dans un nouvel onglet)\">GV60<\/a>.<\/p>\n\n\n\n<h3 class=\"wp-block-heading\">Le GV80 coup\u00e9 : une allure plus dynamique<\/h3>\n\n\n\n<p>Le GV80 coup\u00e9, qui arrivera plus tard en 2024, reprend\nl&rsquo;essentiel du design avant du VUS standard, mais propose une ligne de toit\ndescendante qui lui conf\u00e8re une allure plus dynamique.<\/p>\n\n\n\n<p>Le VUS partage \u00e9galement la plateforme du GV80, ainsi que\nson esth\u00e9tique int\u00e9rieure. La principale diff\u00e9rence se trouve sous le capot.<\/p>\n\n\n\n<p>En effet, le coup\u00e9 est un peu plus puissant que son fr\u00e8re\ntraditionnel gr\u00e2ce \u00e0 l&rsquo;ajout d&rsquo;un turbocompresseur \u00e9lectrique de 48 volts au\nmoteur 3,5 litres. Cette hybridation l\u00e9g\u00e8re permet au coup\u00e9 d&rsquo;offrir jusqu&rsquo;\u00e0\n409 chevaux de puissance.<\/p>\n\n\n\n<h3 class=\"wp-block-heading\">Une gamme de VUS compl\u00e8te<\/h3>\n\n\n\n<p>Avec le GV80 restyl\u00e9 et le GV80 coup\u00e9, Genesis propose d\u00e9sormais une gamme de VUS compl\u00e8te, allant du petit <a href=\"https:\/\/www.albilegeant.com\/articles\/blogue\/tout-ce-quil-faut-savoir-du-genesis-gv70-electrifie\/\">GV70<\/a> au grand GV80. Ces deux nouveaux mod\u00e8les viennent renforcer une offre d\u00e9j\u00e0 attractive, qui sera disponible chez ALBI Genesis Laval en 2024.<\/p>\n\n\n\n<h3 class=\"wp-block-heading\">Conclusion<\/h3>\n\n\n\n<p>Le restyl\u00e9 et le coup\u00e9 sont deux nouveaux VUS qui viennent enrichir la gamme de Genesis. Le premier est un SUV de luxe raffin\u00e9, tandis que le second est un VUS sportif plus dynamique. Ces deux mod\u00e8les, qui arriveront en 20245 chez <a rel=\"noreferrer noopener\" aria-label=\"ALBI Genesis (s\u2019ouvre dans un nouvel onglet)\" href=\"http:\/\/genesislaval.ca\" target=\"_blank\">ALBI Genesis<\/a>, devraient s\u00e9duire une client\u00e8le vari\u00e9e, \u00e0 la recherche d&rsquo;un v\u00e9hicule luxueux et performant.<\/p>\n","protected":false},"excerpt":{"rendered":"<p>Genesis, la marque de luxe cor\u00e9enne, a d\u00e9voil\u00e9 ses nouveaux VUS lors du Salon de l&rsquo;Auto de Los Angeles. L&rsquo;occasion pour la marque de pr\u00e9senter le GV80 restyl\u00e9, ainsi que sa version coup\u00e9, une nouvelle variante plus sportive. Le GV80 restyl\u00e9 : un luxe raffin\u00e9 Le GV80 restyl\u00e9 conserve les deux motorisations disponibles sur le [&hellip;]<\/p>\n","protected":false},"author":5,"featured_media":17288,"comment_status":"closed","ping_status":"open","sticky":false,"template":"","format":"standard","meta":{"footnotes":""},"categories":[6],"tags":[],"class_list":["post-17287","post","type-post","status-publish","format-standard","has-post-thumbnail","hentry","category-blogue"],"_links":{"self":[{"href":"https:\/\/www.albilegeant.com\/articles\/wp-json\/wp\/v2\/posts\/17287","targetHints":{"allow":["GET"]}}],"collection":[{"href":"https:\/\/www.albilegeant.com\/articles\/wp-json\/wp\/v2\/posts"}],"about":[{"href":"https:\/\/www.albilegeant.com\/articles\/wp-json\/wp\/v2\/types\/post"}],"author":[{"embeddable":true,"href":"https:\/\/www.albilegeant.com\/articles\/wp-json\/wp\/v2\/users\/5"}],"replies":[{"embeddable":true,"href":"https:\/\/www.albilegeant.com\/articles\/wp-json\/wp\/v2\/comments?post=17287"}],"version-history":[{"count":1,"href":"https:\/\/www.albilegeant.com\/articles\/wp-json\/wp\/v2\/posts\/17287\/revisions"}],"predecessor-version":[{"id":17289,"href":"https:\/\/www.albilegeant.com\/articles\/wp-json\/wp\/v2\/posts\/17287\/revisions\/17289"}],"wp:featuredmedia":[{"embeddable":true,"href":"https:\/\/www.albilegeant.com\/articles\/wp-json\/wp\/v2\/media\/17288"}],"wp:attachment":[{"href":"https:\/\/www.albilegeant.com\/articles\/wp-json\/wp\/v2\/media?parent=17287"}],"wp:term":[{"taxonomy":"category","embeddable":true,"href":"https:\/\/www.albilegeant.com\/articles\/wp-json\/wp\/v2\/categories?post=17287"},{"taxonomy":"post_tag","embeddable":true,"href":"https:\/\/www.albilegeant.com\/articles\/wp-json\/wp\/v2\/tags?post=17287"}],"curies":[{"name":"wp","href":"https:\/\/api.w.org\/{rel}","templated":true}]}}