{"id":17291,"date":"2023-11-27T13:20:06","date_gmt":"2023-11-27T18:20:06","guid":{"rendered":"https:\/\/www.albilegeant.com\/articles\/?p=17291"},"modified":"2023-11-27T13:22:05","modified_gmt":"2023-11-27T18:22:05","slug":"les-kia-ev3-et-ev4-seront-vendus-au-canada","status":"publish","type":"post","link":"https:\/\/www.albilegeant.com\/articles\/blogue\/les-kia-ev3-et-ev4-seront-vendus-au-canada\/","title":{"rendered":"Les Kia EV3 et EV4 seront vendus au Canada"},"content":{"rendered":"\n<p>On les a vus il y a quelque temps au Salon de l\u2019Auto de Los Angeles. C\u2019est confirm\u00e9 que les Kia EV3 et <a href=\"https:\/\/www.albilegeant.com\/articles\/blogue\/kia-devoile-ses-ev3-et-ev4\/\">EV4<\/a> seront disponibles au Canada, et bient\u00f4t offerts chez ALBI le G\u00e9ant.<\/p>\n\n\n\n<p>Le EV3 est un VUS sous-compact, tandis que la EV4 est une voiture \u00e0 hayon. Les deux voitures sont bas\u00e9es sur la nouvelle plateforme E-GMP de Kia, \u00e9galement utilis\u00e9e pour les EV6 et EV9.<\/p>\n\n\n\n<p>Les EV3 et EV4 devraient faire leur entr\u00e9e chez nous \u00e0 la fin de l&rsquo;ann\u00e9e 2024. Kia n&rsquo;a pas encore communiqu\u00e9 de d\u00e9tails sp\u00e9cifiques sur les mod\u00e8les de sp\u00e9cifications canadiennes. On s&rsquo;attend \u00e0 ce qu&rsquo;ils soient similaires aux versions mondiales.<\/p>\n\n\n\n<h3 class=\"wp-block-heading\">Kia EV3<\/h3>\n\n\n\n<p>Le EV3 est un VUS sous-compact \u00e9l\u00e9gant et pratique, parfait pour les citadins. Il a une autonomie de plus de 400 kilom\u00e8tres. Recharg\u00e9 de 10 \u00e0 80 % en moins de 30 minutes \u00e0 l&rsquo;aide d&rsquo;un chargeur rapide \u00e0 courant continu, il utilise la plateforme de 800 volts partag\u00e9e avec le <a href=\"https:\/\/www.albilegeant.com\/articles\/blogue\/le-kia-ev6-vus-de-lannee\/\">EV6<\/a>.<\/p>\n\n\n\n<p>L&rsquo;int\u00e9rieur de l&rsquo;EV3 est spacieux et peut accueillir confortablement cinq passagers. Il dispose \u00e9galement d&rsquo;un grand espace de chargement qui peut \u00eatre agrandi en rabattant les si\u00e8ges arri\u00e8re.<\/p>\n\n\n\n<h3 class=\"wp-block-heading\">Kia EV4<\/h3>\n\n\n\n<p>La EV4 est une voiture \u00e0 hayon \u00e9l\u00e9gante, mais au look d\u00e9finitivement plus sportif. Elle a une autonomie de plus de 500 kilom\u00e8tres (mais le tout reste \u00e0 confirmer) et peut aussi \u00eatre recharg\u00e9e de 10 \u00e0 80 % en moins de 30 minutes \u00e0 l&rsquo;aide d&rsquo;un chargeur rapide \u00e0 courant continu.<\/p>\n\n\n\n<p>L&rsquo;int\u00e9rieur de la EV4 est \u00e9l\u00e9gant et le poste de pilotage est ax\u00e9 sur le conducteur. Elle dispose \u00e9galement d&rsquo;un grand espace de chargement qui peut \u00eatre agrandi en rabattant les si\u00e8ges arri\u00e8re.<\/p>\n\n\n\n<p>Vous l\u2019aurez compris, on a bien d\u2019accueillir ces nouveaux venus chez nous. D\u00e9j\u00e0, l&rsquo;EV6 connait un succ\u00e8s retentissant. La venue du <a href=\"https:\/\/www.albilegeant.com\/articles\/blogue\/plus-de-details-sur-le-kia-ev9-2024\/\">EV9<\/a>, un grand VUS 7 passagers, confirme aussi la volont\u00e9 de Kia de s\u2019imposer dans le monde de l\u2019\u00e9lectrique.<\/p>\n\n\n\n<p>Mais avec ces deux v\u00e9hicules, plus petits et plus abordables, on ouvre la porte toute grande \u00e0 ceux qui h\u00e9sitaient encore \u00e0 faire le saut \u00e0 l\u2019\u00e9lectrique. Passez nous voir chez<a href=\"http:\/\/albikia.com\" target=\"_blank\" rel=\"noreferrer noopener\" aria-label=\" ALBI Kia (s\u2019ouvre dans un nouvel onglet)\"> ALBI Kia<\/a>, on pourra vous donner plus de d\u00e9tails.<\/p>\n","protected":false},"excerpt":{"rendered":"<p>On les a vus il y a quelque temps au Salon de l\u2019Auto de Los Angeles. C\u2019est confirm\u00e9 que les Kia EV3 et EV4 seront disponibles au Canada, et bient\u00f4t offerts chez ALBI le G\u00e9ant. Le EV3 est un VUS sous-compact, tandis que la EV4 est une voiture \u00e0 hayon. Les deux voitures sont bas\u00e9es [&hellip;]<\/p>\n","protected":false},"author":5,"featured_media":17292,"comment_status":"closed","ping_status":"open","sticky":false,"template":"","format":"standard","meta":{"footnotes":""},"categories":[6],"tags":[],"class_list":["post-17291","post","type-post","status-publish","format-standard","has-post-thumbnail","hentry","category-blogue"],"_links":{"self":[{"href":"https:\/\/www.albilegeant.com\/articles\/wp-json\/wp\/v2\/posts\/17291","targetHints":{"allow":["GET"]}}],"collection":[{"href":"https:\/\/www.albilegeant.com\/articles\/wp-json\/wp\/v2\/posts"}],"about":[{"href":"https:\/\/www.albilegeant.com\/articles\/wp-json\/wp\/v2\/types\/post"}],"author":[{"embeddable":true,"href":"https:\/\/www.albilegeant.com\/articles\/wp-json\/wp\/v2\/users\/5"}],"replies":[{"embeddable":true,"href":"https:\/\/www.albilegeant.com\/articles\/wp-json\/wp\/v2\/comments?post=17291"}],"version-history":[{"count":2,"href":"https:\/\/www.albilegeant.com\/articles\/wp-json\/wp\/v2\/posts\/17291\/revisions"}],"predecessor-version":[{"id":17294,"href":"https:\/\/www.albilegeant.com\/articles\/wp-json\/wp\/v2\/posts\/17291\/revisions\/17294"}],"wp:featuredmedia":[{"embeddable":true,"href":"https:\/\/www.albilegeant.com\/articles\/wp-json\/wp\/v2\/media\/17292"}],"wp:attachment":[{"href":"https:\/\/www.albilegeant.com\/articles\/wp-json\/wp\/v2\/media?parent=17291"}],"wp:term":[{"taxonomy":"category","embeddable":true,"href":"https:\/\/www.albilegeant.com\/articles\/wp-json\/wp\/v2\/categories?post=17291"},{"taxonomy":"post_tag","embeddable":true,"href":"https:\/\/www.albilegeant.com\/articles\/wp-json\/wp\/v2\/tags?post=17291"}],"curies":[{"name":"wp","href":"https:\/\/api.w.org\/{rel}","templated":true}]}}