{"id":17352,"date":"2023-12-18T15:14:42","date_gmt":"2023-12-18T20:14:42","guid":{"rendered":"https:\/\/www.albilegeant.com\/articles\/?p=17352"},"modified":"2023-12-18T15:14:45","modified_gmt":"2023-12-18T20:14:45","slug":"genesis-devoile-une-version-plus-sportive-de-la-g80","status":"publish","type":"post","link":"https:\/\/www.albilegeant.com\/articles\/blogue\/genesis-devoile-une-version-plus-sportive-de-la-g80\/","title":{"rendered":"Genesis d\u00e9voile une version plus sportive de la G80"},"content":{"rendered":"\n<p>C\u2019est lors d\u2019un \u00e9v\u00e9nement outremer que Genesis a d\u00e9voil\u00e9 le design de sa G80, rafra\u00eechie pour 2024. Ce changement de mi-cycle, pr\u00e8s de quatre ans apr\u00e8s ses d\u00e9buts, injecte une dose d&rsquo;\u00e9l\u00e9gance et d&rsquo;athl\u00e9tisme \u00e0 la G80.<\/p>\n\n\n\n<h3 class=\"wp-block-heading\">Un nouveau design<\/h3>\n\n\n\n<p>Un comme <a href=\"https:\/\/www.albilegeant.com\/articles\/blogue\/le-gv80-restyle-et-le-gv80-coupe-devoiles\/\">les VUS GV80 d\u00e9voil\u00e9s en sol am\u00e9ricain au Salon de l\u2019auto de Los Angeles<\/a>, l&rsquo;avant de la G80 est domin\u00e9 par une nouvelle calandre \u00e0 double maille. La technologie MLA (Micro Lens Array) est int\u00e9gr\u00e9e dans les phares, ce qui permet un \u00e9clairage distinctif et plus puissant. Cette technologie novatrice assure un \u00e9clairage impressionnant \u00e0 partir de lampes plus petites.<\/p>\n\n\n\n<p>Le profil lat\u00e9ral est orn\u00e9 de jantes de 20 pouces \u00e0 5 doubles rayons, qui ressemblent \u00e0 des h\u00e9lices d&rsquo;avion. &nbsp;\u00c0 l&rsquo;arri\u00e8re, un silencieux de type cach\u00e9 int\u00e9gr\u00e9 au diffuseur cr\u00e9e une apparence a\u00e9rodynamique et \u00e9l\u00e9gante, soulignant le caract\u00e8re haut de gamme de la G80.<\/p>\n\n\n\n<p>\u00c0 l\u2019int\u00e9rieur, on marie la qualit\u00e9 d\u2019assemblage et le modernisme qui a toujours caract\u00e9ris\u00e9 Genesis \u00e0 l\u2019abondance de technologie. Ainsi, un \u00e9cran panoramique int\u00e9gr\u00e9 de 27 pouces occupe le haut de la planche de bord offrant un acc\u00e8s aux informations et aux divertissements.&nbsp;<\/p>\n\n\n\n<p>Pour ceux qui recherchent un peu plus d&rsquo;adr\u00e9naline, Genesis a \u00e9galement d\u00e9voil\u00e9 l&rsquo;ensemble sport de la G80. Cet ensemble comprend des \u00e9l\u00e9ments de design, dont un pare-chocs avant et des jupes lat\u00e9rales plus sportifs, qui le distinguent du mod\u00e8le standard.<\/p>\n\n\n\n<p>\u00c9videmment, les m\u00e9caniques n\u2019ont pas \u00e9t\u00e9 modifi\u00e9es. Les motorisations existantes, soit \u00e0 essence ou \u00e9lectriques, comblent d\u00e9j\u00e0 les besoins des amateurs. Comme en t\u00e9moigne le choix de la G80 parmi les finalistes de <a href=\"http:\/\/V\u00e9hicules de l\u2019ann\u00e9e 2024 : les demi-finalistes annonc\u00e9s\">la Voiture canadienne de l\u2019ann\u00e9e par l\u2019AJAC<\/a>.<\/p>\n\n\n\n<p>La Genesis G80 l\u00e9g\u00e8rement redessin\u00e9 fera son entr\u00e9e chez <a href=\"http:\/\/genesislaval.ca\" target=\"_blank\" rel=\"noreferrer noopener\" aria-label=\"Genesis Laval (s\u2019ouvre dans un nouvel onglet)\">Genesis Laval<\/a> au cours des prochains mois.<\/p>\n","protected":false},"excerpt":{"rendered":"<p>C\u2019est lors d\u2019un \u00e9v\u00e9nement outremer que Genesis a d\u00e9voil\u00e9 le design de sa G80, rafra\u00eechie pour 2024. Ce changement de mi-cycle, pr\u00e8s de quatre ans apr\u00e8s ses d\u00e9buts, injecte une dose d&rsquo;\u00e9l\u00e9gance et d&rsquo;athl\u00e9tisme \u00e0 la G80. Un nouveau design Un comme les VUS GV80 d\u00e9voil\u00e9s en sol am\u00e9ricain au Salon de l\u2019auto de Los [&hellip;]<\/p>\n","protected":false},"author":5,"featured_media":17353,"comment_status":"closed","ping_status":"open","sticky":false,"template":"","format":"standard","meta":{"footnotes":""},"categories":[6],"tags":[],"class_list":["post-17352","post","type-post","status-publish","format-standard","has-post-thumbnail","hentry","category-blogue"],"_links":{"self":[{"href":"https:\/\/www.albilegeant.com\/articles\/wp-json\/wp\/v2\/posts\/17352","targetHints":{"allow":["GET"]}}],"collection":[{"href":"https:\/\/www.albilegeant.com\/articles\/wp-json\/wp\/v2\/posts"}],"about":[{"href":"https:\/\/www.albilegeant.com\/articles\/wp-json\/wp\/v2\/types\/post"}],"author":[{"embeddable":true,"href":"https:\/\/www.albilegeant.com\/articles\/wp-json\/wp\/v2\/users\/5"}],"replies":[{"embeddable":true,"href":"https:\/\/www.albilegeant.com\/articles\/wp-json\/wp\/v2\/comments?post=17352"}],"version-history":[{"count":1,"href":"https:\/\/www.albilegeant.com\/articles\/wp-json\/wp\/v2\/posts\/17352\/revisions"}],"predecessor-version":[{"id":17354,"href":"https:\/\/www.albilegeant.com\/articles\/wp-json\/wp\/v2\/posts\/17352\/revisions\/17354"}],"wp:featuredmedia":[{"embeddable":true,"href":"https:\/\/www.albilegeant.com\/articles\/wp-json\/wp\/v2\/media\/17353"}],"wp:attachment":[{"href":"https:\/\/www.albilegeant.com\/articles\/wp-json\/wp\/v2\/media?parent=17352"}],"wp:term":[{"taxonomy":"category","embeddable":true,"href":"https:\/\/www.albilegeant.com\/articles\/wp-json\/wp\/v2\/categories?post=17352"},{"taxonomy":"post_tag","embeddable":true,"href":"https:\/\/www.albilegeant.com\/articles\/wp-json\/wp\/v2\/tags?post=17352"}],"curies":[{"name":"wp","href":"https:\/\/api.w.org\/{rel}","templated":true}]}}